{"id":58718,"date":"2023-01-31T11:00:45","date_gmt":"2023-01-31T10:00:45","guid":{"rendered":"https:\/\/miradordeatarfe.es\/?p=58718"},"modified":"2023-10-21T20:23:27","modified_gmt":"2023-10-21T18:23:27","slug":"58718","status":"publish","type":"post","link":"https:\/\/miradordeatarfe.es\/?p=58718","title":{"rendered":"ATARFE\u00d1OS DEL MUNDO DE LA CIENCIA: Ra\u00fal P\u00e9rez-Jim\u00e9nez. Por Jos\u00e9 Enrique Granados"},"content":{"rendered":"<div class=\"\" dir=\"auto\">\n<div id=\"jsc_c_6c9\" class=\"x1iorvi4 x1pi30zi x1l90r2v x1swvt13\" data-ad-comet-preview=\"message\" data-ad-preview=\"message\">\n<div class=\"x78zum5 xdt5ytf xz62fqu x16ldp7u\">\n<div class=\"xu06os2 x1ok221b\">\n<div class=\"x11i5rnm xat24cr x1mh8g0r x1vvkbs xdj266r x126k92a\">\n<h3 dir=\"auto\" style=\"text-align: justify;\">Lo primero que hago todos los d\u00edas, apenas me levanto es encender la radio. Mientras preparo y disfruto del primer caf\u00e9, oigo las noticias que, como un mantra, se repetir\u00e1n a los largo del d\u00eda en los diferentes noticieros. A la vez, miro en internet los titulares de las principales cabeceras nacionales y por supuesto, las locales.<\/h3>\n<\/div>\n<div class=\"x11i5rnm xat24cr x1mh8g0r x1vvkbs xtlvy1s x126k92a\">\n<div dir=\"auto\" style=\"text-align: justify;\">Hace unos d\u00edas, esa rutina se vio mediatizada al o\u00edr y leer pr\u00e1cticamente a la vez, el descubrimiento efectuado por un equipo de cient\u00edficos espa\u00f1oles quienes con su investigaci\u00f3n hab\u00edan \u201cresucitado\u201d prote\u00ednas de hace millones de a\u00f1os, para combatir enfermedades actuales.<\/div>\n<div dir=\"auto\" style=\"text-align: justify;\">\u00a0<\/div>\n<\/div>\n<div class=\"x11i5rnm xat24cr x1mh8g0r x1vvkbs xtlvy1s x126k92a\" style=\"text-align: justify;\">\n<div dir=\"auto\">El estudio internacional liderado por cient\u00edficos espa\u00f1oles se hab\u00eda publicado en la revista Nature Microbiology y sus resultados, abr\u00edan nuevas v\u00edas en la manipulaci\u00f3n de ADN y en el tratamiento de enfermedades como el c\u00e1ncer o la diabetes.En el estudio se reconstruye por primera vez ancestros del conocido sistema CRISPR-Cas de hace 2.600 millones de a\u00f1os y su evoluci\u00f3n en el tiempo. El acr\u00f3nimo CRISPR es el nombre de unas secuencias repetitivas presentes en el ADN de bacterias y otros organismos procariotas (arqueas). Entre las repeticiones existen fragmentos de material gen\u00e9tico de virus que han infectado a sus antepasados, lo que les permiten reconocer si se repite la infecci\u00f3n y defenderse cortando el ADN de los invasores mediante prote\u00ednas Cas asociadas a estas repeticiones. Se trata de un mecanismo (sistema CRISPR-Cas) de defensa antiviral.<\/div>\n<\/div>\n<div class=\"x11i5rnm xat24cr x1mh8g0r x1vvkbs xtlvy1s x126k92a\" style=\"text-align: justify;\">\n<div dir=\"auto\">\u00a0<\/div>\n<\/div>\n<div class=\"x11i5rnm xat24cr x1mh8g0r x1vvkbs xtlvy1s x126k92a\" style=\"text-align: justify;\">\n<div dir=\"auto\">Esta habilidad de reconocimiento de secuencias de ADN es la base de su utilidad, como si de unas tijeras moleculares se tratase. La tecnolog\u00eda CRISPR-Cas permite hoy en d\u00eda cortar y pegar trozos de material gen\u00e9tico en cualquier c\u00e9lula, lo cual hace posible su utilizaci\u00f3n para editar el ADN. La noticia llam\u00f3 mi atenci\u00f3n y cuando llegu\u00e9 a la oficina fui a consultar en la revista citada, el art\u00edculo referido. La revista Nature Microbiology es de las m\u00e1s prestigiosas en su campo, con un \u00edndice de impacto superior a 30,96. El art\u00edculo en cuesti\u00f3n se titula \u201cEvolution of CRISPR-associated endonucleases as inferred from resurrected proteins\u201d del que adjunto referencia y enlace para quien quiera leerlo.<\/div>\n<\/div>\n<div class=\"x11i5rnm xat24cr x1mh8g0r x1vvkbs xtlvy1s x126k92a\" style=\"text-align: justify;\">\n<div dir=\"auto\">Borja Alonso-Lerma, Ylenia Jabalera, Sara Samperio, Mat\u00edas Morin, Almudena Fern\u00e1ndez, Logan T. Hille, Rachel A. Silverstein, Ane Quesada-Ganuza, Antonio Reifs, Sergio Fern\u00e1ndez-Pe\u00f1alver, Yolanda Ben\u00edtez, Lucia Soletto, Jos\u00e9 A Gavira, Adri\u00e1n Diaz, Wim Vranken, Avencia S\u00e1nchez-Mej\u00edas, Marc Gu\u0308ell, Francisco JM Mojica, Benjamin P. Kleinstiver, Miguel A Moreno-Pelayo, Llu\u00eds Montoliu, <strong>Ra\u00fal P\u00e9rez-Jim\u00e9nez.<\/strong> \u201cEvolution of CRISPR-associated Endonucleases as Inferred from Resurrected Proteins\u201d, Nature Microbiology 2022. Doi: 10.1038\/s41564-022-01265-y<\/div>\n<\/div>\n<div class=\"x11i5rnm xat24cr x1mh8g0r x1vvkbs xtlvy1s x126k92a\" style=\"text-align: justify;\">\n<div dir=\"auto\">\u00a0<\/div>\n<div dir=\"auto\">El trabajo es el resultado de una investigaci\u00f3n internacional en la que participan equipos del Consejo Superior de Investigaciones Cient\u00edficas, la Universidad de Alicante (UA), el Centro de Investigaci\u00f3n Biom\u00e9dica en Red de Enfermedades Raras (CIBERER) y otras instituciones estatales e internacionales como el Hospital General de Massachusetts y la Escuela de Medicina de Harvard. El estudio se encuentra liderado por el investigador del Ikerbasque de CIC nanoGUNE Ra\u00fal P\u00e9rez-Jim\u00e9nez. Y aqu\u00ed es, cuando adem\u00e1s de alegrarme de tal descubrimiento, apareci\u00f3 en m\u00ed, el orgullo de que sea un atarfe\u00f1o el l\u00edder de este importante descubrimiento.<\/div>\n<\/div>\n<div class=\"x11i5rnm xat24cr x1mh8g0r x1vvkbs xtlvy1s x126k92a\" style=\"text-align: justify;\">\n<div dir=\"auto\">\u00a0<\/div>\n<div dir=\"auto\">Por si no lo ubic\u00e1is Ra\u00fal es el hijo menor de<strong> Bernardo y la \u201cVirginia la del Feo\u201d.<\/strong> Qu\u00edmico de formaci\u00f3n, obtuvo su doctorado por la Universidad de Granada en 2005. Despu\u00e9s de pasar un per\u00edodo de investigaci\u00f3n en la Universidad de Maryland, se traslad\u00f3 a la Universidad de Columbia en Nueva York para su investigaci\u00f3n postdoctoral. En la Universidad de Columbia se convirti\u00f3 en un experto en t\u00e9cnicas de espectroscopia de fuerza at\u00f3mica de una sola mol\u00e9cula. Fue pionero en ensayos de mol\u00e9culas individuales que demostraron el mecanismo de cat\u00e1lisis enzim\u00e1tica a nivel de enlace \u00fanico. Combin\u00f3 las t\u00e9cnicas de mol\u00e9cula \u00fanica con su experiencia en evoluci\u00f3n molecular para sondear la qu\u00edmica de enzimas ancestrales reconstruidas en el laboratorio.<\/div>\n<\/div>\n<div class=\"x11i5rnm xat24cr x1mh8g0r x1vvkbs xtlvy1s x126k92a\" style=\"text-align: justify;\">\n<div dir=\"auto\">\u00a0<\/div>\n<div dir=\"auto\">En 2013 se incorpor\u00f3 como <strong><em>profesor de investigaci\u00f3n a la fundaci\u00f3n Vasca para la Ciencia (Ikerbasque)<\/em><\/strong> en el centro denominado CIC nanoGUNE. En este instituto se lleva a cabo investigaci\u00f3n de excelencia y transferencia de tecnolog\u00eda en nanociencia y nanotecnolog\u00eda. Desde San Sebasti\u00e1n continu\u00f3 su trabajo sobre la mec\u00e1nica de prote\u00ednas de una sola mol\u00e9cula y la evoluci\u00f3n molecular, pero tambi\u00e9n inici\u00f3 una nueva l\u00ednea de investigaci\u00f3n centrada en el efecto de las fuerzas mec\u00e1nicas sobre las prote\u00ednas involucradas en infecciones virales y bacterianas.<\/div>\n<\/div>\n<div class=\"x11i5rnm xat24cr x1mh8g0r x1vvkbs xtlvy1s x126k92a\" style=\"text-align: justify;\">\n<div dir=\"auto\">Sus trabajos, m\u00e1s de 70 han sido publicados en revistas de alto impacto como Nature Structural and Molecular Biology, PNAS, Science, Nature, ACS Nano o JBC. En 2016 recibi\u00f3 el premio E. P\u00e9rez Pay\u00e1, que otorga el consejo ejecutivo de la Sociedad Espa\u00f1ola de Biof\u00edsica por sus estudios de las propiedades mec\u00e1nicas de las macromol\u00e9culas. Su \u00edndice h en ResearchGate es de 25 y en Google Scholar se eleva a 28. Sus trabajos han sido citados 3.736 veces.<\/div>\n<\/div>\n<div class=\"x11i5rnm xat24cr x1mh8g0r x1vvkbs xtlvy1s x126k92a\" style=\"text-align: justify;\">\n<div dir=\"auto\">\u00a0<\/div>\n<div dir=\"auto\">Dejando al lado estas m\u00e9tricas, el grupo de Nanobiotecnolog\u00eda de nanoGUNE, liderado por nuestro paisano, lleva a\u00f1os estudiando la evoluci\u00f3n de las prote\u00ednas desde el origen de la vida hasta nuestros d\u00edas. Realizan reconstrucciones ancestrales de prote\u00ednas y genes de organismos extintos para observar qu\u00e9 cualidades tienen y si son utilizables en aplicaciones biotecnol\u00f3gicas. Es un viaje en el tiempo llevado a cabo por medio de t\u00e9cnicas bioinform\u00e1ticas.<\/div>\n<div dir=\"auto\">\u00a0<\/div>\n<\/div>\n<div class=\"x11i5rnm xat24cr x1mh8g0r x1vvkbs xtlvy1s x126k92a\" style=\"text-align: justify;\">\n<div dir=\"auto\">Este logro cient\u00edfico hace posible disponer de herramientas de edici\u00f3n gen\u00e9tica con propiedades distintas a las actuales, mucho m\u00e1s flexibles, lo cual abre nuevas v\u00edas en la manipulaci\u00f3n de ADN y tratamiento de enfermedades tales como ELA, c\u00e1ncer, diabetes, o incluso como herramienta de diagn\u00f3stico de enfermedades.<\/div>\n<\/div>\n<div class=\"x11i5rnm xat24cr x1mh8g0r x1vvkbs xtlvy1s x126k92a\" style=\"text-align: justify;\">\n<div dir=\"auto\"><strong>Atarfe, debe sentirse orgulloso del \u00e9xito de sus hijos.<\/strong><\/div>\n<div dir=\"auto\">\u00a0<\/div>\n<\/div>\n<div class=\"x11i5rnm xat24cr x1mh8g0r x1vvkbs xtlvy1s x126k92a\">\n<div dir=\"auto\" style=\"text-align: justify;\"><strong>Gacetilla y curiosidades elvirenses<\/strong><\/div>\n<\/div>\n<\/div>\n<\/div>\n<\/div>\n<\/div>\n","protected":false},"excerpt":{"rendered":"<p>Lo primero que hago todos los d\u00edas, apenas me levanto es encender la radio. Mientras&#8230;<\/p>\n","protected":false},"author":1,"featured_media":58719,"comment_status":"closed","ping_status":"closed","sticky":false,"template":"","format":"standard","meta":{"_coblocks_attr":"","_coblocks_dimensions":"","_coblocks_responsive_height":"","_coblocks_accordion_ie_support":"","jetpack_post_was_ever_published":false,"_jetpack_newsletter_access":"","_jetpack_dont_email_post_to_subs":false,"_jetpack_newsletter_tier_id":0,"_jetpack_memberships_contains_paywalled_content":false,"_jetpack_memberships_contains_paid_content":false,"footnotes":"","jetpack_publicize_message":"","jetpack_publicize_feature_enabled":true,"jetpack_social_post_already_shared":true,"jetpack_social_options":{"image_generator_settings":{"template":"highway","default_image_id":0,"enabled":false},"version":2}},"categories":[9597,10778,38,6539],"tags":[7890,9633],"class_list":["post-58718","post","type-post","status-publish","format-standard","has-post-thumbnail","hentry","category-cientificos-atarfenos","category-feria-de-la-ciencia-atarfe","category-opinion-de-jose-enrique-granados","category-personajes-de-ataref","tag-atarfenos","tag-atarfenos-de-ciencia"],"jetpack_publicize_connections":[],"jetpack_featured_media_url":"https:\/\/i0.wp.com\/miradordeatarfe.es\/wp-content\/uploads\/2023\/01\/322696300_845126986573360_1387569045812558925_n.jpg?fit=811%2C540&ssl=1","jetpack_likes_enabled":true,"jetpack_sharing_enabled":true,"_links":{"self":[{"href":"https:\/\/miradordeatarfe.es\/index.php?rest_route=\/wp\/v2\/posts\/58718","targetHints":{"allow":["GET"]}}],"collection":[{"href":"https:\/\/miradordeatarfe.es\/index.php?rest_route=\/wp\/v2\/posts"}],"about":[{"href":"https:\/\/miradordeatarfe.es\/index.php?rest_route=\/wp\/v2\/types\/post"}],"author":[{"embeddable":true,"href":"https:\/\/miradordeatarfe.es\/index.php?rest_route=\/wp\/v2\/users\/1"}],"replies":[{"embeddable":true,"href":"https:\/\/miradordeatarfe.es\/index.php?rest_route=%2Fwp%2Fv2%2Fcomments&post=58718"}],"version-history":[{"count":4,"href":"https:\/\/miradordeatarfe.es\/index.php?rest_route=\/wp\/v2\/posts\/58718\/revisions"}],"predecessor-version":[{"id":58733,"href":"https:\/\/miradordeatarfe.es\/index.php?rest_route=\/wp\/v2\/posts\/58718\/revisions\/58733"}],"wp:featuredmedia":[{"embeddable":true,"href":"https:\/\/miradordeatarfe.es\/index.php?rest_route=\/wp\/v2\/media\/58719"}],"wp:attachment":[{"href":"https:\/\/miradordeatarfe.es\/index.php?rest_route=%2Fwp%2Fv2%2Fmedia&parent=58718"}],"wp:term":[{"taxonomy":"category","embeddable":true,"href":"https:\/\/miradordeatarfe.es\/index.php?rest_route=%2Fwp%2Fv2%2Fcategories&post=58718"},{"taxonomy":"post_tag","embeddable":true,"href":"https:\/\/miradordeatarfe.es\/index.php?rest_route=%2Fwp%2Fv2%2Ftags&post=58718"}],"curies":[{"name":"wp","href":"https:\/\/api.w.org\/{rel}","templated":true}]}}