{"id":58726,"date":"2023-01-18T09:32:13","date_gmt":"2023-01-18T08:32:13","guid":{"rendered":"https:\/\/miradordeatarfe.es\/?p=58726"},"modified":"2023-01-16T21:10:28","modified_gmt":"2023-01-16T20:10:28","slug":"es-cuestion-de-dias-que-la-subvariante-kraken-y-la-de-china-lleguen-a-granada","status":"publish","type":"post","link":"https:\/\/miradordeatarfe.es\/?p=58726","title":{"rendered":"\u00a0\u00abEs cuesti\u00f3n de d\u00edas que la subvariante Kraken y la de China lleguen a Granada\u00bb"},"content":{"rendered":"<h3 class=\"voc-sub-title\">Son tres veces m\u00e1s contagiosas que \u00d3micron, pero menos letales, y lo que m\u00e1s preocupa es la resistencia que puedan presentar a las vacunas<\/h3>\n<p class=\"voc-paragraph\" style=\"text-align: justify;\">La ciudadan\u00eda ha recuperado su rutina prepandemia y, gracias tambi\u00e9n a la ausencia de restricciones, el coronavirus parece haber desaparecido. Sin embargo, los que trabajan mano a mano con \u00e9l saben bien que no es as\u00ed. De hecho, este martes, 17 de enero, el <a href=\"https:\/\/www.ideal.es\/andalucia\/moreno-presidira-comite-expertos-andalucia-20230116165215-nt.html\" data-voc-vtm-id=\"in-text-traffic\">comit\u00e9 de expertos<\/a> de la Junta de Andaluc\u00eda se reunir\u00e1 para adoptar \u00abmedidas preventivas\u00bb por el aumento de los contagios en <a href=\"https:\/\/www.ideal.es\/granada\/aumentan-contagios-covid-aumentan-20230112181455-nt.html\" data-voc-vtm-id=\"in-text-traffic\">residencias<\/a>. Granada, como el resto de Espa\u00f1a, debe estar \u00abvigilante\u00bb ante las <a href=\"https:\/\/www.ideal.es\/granada\/expertos-instan-estar-alerta-covid-casos-granada-china-20230112181104-nt.html\" data-voc-vtm-id=\"in-text-traffic\">dos subvariantes<\/a> que m\u00e1s preocupan actualmente a los expertos. Se trata de la XBB.1.5., denominada Kraken y detectada en Estados Unidos, donde ya es responsable del 45% de los contagios. La otra, surgida en China, es la BF.7, un linaje de la BA.5 que representa el 97,5% de todas las infecciones locales. Es \u00abcuesti\u00f3n de d\u00edas\u00bb que estas dos subvariantes de \u00d3micron lleguen a Granada y es altamente probable que se conviertan en dominantes, tal y como explica Silvia Mart\u00ednez, especialista en Medicina Preventiva del Hospital Universitario Cl\u00ednico San Cecilio.<\/p>\n<p class=\"voc-paragraph\" style=\"text-align: justify;\">Actualmente la incidencia oficial de ambas es cero, puesto que se mide por cada 100.000 habitantes y solo se han detectado casos aislados. Esto no quiere decir que estas cepas no est\u00e9n circulando, ya que el n\u00famero de test realizados a la poblaci\u00f3n es m\u00ednimo comparado con los de hace un a\u00f1o. La de China es la que m\u00e1s preocupa a los especialistas, debido a la dificultad para saber c\u00f3mo evoluciona en el pa\u00eds. \u00abLas autoridades han dado indicaci\u00f3n de no secuenciar variantes en laboratorios independientes. Lo que pase en China no lo vamos a saber, y si no podemos monitorizar lo que pasa all\u00ed y hay much\u00edsimas personas entrando y saliendo se puede convertir en un problema. Lo que pasa en Europa, Reino Unido o Estados Unidos s\u00ed lo vamos analizando y podemos adelantarnos un poco\u00bb, apostilla.<\/p>\n<p class=\"voc-paragraph\" style=\"text-align: justify;\">La situaci\u00f3n del coronavirus en la provincia de Granada sigue estando controlada, con una transmisi\u00f3n \u00abmantenida\u00bb, sin grandes picos, por lo que es probable que la covid-19 est\u00e9 &#8216;gripaliz\u00e1ndose&#8217;. Silvia Martinez lo corrobora con los contagios registrados 16 d\u00edas despu\u00e9s de Nochevieja. Al contrario que el a\u00f1o pasado, cuando la presi\u00f3n hospitalaria se hab\u00eda intensificado por estas fechas -hab\u00eda 290 personas ingresadas-, el panorama actual es similar al de antes de Navidad. \u00abSi hemos sorteado estas fechas, en las que al haber m\u00e1s reuniones y viajes los virus se mezclan, cabe pensar que no vendr\u00e1n grandes picos de casos\u00bb, manifiesta la profesional, que tambi\u00e9n investiga en el Instituto de Investigaci\u00f3n Biosanitario (IBS) y el Centro de Gen\u00f3mica e Investigaci\u00f3n Oncol\u00f3gica (Genyo). En cualquier caso, habr\u00e1 que estar atentos a la bajada de temperaturas prevista para estos d\u00edas.<\/p>\n<p class=\"voc-paragraph\" style=\"text-align: justify;\">Por otra parte, la ministra de Sanidad, Carolina Darias, ha asegurado este lunes que \u00abno muy tarde\u00bb se va a tomar la decisi\u00f3n de eliminar la obligatoriedad del <a href=\"https:\/\/www.ideal.es\/sociedad\/darias-mascarilla-transporte-publico-covid-20230116111623-nt.html\" data-voc-vtm-id=\"in-text-traffic\">uso de la mascarilla<\/a> en el transporte p\u00fablico, si bien ha comentado que ser\u00e1 cuando la situaci\u00f3n epidemiol\u00f3gica y los expertos \u00ablo aconsejen\u00bb. Seg\u00fan ha comentado en una entrevista en la Cadena Ser, la situaci\u00f3n epidemiol\u00f3gica en Espa\u00f1a es \u00abmuy estable\u00bb gracias a la vacunaci\u00f3n contra el coronavirus. Por ello, ha reiterado la petici\u00f3n de que la poblaci\u00f3n reciba la segunda dosis de recuerdo para seguir protegiendo y \u00absalvando vidas\u00bb.<\/p>\n<div class=\"voc-detail__cmp voc-detail__cmp--title voc-detail__cmp--no-margin\" style=\"text-align: justify;\">\n<h3 class=\"voc-detail__title\">Esquivar las vacunas<\/h3>\n<\/div>\n<p class=\"voc-paragraph\" style=\"text-align: justify;\">\u00d3micron arras\u00f3 con el resto de cepas y se situ\u00f3 como la principal, concretamente a trav\u00e9s de las variantes BA.4 y BA.5. Como apunta Mart\u00ednez, sobreviven las versiones m\u00e1s potentes del virus y el resto se van debilitando. \u00abLas que se adaptan se vuelven m\u00e1s transmisibles pero menos letales\u00bb, a\u00f1ade. A la par, van surgiendo distintos linajes. En China se han combinado dos que acumulan \u00abm\u00e1s mutaciones\u00bb.<\/p>\n<p class=\"voc-paragraph\" style=\"text-align: justify;\">Silvia Mart\u00ednez insta a estar \u00abvigilantes\u00bb, pero no cree que haya motivos para alarmarse. La incertidumbre reside en si estas subvariantes pueden esquivar a la vacunaci\u00f3n, pero la experta se muestra optimista en este sentido. \u00abAunque el virus muta m\u00e1s r\u00e1pido que la capacidad para adaptar las vacunas, siempre quedar\u00e1 algo de inmunidad, puesto que lleva ya dos a\u00f1os circulando\u00bb, concluye.<\/p>\n<h3 class=\"voc-title\" style=\"text-align: justify;\"><a class=\"voc-author\" title=\"LAURA VELASCO\" href=\"https:\/\/www.ideal.es\/autor\/laura-velasco-1652.html\">LAURA VELASCO<\/a><\/h3>\n<div class=\"voc-article-container\">\n<article class=\"voc-article voc-article--detail voc-article--detail--base voc-article--photo-bottom\">\n<div class=\"voc-img-container  \" style=\"text-align: justify;\">\n<p class=\"figure-caption\"><span class=\"voc-photo-caption\">FOTO: En la imagen de la derecha, Silvia Mart\u00ednez, especialista en Medicina Preventiva del Hospital Universitario Cl\u00ednico San Cecilio. \/ <\/span><span class=\"voc-photo-author\">Ram\u00f3n L. P\u00e9rez<\/span><\/p>\n<\/div>\n<div class=\"voc-info-container\" style=\"text-align: justify;\">https:\/\/www.ideal.es\/granada\/cuestion-dias-subvariante-20230116163253-nt.html#vca=web-push&amp;vso=ideal&amp;vmc=COVID_EN_GRANADA&amp;vli=_<\/div>\n<\/article>\n<\/div>\n","protected":false},"excerpt":{"rendered":"<p>Son tres veces m\u00e1s contagiosas que \u00d3micron, pero menos letales, y lo que m\u00e1s preocupa&#8230;<\/p>\n","protected":false},"author":1,"featured_media":58727,"comment_status":"closed","ping_status":"closed","sticky":false,"template":"","format":"standard","meta":{"_coblocks_attr":"","_coblocks_dimensions":"","_coblocks_responsive_height":"","_coblocks_accordion_ie_support":"","jetpack_post_was_ever_published":false,"_jetpack_newsletter_access":"","_jetpack_dont_email_post_to_subs":false,"_jetpack_newsletter_tier_id":0,"_jetpack_memberships_contains_paywalled_content":false,"_jetpack_memberships_contains_paid_content":false,"footnotes":"","jetpack_publicize_message":"","jetpack_publicize_feature_enabled":true,"jetpack_social_post_already_shared":true,"jetpack_social_options":{"image_generator_settings":{"template":"highway","default_image_id":0,"enabled":false},"version":2}},"categories":[1161,7149,44,15,10],"tags":[7166,8744,7789],"class_list":["post-58726","post","type-post","status-publish","format-standard","has-post-thumbnail","hentry","category-ciudadania","category-coronavirus","category-noticias-de-hoy","category-ultimas-noticias","category-salud","tag-covid-19","tag-omicron","tag-variantes"],"jetpack_publicize_connections":[],"jetpack_featured_media_url":"https:\/\/i0.wp.com\/miradordeatarfe.es\/wp-content\/uploads\/2023\/01\/variantes-kraken-china-k8SG-U190285349718WGC-624x385%40Ideal.jpg?fit=624%2C385&ssl=1","jetpack_likes_enabled":true,"jetpack_sharing_enabled":true,"_links":{"self":[{"href":"https:\/\/miradordeatarfe.es\/index.php?rest_route=\/wp\/v2\/posts\/58726","targetHints":{"allow":["GET"]}}],"collection":[{"href":"https:\/\/miradordeatarfe.es\/index.php?rest_route=\/wp\/v2\/posts"}],"about":[{"href":"https:\/\/miradordeatarfe.es\/index.php?rest_route=\/wp\/v2\/types\/post"}],"author":[{"embeddable":true,"href":"https:\/\/miradordeatarfe.es\/index.php?rest_route=\/wp\/v2\/users\/1"}],"replies":[{"embeddable":true,"href":"https:\/\/miradordeatarfe.es\/index.php?rest_route=%2Fwp%2Fv2%2Fcomments&post=58726"}],"version-history":[{"count":1,"href":"https:\/\/miradordeatarfe.es\/index.php?rest_route=\/wp\/v2\/posts\/58726\/revisions"}],"predecessor-version":[{"id":58728,"href":"https:\/\/miradordeatarfe.es\/index.php?rest_route=\/wp\/v2\/posts\/58726\/revisions\/58728"}],"wp:featuredmedia":[{"embeddable":true,"href":"https:\/\/miradordeatarfe.es\/index.php?rest_route=\/wp\/v2\/media\/58727"}],"wp:attachment":[{"href":"https:\/\/miradordeatarfe.es\/index.php?rest_route=%2Fwp%2Fv2%2Fmedia&parent=58726"}],"wp:term":[{"taxonomy":"category","embeddable":true,"href":"https:\/\/miradordeatarfe.es\/index.php?rest_route=%2Fwp%2Fv2%2Fcategories&post=58726"},{"taxonomy":"post_tag","embeddable":true,"href":"https:\/\/miradordeatarfe.es\/index.php?rest_route=%2Fwp%2Fv2%2Ftags&post=58726"}],"curies":[{"name":"wp","href":"https:\/\/api.w.org\/{rel}","templated":true}]}}