{"id":58763,"date":"2023-01-19T11:29:07","date_gmt":"2023-01-19T10:29:07","guid":{"rendered":"https:\/\/miradordeatarfe.es\/?p=58763"},"modified":"2023-01-19T11:39:53","modified_gmt":"2023-01-19T10:39:53","slug":"los-jovenes-y-el-regueton-por-jose-vaquero","status":"publish","type":"post","link":"https:\/\/miradordeatarfe.es\/?p=58763","title":{"rendered":"\u00abLOS J\u00d3VENES Y EL REGUET\u00d3N\u00bb por Jos\u00e9 Vaquero"},"content":{"rendered":"<h3 style=\"text-align: justify;\">\u00a0\u00bfInfluyen las letras de las canciones de reguet\u00f3n en la conducta de adolescentes y j\u00f3venes? Para responder a esta pregunta he puesto mi mirada en muchas de ellas. Por razones de espacio, transcribo solo las tres siguientes:<\/h3>\n<p style=\"text-align: justify;\"><strong><em>MALUMA \u201c4 BABYS\u201d<\/em><\/strong><\/p>\n<p style=\"text-align: justify;\">\u00a0\u201cEstoy enamorado de 4 babys \/ siempre me dan lo que quiero \/ chingan cuando yo les digo\/ ninguna me pone pero\u201d<\/p>\n<p style=\"text-align: justify;\"><strong><em>SANTAFLOW \u201cSEGUNDOS FUERA<\/em><\/strong>\u201d<\/p>\n<p style=\"text-align: justify;\">\u201c\u00a1As\u00ed me cago en la falsa moral! \/ \u00a1Me f\u2026 a la Virgen en su portal por el ojal!\u201d<\/p>\n<p style=\"text-align: justify;\"><strong><em>TR\u00c9BOL CLAN \u201cAG\u00c1RRALA<\/em><\/strong>\u201d<\/p>\n<p style=\"text-align: justify;\">\u201cAg\u00e1rrala, p\u00e9gala, az\u00f3tala, p\u00e9gala \/ S\u00e1cala a bailar que va a por toas \/ P\u00e9gala, az\u00f3tala, ag\u00e1rrala que ella va a toas \/Ag\u00e1rrala, p\u00e9gala, az\u00f3tala\u201d<\/p>\n<p style=\"text-align: justify;\">\u00a0Tras su an\u00e1lisis llego a las siguientes conclusiones:<\/p>\n<p style=\"text-align: justify;\">Aunque hay algunas excepciones, un nutrido grupo tiene como denominador com\u00fan la irrespetuosidad, la groser\u00eda, la irreverencia o el insulto. \u00a0<\/p>\n<p style=\"text-align: justify;\">La mayor\u00eda son machistas. Exponen una imagen de superioridad del g\u00e9nero masculino sobre el femenino. La mujer es un mero objeto sexual. En general, se la ofende, insulta y deshumaniza. Se la humilla.<\/p>\n<p style=\"text-align: justify;\">Otras, exhiben como un reclamo la violencia sexual, verbal y f\u00edsica. Y hay muchas que ofenden profundamente a los creyentes.<\/p>\n<p style=\"text-align: justify;\">\u00a0La libertad de expresi\u00f3n no puede amparar estas aberraciones, repletas de odio, homofobia, machismo, denigraci\u00f3n de la mujer, misoginia\u2026Aqu\u00ed s\u00ed que est\u00e1 plenamente justificada la censura.<\/p>\n<p style=\"text-align: justify;\">Este tipo de m\u00fasica es seguida mayoritariamente por los j\u00f3venes. Deduzcan Uds. mismos cu\u00e1l es la respuesta a la pregunta que planteaba inicialmente. Piensen tambi\u00e9n en el prototipo de hombre y mujer que proponen esas letras. \u00a0<\/p>\n<p style=\"text-align: justify;\">Si al efecto de estas canciones le a\u00f1adimos el de la pornograf\u00eda y el de una educaci\u00f3n hipersexualizada y deficiente \u00bfNos puede extra\u00f1ar el aumento progresivo del porcentaje de los delitos sexuales y de la violencia gratuita, tal y como informan los medios de comunicaci\u00f3n?<\/p>\n<p style=\"text-align: justify;\">Debemos proteger a nuestros infantes y adolescentes de esas influencias negativas. Y una buena educaci\u00f3n es el ant\u00eddoto m\u00e1s potente del que disponemos para luchar contra ellas.<\/p>\n<p><strong>JOIS\u00c9 VAQUERO S\u00c1NCHEZ<\/strong><\/p>\n<p>foto: Foto de redes sociales.<\/p>\n<p>&nbsp;<\/p>\n","protected":false},"excerpt":{"rendered":"<p>\u00a0\u00bfInfluyen las letras de las canciones de reguet\u00f3n en la conducta de adolescentes y j\u00f3venes?&#8230;<\/p>\n","protected":false},"author":1,"featured_media":0,"comment_status":"closed","ping_status":"closed","sticky":false,"template":"","format":"standard","meta":{"_coblocks_attr":"","_coblocks_dimensions":"","_coblocks_responsive_height":"","_coblocks_accordion_ie_support":"","jetpack_post_was_ever_published":false,"_jetpack_newsletter_access":"","_jetpack_dont_email_post_to_subs":false,"_jetpack_newsletter_tier_id":0,"_jetpack_memberships_contains_paywalled_content":false,"_jetpack_memberships_contains_paid_content":false,"footnotes":"","jetpack_publicize_message":"","jetpack_publicize_feature_enabled":true,"jetpack_social_post_already_shared":false,"jetpack_social_options":{"image_generator_settings":{"template":"highway","default_image_id":0,"enabled":false},"version":2}},"categories":[1161,14,7926,44,6920,15],"tags":[9945,121,1546],"class_list":["post-58763","post","type-post","status-publish","format-standard","hentry","category-ciudadania","category-feminismo","category-opinion-de-jose-vaquero","category-noticias-de-hoy","category-tecnologia","category-ultimas-noticias","tag-letras-machistas","tag-redes-sociales","tag-violencia-machista"],"jetpack_publicize_connections":[],"jetpack_featured_media_url":"","jetpack_likes_enabled":true,"jetpack_sharing_enabled":true,"_links":{"self":[{"href":"https:\/\/miradordeatarfe.es\/index.php?rest_route=\/wp\/v2\/posts\/58763","targetHints":{"allow":["GET"]}}],"collection":[{"href":"https:\/\/miradordeatarfe.es\/index.php?rest_route=\/wp\/v2\/posts"}],"about":[{"href":"https:\/\/miradordeatarfe.es\/index.php?rest_route=\/wp\/v2\/types\/post"}],"author":[{"embeddable":true,"href":"https:\/\/miradordeatarfe.es\/index.php?rest_route=\/wp\/v2\/users\/1"}],"replies":[{"embeddable":true,"href":"https:\/\/miradordeatarfe.es\/index.php?rest_route=%2Fwp%2Fv2%2Fcomments&post=58763"}],"version-history":[{"count":2,"href":"https:\/\/miradordeatarfe.es\/index.php?rest_route=\/wp\/v2\/posts\/58763\/revisions"}],"predecessor-version":[{"id":58765,"href":"https:\/\/miradordeatarfe.es\/index.php?rest_route=\/wp\/v2\/posts\/58763\/revisions\/58765"}],"wp:attachment":[{"href":"https:\/\/miradordeatarfe.es\/index.php?rest_route=%2Fwp%2Fv2%2Fmedia&parent=58763"}],"wp:term":[{"taxonomy":"category","embeddable":true,"href":"https:\/\/miradordeatarfe.es\/index.php?rest_route=%2Fwp%2Fv2%2Fcategories&post=58763"},{"taxonomy":"post_tag","embeddable":true,"href":"https:\/\/miradordeatarfe.es\/index.php?rest_route=%2Fwp%2Fv2%2Ftags&post=58763"}],"curies":[{"name":"wp","href":"https:\/\/api.w.org\/{rel}","templated":true}]}}