{"id":58766,"date":"2023-01-20T11:06:50","date_gmt":"2023-01-20T10:06:50","guid":{"rendered":"https:\/\/miradordeatarfe.es\/?p=58766"},"modified":"2023-01-19T14:27:53","modified_gmt":"2023-01-19T13:27:53","slug":"raul-perez-jimenez-el-atarfeno-que-revive-bacterias-con-millones-de-anos-para-curar-enfermedades-geneticas","status":"publish","type":"post","link":"https:\/\/miradordeatarfe.es\/?p=58766","title":{"rendered":"RA\u00daL P\u00c9REZ-JIM\u00c9NEZ  el Atarfe\u00f1o  que &#8216;revive&#8217; bacterias con millones de a\u00f1os para curar enfermedades gen\u00e9ticas"},"content":{"rendered":"<h3 class=\"voc-sub-title\" style=\"text-align: justify;\">El investigador atarfe\u00f1o Ra\u00fal P\u00e9rez-Jim\u00e9nez es coautor del prestigioso trabajo que \u00ababre nuevas v\u00edas para la edici\u00f3n gen\u00e9tica\u00bb<\/h3>\n<p class=\"voc-paragraph\" style=\"text-align: justify;\">Un paso m\u00e1s para que las enfermedades de origen gen\u00e9tico se puedan curar. Han resucitado ancestros de la herramienta de edici\u00f3n gen\u00e9tica Crispr de hace 2.600 millones de a\u00f1os. Lo ha hecho un grupo de investigaci\u00f3n internacional y el estudio evidencia c\u00f3mo crear nuevos sistemas de edici\u00f3n gen\u00e9tica con mol\u00e9culas que ya no existen. El coautor de la investigaci\u00f3n es Ra\u00fal P\u00e9rez-Jim\u00e9nez, lidera el grupo de Nanobiotecnolog\u00eda de NanoGune en San Sebasti\u00e1n y es de Atarfe.<\/p>\n<p class=\"voc-paragraph\" style=\"text-align: justify;\">El atarfe\u00f1o lleva a\u00f1os estudiando la evoluci\u00f3n de las prote\u00ednas desde el origen de la vida hasta nuestros d\u00edas. \u00c9l es modesto a la hora de calificar el hallazgo porque cuando se trata de enfermedades le gusta medir las palabras, pero supone una gran aportaci\u00f3n para abordar las enfermedades cuyo origen est\u00e1 en mutaciones gen\u00e9ticas. Hay investigadores que est\u00e1n trabajando en albinismo, ELA o enfermedades cardiacas. \u00abEstamos hablando de m\u00e1s de 6.000 enfermedades, no es poca cosa\u00bb, apostilla P\u00e9rez-Jim\u00e9nez.<\/p>\n<div class=\"voc-detail__cmp voc-detail__cmp--summary voc-detail__cmp--pad-lr\" style=\"text-align: justify;\">\n<div class=\"voc-article-container\">\n<article class=\"voc-article voc-article--cmp-summary \">\n<div class=\"voc-info-container\">\n<h2 class=\"voc-title\">El hallazgo podr\u00eda mejorar el diagn\u00f3stico y el tratamiento del c\u00e1ncer, la diabetes o la ELA<\/h2>\n<\/div>\n<\/article>\n<\/div>\n<\/div>\n<p class=\"voc-paragraph\" style=\"text-align: justify;\">Hace a\u00f1os que los investigadores buscan microbios en lo m\u00e1s profundo de los oc\u00e9anos, en los volcanes, en la Ant\u00e1rtida y en todo tipo de escenarios para mejorar las t\u00e9cnicas de edici\u00f3n gen\u00e9tica. En el proyecto, dirigido por el investigador de CIC NanoGune R\u00e1ul P\u00e9rez-Jim\u00e9nez, han revisado la historia y han dado con la clave. No ha buscado en escenarios, ha abierto el t\u00fanel del tiempo. En este trabajo participan equipos del Consejo Superior de Investigaciones Cient\u00edficas, la Universidad de Alicante, el Centro de Investigaci\u00f3n Biom\u00e9dica en Red de Enfermedades Raras (Ciberer), el Hospital Ram\u00f3n y Cajal-Irycis y otras instituciones estatales e internacionales.<\/p>\n<p class=\"voc-paragraph\" style=\"text-align: justify;\">Para comprender lo que se ha alcanzado, P\u00e9rez-Jim\u00e9nez aclara qu\u00e9 es el sistema Crispr. \u00abSe puede corregir y editar el gen con este sistema\u00bb, describe. En la nota de prensa del centro de investigaci\u00f3n se concreta que el acr\u00f3nimo Crispr es el nombre de unas secuencias repetitivas presentes en el ADN de bacterias y arqueas (organismos procariotas). Entre las repeticiones, estos microorganismos albergan fragmentos de material gen\u00e9tico de virus que han infectado a sus antepasados, lo que les permiten reconocer si se repite la infecci\u00f3n y defenderse cortando el ADN de los invasores mediante prote\u00ednas Cas asociadas a estas repeticiones.<\/p>\n<p class=\"voc-paragraph\" style=\"text-align: justify;\">Se trata de un mecanismo (sistema Crispr-Cas) de defensa antiviral. Esta habilidad de reconocimiento de secuencias de ADN es la base de su utilidad, como si de unas tijeras moleculares se tratase. La tecnolog\u00eda Crispr-Cas permite hoy en d\u00eda cortar y pegar trozos de material gen\u00e9tico en cualquier c\u00e9lula, lo cual hace posible su utilizaci\u00f3n para editar el ADN. Lo define P\u00e9rez-Jim\u00e9nez, el nuevo sistema que est\u00e1n analizando, como una \u00abnavaja suiza\u00bb, porque lo tiene todo.<\/p>\n<p class=\"voc-paragraph\" style=\"text-align: justify;\">Los investigadores han creado nuevos sistemas Crispr usando estas prote\u00ednas ancestrales y se las han inyectado a c\u00e9lulas. Lo han calificado como un viaje en el tiempo llevado a cabo por medio de t\u00e9cnicas bioinform\u00e1ticas. Han realizado la reconstrucci\u00f3n inform\u00e1tica de las secuencias Crispr ancestrales, las ha sintetizado, y han estudiado y confirmado su funcionalidad.<\/p>\n<p class=\"voc-paragraph\" style=\"text-align: justify;\">Estos investigadores han creado nuevos sistemas Crispr. Han descubierto c\u00f3mo la presi\u00f3n selectiva de los virus se ha ido puliendo y se ha especializado para saber qu\u00e9 material se debe destruir y cu\u00e1l no. Los cient\u00edficos han visto como en los sistemas ancestrales algunas de las restricciones desaparecen, lo que les confiere una mayor versatilidad para nuevas aplicaciones en esa edici\u00f3n gen\u00e9tica.<\/p>\n<p class=\"voc-paragraph\" style=\"text-align: justify;\">En la nota de prensa Ylenia Jabalera, investigadora del proyecto en NanoGune en el Pa\u00eds Vasco tambi\u00e9n, sostiene que \u00abeste logro cient\u00edfico hace posible disponer de herramientas de edici\u00f3n gen\u00e9tica con propiedades distintas a las actuales, mucho m\u00e1s flexibles, lo cual abre nuevas v\u00edas en la manipulaci\u00f3n de ADN y tratamiento de enfermedades tales como ELA, c\u00e1ncer, diabetes, o incluso como herramienta de diagn\u00f3stico de enfermedades\u00bb. Ylenia Jabalera es de Guadix. Estas l\u00edneas encierran bien el avance que supone esta investigaci\u00f3n para abordar estas enfermedades.<\/p>\n<p class=\"voc-paragraph\" style=\"text-align: justify;\">Corregir, poder manipular para quitar lo malo y poder curar. Ese es el objetivo al fin y al cabo: curar. La prestigiosa revista cient\u00edfica &#8216;Nature Microbiology&#8217; ha dado a conocer los resultados de esta investigaci\u00f3n que, en opini\u00f3n del equipo investigador, \u00ababre nuevas v\u00edas para la edici\u00f3n gen\u00e9tica\u00bb.\u00a0<\/p>\n<div class=\"voc-detail__cmp voc-detail__cmp--title voc-detail__cmp--no-margin\" style=\"text-align: justify;\">\n<h3 class=\"voc-detail__title\">Atarfe y Granada<\/h3>\n<\/div>\n<p class=\"voc-paragraph\" style=\"text-align: justify;\">En ese equipo est\u00e1 el atarfe\u00f1o Ra\u00fal P\u00e9rez-Jim\u00e9nez, como se ha indicado, y atiende a este peri\u00f3dico al otro lado de la l\u00ednea telef\u00f3nica. Contin\u00faan con esta investigaci\u00f3n tan esperanzadora. Lo har\u00e1 ahora desde Bilbao. Desde el d\u00eda 1 de enero trabaja en el CIC BioGune. Estudi\u00f3 la licenciatura de Qu\u00edmicas en la Universidad de Granada (UGR) y se doctor\u00f3 en la universidad de su tierra. Despu\u00e9s tuvo que hacer la maleta. Durante ocho a\u00f1os estuvo en la Universidad de Columbia en Nueva York. Despu\u00e9s volvi\u00f3 a Espa\u00f1a, a San Sebasti\u00e1n, donde ha estado diez a\u00f1os.<\/p>\n<p class=\"voc-paragraph\" style=\"text-align: justify;\">Ha intentado volver a Granada, pero es complicado porque en la Universidad no se ofrecen plazas de investigaci\u00f3n solamente, est\u00e1n ligadas a la docencia, la cual es dif\u00edcil acceder cuando se est\u00e1 tiempo fuera. Para ello, har\u00eda falta que Andaluc\u00eda \u00abreplicase el sistema implementado por el Gobierno Vasco mediante la Fundaci\u00f3n Ikerbasque y los centros de investigaci\u00f3n e la red vasca, los cuales atraen talento bas\u00e1ndose en la calidad de la investigaci\u00f3n\u00bb, apunta.<\/p>\n<p><a class=\"voc-author\" title=\"ANDREA G. PARRA\" href=\"https:\/\/www.ideal.es\/autor\/andrea-g-parra-2731.html\"><strong>ANDREA G. PARRA<\/strong> <\/a><\/p>\n<div class=\"voc-article-container\">\n<article class=\"voc-article voc-article--detail voc-article--detail--base voc-article--photo-bottom\">\n<div class=\"voc-img-container  \">\n<p class=\"figure-caption\"><span class=\"voc-photo-caption\">FOTO: Ra\u00fal P\u00e9rez-Jim\u00e9nez lidera el grupo de Nanobiotecnolog\u00eda de NanoGune. \/ <\/span><span class=\"voc-photo-author\">IDEAL<\/span><\/p>\n<p>https:\/\/www.ideal.es\/granada\/granadino-revive-bacterias-20230117180936-nt.html<\/p>\n<\/div>\n<div class=\"voc-info-container\">\u00a0<\/div>\n<\/article>\n<\/div>\n<div class=\"voc-detail\" data-voc-share-selection=\"\">\n<div class=\"voc-author-timesocial \">\n<div class=\"voc-author-timesocial__signature\"><picture class=\"voc-image-signature\"><\/picture>\n<div class=\"voc-author-timesocial__info\">\n<div class=\"voc-author-info\">\u00a0<\/div>\n<\/div>\n<\/div>\n<\/div>\n<\/div>\n","protected":false},"excerpt":{"rendered":"<p>El investigador atarfe\u00f1o Ra\u00fal P\u00e9rez-Jim\u00e9nez es coautor del prestigioso trabajo que \u00ababre nuevas v\u00edas para&#8230;<\/p>\n","protected":false},"author":1,"featured_media":58767,"comment_status":"closed","ping_status":"closed","sticky":false,"template":"","format":"standard","meta":{"_coblocks_attr":"","_coblocks_dimensions":"","_coblocks_responsive_height":"","_coblocks_accordion_ie_support":"","jetpack_post_was_ever_published":false,"_jetpack_newsletter_access":"","_jetpack_dont_email_post_to_subs":false,"_jetpack_newsletter_tier_id":0,"_jetpack_memberships_contains_paywalled_content":false,"_jetpack_memberships_contains_paid_content":false,"footnotes":"","jetpack_publicize_message":"","jetpack_publicize_feature_enabled":true,"jetpack_social_post_already_shared":true,"jetpack_social_options":{"image_generator_settings":{"template":"highway","default_image_id":0,"enabled":false},"version":2}},"categories":[2,187,9597,1161,44,15],"tags":[9026,9946],"class_list":["post-58766","post","type-post","status-publish","format-standard","has-post-thumbnail","hentry","category-atarfe","category-centros-educativos","category-cientificos-atarfenos","category-ciudadania","category-noticias-de-hoy","category-ultimas-noticias","tag-investigador","tag-raul-perez-jimenez"],"jetpack_publicize_connections":[],"jetpack_featured_media_url":"https:\/\/i0.wp.com\/miradordeatarfe.es\/wp-content\/uploads\/2023\/01\/granada-raul-perez-k6nC-U190286403613G7F-624x385%40Ideal.jpg?fit=624%2C385&ssl=1","jetpack_likes_enabled":true,"jetpack_sharing_enabled":true,"_links":{"self":[{"href":"https:\/\/miradordeatarfe.es\/index.php?rest_route=\/wp\/v2\/posts\/58766","targetHints":{"allow":["GET"]}}],"collection":[{"href":"https:\/\/miradordeatarfe.es\/index.php?rest_route=\/wp\/v2\/posts"}],"about":[{"href":"https:\/\/miradordeatarfe.es\/index.php?rest_route=\/wp\/v2\/types\/post"}],"author":[{"embeddable":true,"href":"https:\/\/miradordeatarfe.es\/index.php?rest_route=\/wp\/v2\/users\/1"}],"replies":[{"embeddable":true,"href":"https:\/\/miradordeatarfe.es\/index.php?rest_route=%2Fwp%2Fv2%2Fcomments&post=58766"}],"version-history":[{"count":2,"href":"https:\/\/miradordeatarfe.es\/index.php?rest_route=\/wp\/v2\/posts\/58766\/revisions"}],"predecessor-version":[{"id":58792,"href":"https:\/\/miradordeatarfe.es\/index.php?rest_route=\/wp\/v2\/posts\/58766\/revisions\/58792"}],"wp:featuredmedia":[{"embeddable":true,"href":"https:\/\/miradordeatarfe.es\/index.php?rest_route=\/wp\/v2\/media\/58767"}],"wp:attachment":[{"href":"https:\/\/miradordeatarfe.es\/index.php?rest_route=%2Fwp%2Fv2%2Fmedia&parent=58766"}],"wp:term":[{"taxonomy":"category","embeddable":true,"href":"https:\/\/miradordeatarfe.es\/index.php?rest_route=%2Fwp%2Fv2%2Fcategories&post=58766"},{"taxonomy":"post_tag","embeddable":true,"href":"https:\/\/miradordeatarfe.es\/index.php?rest_route=%2Fwp%2Fv2%2Ftags&post=58766"}],"curies":[{"name":"wp","href":"https:\/\/api.w.org\/{rel}","templated":true}]}}