{"id":58785,"date":"2023-01-22T10:00:23","date_gmt":"2023-01-22T09:00:23","guid":{"rendered":"https:\/\/miradordeatarfe.es\/?p=58785"},"modified":"2023-01-22T11:00:12","modified_gmt":"2023-01-22T10:00:12","slug":"sevilla-dirige-granada-por-juan-de-dios-villanueva-roa","status":"publish","type":"post","link":"https:\/\/miradordeatarfe.es\/?p=58785","title":{"rendered":"\u00abSevilla dirige Granada\u00bb por Juan de Dios Villanueva Roa"},"content":{"rendered":"<h3>Hay muchas formas de ganar la candidatura de una alcald\u00eda y pedir el voto a los vecinos.<\/h3>\n<p style=\"text-align: justify;\">Muchas y todas puestas en pr\u00e1ctica. Carazo ha comenzado desde lo lejano hasta lo pr\u00f3ximo. Desde Torres Hurtado a Sevilla, y desde Sevilla hasta Granada, Reyes Magos incluidos. Los sevillanos est\u00e1n dise\u00f1ando la campa\u00f1a granadina con promesas sobre papel, proyectos de carreteras, v\u00edas, caminos y puertos, que van siendo prometidos desde un gobierno que no es aqu\u00ed publicitado como PP, sino como Juanma.<\/p>\n<p style=\"text-align: justify;\">Ya deber\u00edan estar finalizados los primeros proyectos prometidos, que iban a ejecutarse durante el pasado oto\u00f1o, como el vial de Armilla al PTS. Nada. Ahora se van presentando carreteras sobre la vega que van uniendo pueblos para aligerar el tr\u00e1fico de la ciudad, adem\u00e1s de todos aquellos que atraigan la atenci\u00f3n de los votantes nazar\u00edes. Y de nazar\u00edes va la cosa, porque el hecho de que la Fundaci\u00f3n del CB Granada y la consejer\u00eda de Fomento firmaran un convenio de colaboraci\u00f3n (con cu\u00e1ntos m\u00e1s se firmaron convenios de este tipo para que la candidata pasee su sonrisa en esta campa\u00f1a por los espacios granadinos ofertando adquisiciones desde Sevilla con dineros granadinos. Quiz\u00e1s por eso la mantengan de consejera hasta abril), justifica acudir al hospital con jugadores de baloncesto el d\u00eda que estos llevan juguetes a los ni\u00f1os ingresados. Todo es justificable, incluso limpiar el camino de la candidata a la alcald\u00eda dando a C\u00e9sar D\u00edaz la gerencia metropolitana del transporte, que bien podr\u00eda haber sido candidato porque se lo lleva currando muchos a\u00f1os, sin ayudas sevillanas. Colocado y callado<\/p>\n","protected":false},"excerpt":{"rendered":"<p>Hay muchas formas de ganar la candidatura de una alcald\u00eda y pedir el voto a&#8230;<\/p>\n","protected":false},"author":1,"featured_media":58786,"comment_status":"closed","ping_status":"closed","sticky":false,"template":"","format":"standard","meta":{"_coblocks_attr":"","_coblocks_dimensions":"","_coblocks_responsive_height":"","_coblocks_accordion_ie_support":"","jetpack_post_was_ever_published":false,"_jetpack_newsletter_access":"","_jetpack_dont_email_post_to_subs":false,"_jetpack_newsletter_tier_id":0,"_jetpack_memberships_contains_paywalled_content":false,"_jetpack_memberships_contains_paid_content":false,"footnotes":"","jetpack_publicize_message":"","jetpack_publicize_feature_enabled":true,"jetpack_social_post_already_shared":false,"jetpack_social_options":{"image_generator_settings":{"template":"highway","default_image_id":0,"enabled":false},"version":2}},"categories":[1161,9772,44,15],"tags":[353,243,129],"class_list":["post-58785","post","type-post","status-publish","format-standard","has-post-thumbnail","hentry","category-ciudadania","category-opinion-de-juan-de-dios-villanueva","category-noticias-de-hoy","category-ultimas-noticias","tag-alcaldia","tag-candidaturas","tag-granada"],"jetpack_publicize_connections":[],"jetpack_featured_media_url":"https:\/\/i0.wp.com\/miradordeatarfe.es\/wp-content\/uploads\/2023\/01\/906227c2-0e46-4a61-b0ea-f7e773b4b4ef_16-9-discover-aspect-ratio_default_0.jpg?fit=1200%2C675&ssl=1","jetpack_likes_enabled":true,"jetpack_sharing_enabled":true,"_links":{"self":[{"href":"https:\/\/miradordeatarfe.es\/index.php?rest_route=\/wp\/v2\/posts\/58785","targetHints":{"allow":["GET"]}}],"collection":[{"href":"https:\/\/miradordeatarfe.es\/index.php?rest_route=\/wp\/v2\/posts"}],"about":[{"href":"https:\/\/miradordeatarfe.es\/index.php?rest_route=\/wp\/v2\/types\/post"}],"author":[{"embeddable":true,"href":"https:\/\/miradordeatarfe.es\/index.php?rest_route=\/wp\/v2\/users\/1"}],"replies":[{"embeddable":true,"href":"https:\/\/miradordeatarfe.es\/index.php?rest_route=%2Fwp%2Fv2%2Fcomments&post=58785"}],"version-history":[{"count":1,"href":"https:\/\/miradordeatarfe.es\/index.php?rest_route=\/wp\/v2\/posts\/58785\/revisions"}],"predecessor-version":[{"id":58787,"href":"https:\/\/miradordeatarfe.es\/index.php?rest_route=\/wp\/v2\/posts\/58785\/revisions\/58787"}],"wp:featuredmedia":[{"embeddable":true,"href":"https:\/\/miradordeatarfe.es\/index.php?rest_route=\/wp\/v2\/media\/58786"}],"wp:attachment":[{"href":"https:\/\/miradordeatarfe.es\/index.php?rest_route=%2Fwp%2Fv2%2Fmedia&parent=58785"}],"wp:term":[{"taxonomy":"category","embeddable":true,"href":"https:\/\/miradordeatarfe.es\/index.php?rest_route=%2Fwp%2Fv2%2Fcategories&post=58785"},{"taxonomy":"post_tag","embeddable":true,"href":"https:\/\/miradordeatarfe.es\/index.php?rest_route=%2Fwp%2Fv2%2Ftags&post=58785"}],"curies":[{"name":"wp","href":"https:\/\/api.w.org\/{rel}","templated":true}]}}