{"id":58788,"date":"2023-01-23T09:22:23","date_gmt":"2023-01-23T08:22:23","guid":{"rendered":"https:\/\/miradordeatarfe.es\/?p=58788"},"modified":"2023-01-20T10:15:38","modified_gmt":"2023-01-20T09:15:38","slug":"la-justicia-europea-avala-que-los-clientes-sepan-donde-acaban-sus-datos","status":"publish","type":"post","link":"https:\/\/miradordeatarfe.es\/?p=58788","title":{"rendered":"La Justicia europea avala que los clientes sepan d\u00f3nde acaban sus datos"},"content":{"rendered":"<h3 style=\"text-align: justify;\">El Tribunal de Justicia de la UE sentencia que una persona tiene derecho a conocer a qui\u00e9n se han comunicado sus datos personales para poder reclamar una rectificaci\u00f3n, el derecho al olvido o recurrir.<\/h3>\n<div id=\"contenido\" class=\"p70\">\n<div class=\"interior\">\n<div id=\"textoScroll\">\n<div class=\"elemento\">\n<div class=\"txtContenido\">\n<p style=\"text-align: justify;\">El Tribunal de Justicia de la Uni\u00f3n Europea (TJUE) sentenci\u00f3 este jueves que una persona tiene derecho a saber a qui\u00e9n se han comunicado sus datos personales para poder reclamar una rectificaci\u00f3n de los mismos, el derecho al olvido o recurrir por los posibles da\u00f1os sufridos.<\/p>\n<p style=\"text-align: justify;\">Seg\u00fan ha publicado <em><a href=\"https:\/\/www.eldiario.es\/tecnologia\/justicia-europea-avala-clientes-sepan-acaban-datos_1_9861454.html\" target=\"_blank\" rel=\"noopener\">elDiario.es<\/a><\/em>, los jueces respondieron as\u00ed a la pregunta que plante\u00f3 el Tribunal Supremo de Austria respecto a si el Reglamento General de Protecci\u00f3n de Datos de la Uni\u00f3n Europea obliga al responsable del tratamiento de los datos personales a informar al afectado sobre que uso ha hecho de su informaci\u00f3n.<\/p>\n<p class=\"article-text\" style=\"text-align: justify;\">Durante el juicio en Austria, la empresa nacional de correos inform\u00f3 al ciudadano afectado que hab\u00eda transmitido sus datos personales a anunciantes del sector de la venta por correspondencia y del comercio f\u00edsico, a empresas inform\u00e1ticas, a editores de directorios y asociaciones como organizaciones caritativas y ONGs o partidos pol\u00edticos.<\/p>\n<p class=\"article-text\" style=\"text-align: justify;\">En su sentencia dictada hoy, el TJUE dijo que \u00ab<em>en el supuesto de que esos datos hayan sido o vayan a ser comunicados a destinatarios, el responsable del tratamiento est\u00e1 obligado a facilitar al interesado, cuando lo solicite, la identidad de esos destinatarios<\/em>\u00ab.<\/p>\n<p class=\"article-text\" style=\"text-align: justify;\">Y en caso de que sea posible identificar a los destinatarios de los datos personales o que el responsable de su tratamiento \u00ab<em>demuestre que la solicitud es manifiestamente infundada o excesiva<\/em>\u00ab, podr\u00e1 indicarse \u00ab<em>\u00fanicamente<\/em>\u00bb las categor\u00edas de los mismos.<\/p>\n<p class=\"article-text\" style=\"text-align: justify;\">Seg\u00fan el tribunal con sede en Luxemburgo, el derecho a saber a qui\u00e9n se han transmitido los datos \u00ab<em>es necesario para permitirle ejercer otros derechos reconocidos por el reglamento<\/em>\u00bb como el de rectificaci\u00f3n, el derecho al olvido, a la limitaci\u00f3n del tratamiento, el de oposici\u00f3n al tratamiento y el derecho a recurrir por los da\u00f1os sufridos.<\/p>\n<p>FACUA.ORG<\/p>\n<p>https:\/\/www.facua.org\/es\/noticia.php?Id=19137<\/p>\n<\/div>\n<\/div>\n<\/div>\n<\/div>\n<\/div>\n","protected":false},"excerpt":{"rendered":"<p>El Tribunal de Justicia de la UE sentencia que una persona tiene derecho a conocer&#8230;<\/p>\n","protected":false},"author":1,"featured_media":58789,"comment_status":"closed","ping_status":"closed","sticky":false,"template":"","format":"standard","meta":{"_coblocks_attr":"","_coblocks_dimensions":"","_coblocks_responsive_height":"","_coblocks_accordion_ie_support":"","jetpack_post_was_ever_published":false,"_jetpack_newsletter_access":"","_jetpack_dont_email_post_to_subs":false,"_jetpack_newsletter_tier_id":0,"_jetpack_memberships_contains_paywalled_content":false,"_jetpack_memberships_contains_paid_content":false,"footnotes":"","jetpack_publicize_message":"","jetpack_publicize_feature_enabled":true,"jetpack_social_post_already_shared":true,"jetpack_social_options":{"image_generator_settings":{"template":"highway","default_image_id":0,"enabled":false},"version":2}},"categories":[1161,44,6937,6920,15],"tags":[2691,2365],"class_list":["post-58788","post","type-post","status-publish","format-standard","has-post-thumbnail","hentry","category-ciudadania","category-noticias-de-hoy","category-sociedad","category-tecnologia","category-ultimas-noticias","tag-personas","tag-proteccion-de-datos"],"jetpack_publicize_connections":[],"jetpack_featured_media_url":"https:\/\/i0.wp.com\/miradordeatarfe.es\/wp-content\/uploads\/2023\/01\/19137datosue.jpg?fit=1300%2C904&ssl=1","jetpack_likes_enabled":true,"jetpack_sharing_enabled":true,"_links":{"self":[{"href":"https:\/\/miradordeatarfe.es\/index.php?rest_route=\/wp\/v2\/posts\/58788","targetHints":{"allow":["GET"]}}],"collection":[{"href":"https:\/\/miradordeatarfe.es\/index.php?rest_route=\/wp\/v2\/posts"}],"about":[{"href":"https:\/\/miradordeatarfe.es\/index.php?rest_route=\/wp\/v2\/types\/post"}],"author":[{"embeddable":true,"href":"https:\/\/miradordeatarfe.es\/index.php?rest_route=\/wp\/v2\/users\/1"}],"replies":[{"embeddable":true,"href":"https:\/\/miradordeatarfe.es\/index.php?rest_route=%2Fwp%2Fv2%2Fcomments&post=58788"}],"version-history":[{"count":1,"href":"https:\/\/miradordeatarfe.es\/index.php?rest_route=\/wp\/v2\/posts\/58788\/revisions"}],"predecessor-version":[{"id":58790,"href":"https:\/\/miradordeatarfe.es\/index.php?rest_route=\/wp\/v2\/posts\/58788\/revisions\/58790"}],"wp:featuredmedia":[{"embeddable":true,"href":"https:\/\/miradordeatarfe.es\/index.php?rest_route=\/wp\/v2\/media\/58789"}],"wp:attachment":[{"href":"https:\/\/miradordeatarfe.es\/index.php?rest_route=%2Fwp%2Fv2%2Fmedia&parent=58788"}],"wp:term":[{"taxonomy":"category","embeddable":true,"href":"https:\/\/miradordeatarfe.es\/index.php?rest_route=%2Fwp%2Fv2%2Fcategories&post=58788"},{"taxonomy":"post_tag","embeddable":true,"href":"https:\/\/miradordeatarfe.es\/index.php?rest_route=%2Fwp%2Fv2%2Ftags&post=58788"}],"curies":[{"name":"wp","href":"https:\/\/api.w.org\/{rel}","templated":true}]}}