{"id":5879,"date":"2016-01-08T09:10:15","date_gmt":"2016-01-08T09:10:15","guid":{"rendered":"http:\/\/miradordeatarfe.es\/?p=5879"},"modified":"2016-01-08T08:59:23","modified_gmt":"2016-01-08T08:59:23","slug":"informacion-de-interes-sobre-la-ordenanza-de-la-tasa-de-limpieza-viaria-y-gestion-de-residuos-solidos","status":"publish","type":"post","link":"https:\/\/miradordeatarfe.es\/?p=5879","title":{"rendered":"ATARFE: Informaci\u00f3n de inter\u00e9s sobre la ordenanza de la tasa de limpieza viaria y gesti\u00f3n de residuos s\u00f3lidos"},"content":{"rendered":"<p><span class=\"contenidos_subtitulo\">En el pleno extraordinario del 30 de diciembre se procedi\u00f3 a la aprobaci\u00f3n inicial de la modificaci\u00f3n de dicha ordenanza y se abre un plazo de un mes de alegaciones una vez que se publique en\u00a0\u00a0el BOP.<\/span><br \/>\n<!--more--><\/p>\n<div>El gobierno municipal sac\u00f3 adelante en el pleno extaordinario celebrado el 30 de Diciembre -con el apoyo de Ciudadanos- la modificaci\u00f3n de la ordenanza fiscal reguladora de la tasa por el servicio de limpieza viaria y gesti\u00f3n de residuos s\u00f3lidos urbanos.<\/div>\n<div><\/div>\n<div>El cambio se produce despu\u00e9s de que la justicia anulase la ordenanza reguladora de la tasa que cobraba la Diputaci\u00f3n de Granada por el tratamiento de los residuos s\u00f3lidos. El Ayuntamiento de Atarfe incluir\u00e1 dicha tasa en la factura bimestral del agua y basura que reciben los ciudadanos.<\/div>\n<div><\/div>\n<div>Para m\u00e1s informaci\u00f3n sobre lo ocurrido en el debate plenario pueden\u00a0<a class=\"enlaces_contenidos\" href=\"http:\/\/www.ciudadatarfe.com\/index.php?g=1&amp;c=1&amp;c2=&amp;f1=contenidos&amp;s1=see_contenido_seleccionado&amp;f2=&amp;s2=&amp;pag=&amp;orden=desc&amp;criterio=orden_comonoticia&amp;ob=&amp;spp=&amp;sp=a8cb59081e791ed84a32703a75711b58&amp;cp=fbd9e73adeaeb71ce42c0c55297d19ea&amp;source=inicio\" target=\"_blank\"><strong>consultar este enlace<\/strong><\/a>. Una vez que se publique en el Bolet\u00edn Oficial de la Provincia el siguiente edicto que reproducimos a continuaci\u00f3n, todo vecino o empresario que quiera presentar alegaciones podr\u00e1 consultar el expediente en las oficinas municipales.<\/div>\n<div><\/div>\n<div><img data-recalc-dims=\"1\" loading=\"lazy\" decoding=\"async\" class=\"\" src=\"https:\/\/i0.wp.com\/www.ciudadatarfe.com\/data\/fotos_contenidos_web\/1460_1783_20160105121326.jpg?resize=640%2C585\" alt=\"\" width=\"640\" height=\"585\" border=\"0\" \/><\/div>\n<div><\/div>\n<div><\/div>\n<p>&nbsp;<\/p>\n<div align=\"right\"><a href=\"http:\/\/www.ciudadatarfe.com\/index.php\"><img data-recalc-dims=\"1\" decoding=\"async\" src=\"https:\/\/i0.wp.com\/www.ciudadatarfe.com\/imagenes\/boton_volver.gif?w=640\" alt=\"Volver al Listado\" align=\"absmiddle\" border=\"0\" \/><\/a><\/div>\n","protected":false},"excerpt":{"rendered":"<p>En el pleno extraordinario del 30 de diciembre se procedi\u00f3 a la aprobaci\u00f3n inicial de&#8230;<\/p>\n","protected":false},"author":1,"featured_media":5880,"comment_status":"closed","ping_status":"closed","sticky":false,"template":"","format":"standard","meta":{"_coblocks_attr":"","_coblocks_dimensions":"","_coblocks_responsive_height":"","_coblocks_accordion_ie_support":"","jetpack_post_was_ever_published":false,"_jetpack_newsletter_access":"","_jetpack_dont_email_post_to_subs":false,"_jetpack_newsletter_tier_id":0,"_jetpack_memberships_contains_paywalled_content":false,"_jetpack_memberships_contains_paid_content":false,"footnotes":"","jetpack_publicize_message":"","jetpack_publicize_feature_enabled":true,"jetpack_social_post_already_shared":false,"jetpack_social_options":{"image_generator_settings":{"template":"highway","default_image_id":0,"enabled":false},"version":2}},"categories":[2,1161,44,15],"tags":[1470,1082],"class_list":["post-5879","post","type-post","status-publish","format-standard","has-post-thumbnail","hentry","category-atarfe","category-ciudadania","category-noticias-de-hoy","category-ultimas-noticias","tag-limpieza","tag-residuos"],"jetpack_publicize_connections":[],"jetpack_featured_media_url":"https:\/\/i0.wp.com\/miradordeatarfe.es\/wp-content\/uploads\/2016\/01\/Ecologistas_2-750b8.jpg?fit=440%2C295&ssl=1","jetpack_likes_enabled":true,"jetpack_sharing_enabled":true,"_links":{"self":[{"href":"https:\/\/miradordeatarfe.es\/index.php?rest_route=\/wp\/v2\/posts\/5879","targetHints":{"allow":["GET"]}}],"collection":[{"href":"https:\/\/miradordeatarfe.es\/index.php?rest_route=\/wp\/v2\/posts"}],"about":[{"href":"https:\/\/miradordeatarfe.es\/index.php?rest_route=\/wp\/v2\/types\/post"}],"author":[{"embeddable":true,"href":"https:\/\/miradordeatarfe.es\/index.php?rest_route=\/wp\/v2\/users\/1"}],"replies":[{"embeddable":true,"href":"https:\/\/miradordeatarfe.es\/index.php?rest_route=%2Fwp%2Fv2%2Fcomments&post=5879"}],"version-history":[{"count":2,"href":"https:\/\/miradordeatarfe.es\/index.php?rest_route=\/wp\/v2\/posts\/5879\/revisions"}],"predecessor-version":[{"id":5889,"href":"https:\/\/miradordeatarfe.es\/index.php?rest_route=\/wp\/v2\/posts\/5879\/revisions\/5889"}],"wp:featuredmedia":[{"embeddable":true,"href":"https:\/\/miradordeatarfe.es\/index.php?rest_route=\/wp\/v2\/media\/5880"}],"wp:attachment":[{"href":"https:\/\/miradordeatarfe.es\/index.php?rest_route=%2Fwp%2Fv2%2Fmedia&parent=5879"}],"wp:term":[{"taxonomy":"category","embeddable":true,"href":"https:\/\/miradordeatarfe.es\/index.php?rest_route=%2Fwp%2Fv2%2Fcategories&post=5879"},{"taxonomy":"post_tag","embeddable":true,"href":"https:\/\/miradordeatarfe.es\/index.php?rest_route=%2Fwp%2Fv2%2Ftags&post=5879"}],"curies":[{"name":"wp","href":"https:\/\/api.w.org\/{rel}","templated":true}]}}