{"id":58802,"date":"2023-01-22T11:00:44","date_gmt":"2023-01-22T10:00:44","guid":{"rendered":"https:\/\/miradordeatarfe.es\/?p=58802"},"modified":"2023-10-21T20:24:50","modified_gmt":"2023-10-21T18:24:50","slug":"atarfenos-del-mundo-de-la-ciencia-alvaro-villazan-ramirez","status":"publish","type":"post","link":"https:\/\/miradordeatarfe.es\/?p=58802","title":{"rendered":"ATARFE\u00d1OS DEL MUNDO DE LA CIENCIA: \u00c1lvaro Villaz\u00e1n Ram\u00edrez"},"content":{"rendered":"<h3 style=\"text-align: left;\">\u00c1lvaro Villaz\u00e1n Ram\u00edrez . Licenciado\u00a0en\u00a0Medicina\u00a0y\u00a0Cirug\u00eda,\u00a0Especialista\u00a0en\u00a0Cirug\u00eda\u00a0Ortop\u00e9dica\u00a0y\u00a0Traumatolog\u00eda\u00a0Granada<\/h3>\n<p style=\"text-align: justify;\">ESCUCHAR\u00bb: Prestar atenci\u00f3n a lo que uno oye. Hacer caso de un consejo o aviso.<\/p>\n<p style=\"text-align: justify;\">Tuve la suerte de escuchar a mis maestros en la educaci\u00f3n primaria. Tuve la suerte de escuchar a mis padres. Mis maestros me ense\u00f1aban contenidos,distintas asignaturas, pero tambi\u00e9n me\u00a0ense\u00f1aban vida, los escuchaba.Mis\u00a0padres\u00a0me\u00a0recordaban\u00a0cu\u00e1l\u00a0ser\u00eda\u00a0mi\u00a0futuro\u00a0si\u00a0me\u00a0dejaba\u00a0llevar\u00a0por\u00a0la\u00a0inercia\u00a0de\u00a0vivir y s\u00f3lo ve\u00eda el trabajo del obrero del campo, las otras opciones depend\u00edan s\u00f3lo de m\u00ed.<\/p>\n<p style=\"text-align: justify;\">De muy peque\u00f1o opt\u00e9 por escuchar y marcarme un objetivo simple: \u00abQuiero aprender para tener m\u00e1s opciones , y me d\u00ed cuenta que ese prop\u00f3sito s\u00f3lo se alcanzaba con la constancia en el esfuerzo diario. Ese\u00a0objetivo\u00a0es\u00a0el\u00a0motor,\u00a0la\u00a0motivaci\u00f3n,\u00a0la\u00a0ilusi\u00f3n\u00a0que\u00a0consigue\u00a0que\u00a0trabajes\u00a0d\u00eda\u00a0a\u00a0d\u00eda,\u00a0que a la vez te diviertas, que quieras explorar la vida sin caer en tentaciones f\u00e1ciles que te\u00a0desv\u00eden de esa meta marcada.<\/p>\n<p style=\"text-align: justify;\">\u00abA\u00a0quien quiera escuchar\u00bb<\/p>\n<p style=\"text-align: justify;\">Por lo que respecta a la ciencia, el conocimiento cient\u00edfico te hace ser m\u00e1s feliz al descubrir c\u00f3mo funcionan los procesos de la vida, en mi caso c\u00f3mo funciona el cuerpo humano. El\u00a0conocimiento\u00a0cient\u00edfico\u00a0te\u00a0hace\u00a0ser\u00a0m\u00e1s\u00a0libre\u00a0para\u00a0poder\u00a0elegir.\u00a0El conocimiento cient\u00edfico te abrir\u00e1 puertas.<\/p>\n<p style=\"text-align: justify;\">\u00abA\u00a0quien quiera escuchar\u00bb<\/p>\n<p><a href=\"https:\/\/i0.wp.com\/miradordeatarfe.es\/wp-content\/uploads\/2023\/01\/Alvaro-Villazan-Ramirez-scaled.jpeg?ssl=1\"><img data-recalc-dims=\"1\" loading=\"lazy\" decoding=\"async\" class=\"alignnone size-full wp-image-58803\" src=\"https:\/\/i0.wp.com\/miradordeatarfe.es\/wp-content\/uploads\/2023\/01\/Alvaro-Villazan-Ramirez-scaled.jpeg?resize=640%2C853&#038;ssl=1\" alt=\"\" width=\"640\" height=\"853\" srcset=\"https:\/\/i0.wp.com\/miradordeatarfe.es\/wp-content\/uploads\/2023\/01\/Alvaro-Villazan-Ramirez-scaled.jpeg?w=1920&amp;ssl=1 1920w, https:\/\/i0.wp.com\/miradordeatarfe.es\/wp-content\/uploads\/2023\/01\/Alvaro-Villazan-Ramirez-scaled.jpeg?resize=225%2C300&amp;ssl=1 225w, https:\/\/i0.wp.com\/miradordeatarfe.es\/wp-content\/uploads\/2023\/01\/Alvaro-Villazan-Ramirez-scaled.jpeg?resize=768%2C1024&amp;ssl=1 768w, https:\/\/i0.wp.com\/miradordeatarfe.es\/wp-content\/uploads\/2023\/01\/Alvaro-Villazan-Ramirez-scaled.jpeg?resize=1152%2C1536&amp;ssl=1 1152w, https:\/\/i0.wp.com\/miradordeatarfe.es\/wp-content\/uploads\/2023\/01\/Alvaro-Villazan-Ramirez-scaled.jpeg?resize=1536%2C2048&amp;ssl=1 1536w, https:\/\/i0.wp.com\/miradordeatarfe.es\/wp-content\/uploads\/2023\/01\/Alvaro-Villazan-Ramirez-scaled.jpeg?resize=1320%2C1760&amp;ssl=1 1320w\" sizes=\"auto, (max-width: 640px) 100vw, 640px\" \/><\/a><\/p>\n","protected":false},"excerpt":{"rendered":"<p>\u00c1lvaro Villaz\u00e1n Ram\u00edrez . Licenciado\u00a0en\u00a0Medicina\u00a0y\u00a0Cirug\u00eda,\u00a0Especialista\u00a0en\u00a0Cirug\u00eda\u00a0Ortop\u00e9dica\u00a0y\u00a0Traumatolog\u00eda\u00a0Granada ESCUCHAR\u00bb: Prestar atenci\u00f3n a lo que uno oye. Hacer caso&#8230;<\/p>\n","protected":false},"author":1,"featured_media":58804,"comment_status":"closed","ping_status":"closed","sticky":false,"template":"","format":"standard","meta":{"_coblocks_attr":"","_coblocks_dimensions":"","_coblocks_responsive_height":"","_coblocks_accordion_ie_support":"","jetpack_post_was_ever_published":false,"_jetpack_newsletter_access":"","_jetpack_dont_email_post_to_subs":false,"_jetpack_newsletter_tier_id":0,"_jetpack_memberships_contains_paywalled_content":false,"_jetpack_memberships_contains_paid_content":false,"footnotes":"","jetpack_publicize_message":"","jetpack_publicize_feature_enabled":true,"jetpack_social_post_already_shared":false,"jetpack_social_options":{"image_generator_settings":{"template":"highway","default_image_id":0,"enabled":false},"version":2}},"categories":[9597,10778,6539],"tags":[9605,9598],"class_list":["post-58802","post","type-post","status-publish","format-standard","has-post-thumbnail","hentry","category-cientificos-atarfenos","category-feria-de-la-ciencia-atarfe","category-personajes-de-ataref","tag-ciencia-atarfe","tag-cientificos-atarfenos"],"jetpack_publicize_connections":[],"jetpack_featured_media_url":"https:\/\/i0.wp.com\/miradordeatarfe.es\/wp-content\/uploads\/2023\/01\/Alvaro-Villazan-Ramirez-1.jpeg?fit=1047%2C633&ssl=1","jetpack_likes_enabled":true,"jetpack_sharing_enabled":true,"_links":{"self":[{"href":"https:\/\/miradordeatarfe.es\/index.php?rest_route=\/wp\/v2\/posts\/58802","targetHints":{"allow":["GET"]}}],"collection":[{"href":"https:\/\/miradordeatarfe.es\/index.php?rest_route=\/wp\/v2\/posts"}],"about":[{"href":"https:\/\/miradordeatarfe.es\/index.php?rest_route=\/wp\/v2\/types\/post"}],"author":[{"embeddable":true,"href":"https:\/\/miradordeatarfe.es\/index.php?rest_route=\/wp\/v2\/users\/1"}],"replies":[{"embeddable":true,"href":"https:\/\/miradordeatarfe.es\/index.php?rest_route=%2Fwp%2Fv2%2Fcomments&post=58802"}],"version-history":[{"count":3,"href":"https:\/\/miradordeatarfe.es\/index.php?rest_route=\/wp\/v2\/posts\/58802\/revisions"}],"predecessor-version":[{"id":58806,"href":"https:\/\/miradordeatarfe.es\/index.php?rest_route=\/wp\/v2\/posts\/58802\/revisions\/58806"}],"wp:featuredmedia":[{"embeddable":true,"href":"https:\/\/miradordeatarfe.es\/index.php?rest_route=\/wp\/v2\/media\/58804"}],"wp:attachment":[{"href":"https:\/\/miradordeatarfe.es\/index.php?rest_route=%2Fwp%2Fv2%2Fmedia&parent=58802"}],"wp:term":[{"taxonomy":"category","embeddable":true,"href":"https:\/\/miradordeatarfe.es\/index.php?rest_route=%2Fwp%2Fv2%2Fcategories&post=58802"},{"taxonomy":"post_tag","embeddable":true,"href":"https:\/\/miradordeatarfe.es\/index.php?rest_route=%2Fwp%2Fv2%2Ftags&post=58802"}],"curies":[{"name":"wp","href":"https:\/\/api.w.org\/{rel}","templated":true}]}}