{"id":58827,"date":"2023-01-23T11:19:58","date_gmt":"2023-01-23T10:19:58","guid":{"rendered":"https:\/\/miradordeatarfe.es\/?p=58827"},"modified":"2023-02-17T20:06:29","modified_gmt":"2023-02-17T19:06:29","slug":"los-ninos-monos-de-vox-por-remedios-sanchez","status":"publish","type":"post","link":"https:\/\/miradordeatarfe.es\/?p=58827","title":{"rendered":"\u00abLOS NI\u00d1OS MONOS DE VOX\u00bb por Remedios S\u00e1nchez"},"content":{"rendered":"<h3 align=\"JUSTIFY\"><span style=\"font-family: Times New Roman, serif;\"><span style=\"font-size: medium;\"><span lang=\"es-ES\"> Hubo quien pens\u00f3 que la marcha de Macarena Olona de Vox iba a suponer que nos qued\u00e1bamos sin diversi\u00f3n semanal, sin las ocurrencias de salida de pata de banco de la extrema derecha, pero se equivocaron, como la paloma albertiana.<\/span><\/span><\/span><\/h3>\n<p align=\"JUSTIFY\"><span style=\"font-family: Times New Roman, serif;\"><span style=\"font-size: medium;\"><span lang=\"es-ES\"> Ahora que Olona transita confusa por las redes sin saber si sube o baja, si es de izquierdas, de derechas o qu\u00e9 se yo, han llegado los recambios, estas nuevas generaciones de saltabalates (dicho en grana\u00edno) que, si se les aplica aquello de la comparaci\u00f3n, convierten a la alicantina en una Dem\u00f3stenes posmoderna. M\u00e1s si se mira lo que dice ahora que est\u00e1 repensando lo que fue y lo que es, despu\u00e9s de haber visto la luz en el camino de Santiago. Porque lo de Macarena no tendr\u00eda coherencia como interpretaci\u00f3n realista planteada por una mujer del siglo XXI; pero por lo menos la sintaxis, que es la geograf\u00eda f\u00edsica de la lengua, ten\u00eda l\u00f3gica y propiciaba un mensaje interpretable, un discurso que poner de vuelta y media un d\u00eda s\u00ed y otro tambi\u00e9n, con sus hooligans esperando para aplicarnos luego la venganza tuitera. Es decir, nihil novum sub sole. Pero despu\u00e9s llegaron ellos, esos muchachos b\u00e1rbaros que han hecho de la palabra una forma de agredir al mundo (racional) haciendo el mayor de los rid\u00edculos. <\/span><\/span><\/span><\/p>\n<p align=\"JUSTIFY\"><span style=\"font-family: Times New Roman, serif;\"><span style=\"font-size: medium;\"><span lang=\"es-ES\">Y si no, que se lo pregunten a Fern\u00e1ndez-Ma\u00f1ueco, que lleva una semana intentando justificar que no dijo lo que s\u00ed afirm\u00f3 este chiquito guap\u00edn que es Juan Garc\u00eda-Gallado, su vicepresidente, aprendiz de for\u00fanculo y la m\u00e1s acabada explicaci\u00f3n que se le puede dar al t\u00edtulo del poemario albertiano dedicado a los c\u00f3micos del primer cine: yo era un tonto y lo que he visto me ha hecho dos tontos. <\/span><\/span><\/span><\/p>\n<p align=\"JUSTIFY\"><span style=\"font-family: Times New Roman, serif;\"><span style=\"font-size: medium;\"><span lang=\"es-ES\">Un siglo, casi, media entre esta obra del visionario poeta portuense y la realidad tangible y peripat\u00e9tica que es Garc\u00eda-Gallardo con sus declaraciones rimbombantes sobre esa normativa inexistente que quiso vendernos sobre el aborto en su comunidad. Y uso el vocablo peripat\u00e9tico en el sentido etimol\u00f3gico del t\u00e9rmino, referido a los aprendices de fil\u00f3sofo aristot\u00e9lico dedicados al noble arte del paseo mientras meditaban y hablaban sobre el universo fund\u00e1ndose en que primero hab\u00eda que adquirir experiencias y luego sacar conclusiones. Pero como estos chicos piensan que la sabidur\u00eda se basa en la cantidad de gomina que se han echado esa ma\u00f1ana, se ponen filos\u00f3ficos a pesar de ser claramente incapaces de simultanear los actos de caminar y reflexionar. O, adaptado al momento presente de coche oficial: que no poseen la habilidad de pensar y mascar chicle a la vez. Por eso muchos se han centrado en lo del chicle, porque pensar antes de hablar cuesta m\u00e1s esfuerzo y tampoco vamos a exprimir las meninges por un sueldecillo de 81.000 euros brutos, que es como cobran estos se\u00f1ores tan repeinados. A lo bruto.<\/span><\/span><\/span><\/p>\n<p align=\"JUSTIFY\"><span style=\"font-family: Times New Roman, serif;\"><span style=\"font-size: medium;\"><span lang=\"es-ES\"> Tal vez Fern\u00e1ndez-Ma\u00f1ueco se salve de \u00e9sta batalla, pero la guerra s\u00f3lo acaba de empezar para el presidente castellano-leon\u00e9s, que, en un apresuramiento innecesario, cambi\u00f3 a los moderados Ciudadanos por unos personajes esperp\u00e9nticos -\u00e9stos- que, dignos herederos de \u2018La escopeta nacional\u2019, no s\u00f3lo tienen problemas para aplicar el sentido democr\u00e1tico sino tambi\u00e9n el sentido com\u00fan. Ay, qu\u00e9 fuente de inspiraci\u00f3n tan sublime hubieran sido para la novela inacabada de Musil, \u2018El hombre sin atributos\u2019. Y ellos, tan monos y dispuestos siempre, hubieran estado felices ejerciendo de protagonistas&#8230;<\/span><\/span><\/span><\/p>\n<p align=\"JUSTIFY\">FOTO: EL ESPA\u00d1OL<\/p>\n<p align=\"JUSTIFY\">\u00a0<\/p>\n","protected":false},"excerpt":{"rendered":"<p>Hubo quien pens\u00f3 que la marcha de Macarena Olona de Vox iba a suponer que&#8230;<\/p>\n","protected":false},"author":1,"featured_media":58924,"comment_status":"closed","ping_status":"closed","sticky":false,"template":"","format":"standard","meta":{"_coblocks_attr":"","_coblocks_dimensions":"","_coblocks_responsive_height":"","_coblocks_accordion_ie_support":"","jetpack_post_was_ever_published":false,"_jetpack_newsletter_access":"","_jetpack_dont_email_post_to_subs":false,"_jetpack_newsletter_tier_id":0,"_jetpack_memberships_contains_paywalled_content":false,"_jetpack_memberships_contains_paid_content":false,"footnotes":"","jetpack_publicize_message":"","jetpack_publicize_feature_enabled":true,"jetpack_social_post_already_shared":true,"jetpack_social_options":{"image_generator_settings":{"template":"highway","default_image_id":0,"enabled":false},"version":2}},"categories":[1161,14,44,7671,6914,6937,15],"tags":[9954,349,5518],"class_list":["post-58827","post","type-post","status-publish","format-standard","has-post-thumbnail","hentry","category-ciudadania","category-feminismo","category-noticias-de-hoy","category-politica","category-opinion-de-reme-sanchez","category-sociedad","category-ultimas-noticias","tag-castilla-y-leon","tag-pp","tag-vox"],"jetpack_publicize_connections":[],"jetpack_featured_media_url":"https:\/\/i0.wp.com\/miradordeatarfe.es\/wp-content\/uploads\/2023\/01\/VOX.webp?fit=1706%2C960&ssl=1","jetpack_likes_enabled":true,"jetpack_sharing_enabled":true,"_links":{"self":[{"href":"https:\/\/miradordeatarfe.es\/index.php?rest_route=\/wp\/v2\/posts\/58827","targetHints":{"allow":["GET"]}}],"collection":[{"href":"https:\/\/miradordeatarfe.es\/index.php?rest_route=\/wp\/v2\/posts"}],"about":[{"href":"https:\/\/miradordeatarfe.es\/index.php?rest_route=\/wp\/v2\/types\/post"}],"author":[{"embeddable":true,"href":"https:\/\/miradordeatarfe.es\/index.php?rest_route=\/wp\/v2\/users\/1"}],"replies":[{"embeddable":true,"href":"https:\/\/miradordeatarfe.es\/index.php?rest_route=%2Fwp%2Fv2%2Fcomments&post=58827"}],"version-history":[{"count":3,"href":"https:\/\/miradordeatarfe.es\/index.php?rest_route=\/wp\/v2\/posts\/58827\/revisions"}],"predecessor-version":[{"id":58925,"href":"https:\/\/miradordeatarfe.es\/index.php?rest_route=\/wp\/v2\/posts\/58827\/revisions\/58925"}],"wp:featuredmedia":[{"embeddable":true,"href":"https:\/\/miradordeatarfe.es\/index.php?rest_route=\/wp\/v2\/media\/58924"}],"wp:attachment":[{"href":"https:\/\/miradordeatarfe.es\/index.php?rest_route=%2Fwp%2Fv2%2Fmedia&parent=58827"}],"wp:term":[{"taxonomy":"category","embeddable":true,"href":"https:\/\/miradordeatarfe.es\/index.php?rest_route=%2Fwp%2Fv2%2Fcategories&post=58827"},{"taxonomy":"post_tag","embeddable":true,"href":"https:\/\/miradordeatarfe.es\/index.php?rest_route=%2Fwp%2Fv2%2Ftags&post=58827"}],"curies":[{"name":"wp","href":"https:\/\/api.w.org\/{rel}","templated":true}]}}