{"id":5886,"date":"2016-01-07T16:03:53","date_gmt":"2016-01-07T16:03:53","guid":{"rendered":"http:\/\/miradordeatarfe.es\/?p=5886"},"modified":"2016-01-07T16:03:53","modified_gmt":"2016-01-07T16:03:53","slug":"un-total-de-74-vecinos-de-atarfe-son-contratados-para-realizar-labores-de-apoyo-a-los-servicios-municipales","status":"publish","type":"post","link":"https:\/\/miradordeatarfe.es\/?p=5886","title":{"rendered":"Un total de 74 vecinos de Atarfe son contratados para realizar labores de apoyo a los servicios municipales"},"content":{"rendered":"<p><span class=\"contenidos_subtitulo\">El alcalde Francisco Rodr\u00edguez Quesada\u00a0\u00a0insta a las personas en riesgo exclusi\u00f3n que han sido seleccionadas a que \u201ctomen conciencia de la necesidad de que el dinero p\u00fablico se gaste bien\u201d.<\/span><br \/>\n<!--more--><\/p>\n<div><\/div>\n<div style=\"text-align: justify;\">Un total de 74 vecinos de Atarfe se incorporan desde hoy a tareas de apoyo a los servicios que presta el Ayuntamiento en el municipio y sus pedan\u00edas. Se trata de un<a class=\"enlaces_contenidos\" href=\"http:\/\/www.ciudadatarfe.com\/index.php?g=1&amp;c=1&amp;c2=&amp;f1=contenidos&amp;s1=see_contenido_seleccionado&amp;f2=&amp;s2=&amp;pag=14&amp;orden=desc&amp;criterio=orden_comonoticia&amp;ob=&amp;spp=d54c6bf76cd5a64c4102c0aac9943ca5&amp;sp=d54c6bf76cd5a64c4102c0aac9943ca5&amp;cp=d781c93144f3dabe85018e914533792c&amp;source=listnoticias\" target=\"_blank\"> <strong>programa extraordinario de ayudas para la inclusi\u00f3n social que pone en marcha la Junta de Andaluc\u00eda<\/strong><\/a>\u00a0y que permitir\u00e1 la contrataci\u00f3n por espacio de un mes de personas que han acreditado una situaci\u00f3n de riesgo.<\/div>\n<div style=\"text-align: justify;\"><\/div>\n<div style=\"text-align: justify;\">El alcalde de Atarfe, <strong>Francisco Rodr\u00edguez Quesada<\/strong>, convoc\u00f3 en el sal\u00f3n de plenos a las personas seleccionadas para la realizaci\u00f3n de los trabajos, a los que traslad\u00f3 la necesidad de \u201ctomar conciencia del trabajo a realizar para que el dinero p\u00fablico se gaste bien\u201d. \u201cIndependientemente de la tarea que nos asignen, tenemos que cumplir con ella porque es un dinero que es de todos y todos van a estar expectantes para ver si se cumple. La gente cuando paga sus impuestos quiere que se ayude a los dem\u00e1s pero tambi\u00e9n que los dem\u00e1s cumplan con sus obligaciones\u201d, a\u00f1adi\u00f3.<\/div>\n<div style=\"text-align: justify;\"><\/div>\n<div style=\"text-align: justify;\">En el decreto ley de medidas extraordinarias y urgentes de la Junta de Andaluc\u00eda se establece que las personas seleccionadas tienen que estar empadronadas en Atarfe, encontrarse en situaci\u00f3n de exclusi\u00f3n social o en riesgo de estarlo, y cumplir, adem\u00e1s, los requisitos exigidos sobre el importe m\u00e1ximo de los ingresos netos del conjunto de las personas que forman la unidad familiar.<\/div>\n<div style=\"text-align: justify;\"><\/div>\n<div style=\"text-align: justify;\">Los 74 trabajadores se dividir\u00e1n en cuadrillas bajo la supervisi\u00f3n de un empleado municipal que les orientar\u00e1 &#8211; en su horario laboral de 23,5 horas semanales- en las tareas que tienen por delante: limpieza viaria y de edificios municipales, personal de apoyo para el cuidado de parques y jardines, cementerio municipal, urbanizaciones y espacios naturales; y adecentamiento de almacenes municipales.<\/div>\n<div style=\"text-align: justify;\"><\/div>\n<div style=\"text-align: justify;\">A todos ellos se les dotar\u00e1 de las herramientas precisas para la realizaci\u00f3n de su trabajo. Desde el Ayuntamiento de Atarfe se persigue como principal objetivo que la labor que lleven a cabo las personas seleccionadas tenga un reflejo positivo en el municipio.<\/div>\n<div style=\"text-align: justify;\"><\/div>\n<p>&nbsp;<\/p>\n<div align=\"right\"><a href=\"http:\/\/www.ciudadatarfe.com\/index.php\"><img data-recalc-dims=\"1\" decoding=\"async\" src=\"https:\/\/i0.wp.com\/www.ciudadatarfe.com\/imagenes\/boton_volver.gif?w=640\" alt=\"Volver al Listado\" align=\"absmiddle\" border=\"0\" \/><\/a><\/div>\n","protected":false},"excerpt":{"rendered":"<p>El alcalde Francisco Rodr\u00edguez Quesada\u00a0\u00a0insta a las personas en riesgo exclusi\u00f3n que han sido seleccionadas&#8230;<\/p>\n","protected":false},"author":1,"featured_media":5887,"comment_status":"closed","ping_status":"closed","sticky":false,"template":"","format":"standard","meta":{"_coblocks_attr":"","_coblocks_dimensions":"","_coblocks_responsive_height":"","_coblocks_accordion_ie_support":"","jetpack_post_was_ever_published":false,"_jetpack_newsletter_access":"","_jetpack_dont_email_post_to_subs":false,"_jetpack_newsletter_tier_id":0,"_jetpack_memberships_contains_paywalled_content":false,"_jetpack_memberships_contains_paid_content":false,"footnotes":"","jetpack_publicize_message":"","jetpack_publicize_feature_enabled":true,"jetpack_social_post_already_shared":false,"jetpack_social_options":{"image_generator_settings":{"template":"highway","default_image_id":0,"enabled":false},"version":2}},"categories":[2,44,15],"tags":[81,1191,934,156],"class_list":["post-5886","post","type-post","status-publish","format-standard","has-post-thumbnail","hentry","category-atarfe","category-noticias-de-hoy","category-ultimas-noticias","tag-atarfe","tag-exclusion-social","tag-junta-de-andalucia","tag-paro"],"jetpack_publicize_connections":[],"jetpack_featured_media_url":"https:\/\/i0.wp.com\/miradordeatarfe.es\/wp-content\/uploads\/2016\/01\/2.jpg?fit=442%2C249&ssl=1","jetpack_likes_enabled":true,"jetpack_sharing_enabled":true,"_links":{"self":[{"href":"https:\/\/miradordeatarfe.es\/index.php?rest_route=\/wp\/v2\/posts\/5886","targetHints":{"allow":["GET"]}}],"collection":[{"href":"https:\/\/miradordeatarfe.es\/index.php?rest_route=\/wp\/v2\/posts"}],"about":[{"href":"https:\/\/miradordeatarfe.es\/index.php?rest_route=\/wp\/v2\/types\/post"}],"author":[{"embeddable":true,"href":"https:\/\/miradordeatarfe.es\/index.php?rest_route=\/wp\/v2\/users\/1"}],"replies":[{"embeddable":true,"href":"https:\/\/miradordeatarfe.es\/index.php?rest_route=%2Fwp%2Fv2%2Fcomments&post=5886"}],"version-history":[{"count":1,"href":"https:\/\/miradordeatarfe.es\/index.php?rest_route=\/wp\/v2\/posts\/5886\/revisions"}],"predecessor-version":[{"id":5888,"href":"https:\/\/miradordeatarfe.es\/index.php?rest_route=\/wp\/v2\/posts\/5886\/revisions\/5888"}],"wp:featuredmedia":[{"embeddable":true,"href":"https:\/\/miradordeatarfe.es\/index.php?rest_route=\/wp\/v2\/media\/5887"}],"wp:attachment":[{"href":"https:\/\/miradordeatarfe.es\/index.php?rest_route=%2Fwp%2Fv2%2Fmedia&parent=5886"}],"wp:term":[{"taxonomy":"category","embeddable":true,"href":"https:\/\/miradordeatarfe.es\/index.php?rest_route=%2Fwp%2Fv2%2Fcategories&post=5886"},{"taxonomy":"post_tag","embeddable":true,"href":"https:\/\/miradordeatarfe.es\/index.php?rest_route=%2Fwp%2Fv2%2Ftags&post=5886"}],"curies":[{"name":"wp","href":"https:\/\/api.w.org\/{rel}","templated":true}]}}