{"id":58872,"date":"2023-01-27T11:00:00","date_gmt":"2023-01-27T10:00:00","guid":{"rendered":"https:\/\/miradordeatarfe.es\/?p=58872"},"modified":"2023-01-23T20:42:34","modified_gmt":"2023-01-23T19:42:34","slug":"atarfe-50-anos-despues-o-la-otra-memoria-hstorica-por-francisco-luis-rajoy","status":"publish","type":"post","link":"https:\/\/miradordeatarfe.es\/?p=58872","title":{"rendered":"\u00abATARFE, 50 A\u00d1OS DESPU\u00c9S O LA OTRA MEMORIA HST\u00d3RICA\u00bb por Francisco Luis Rajoy"},"content":{"rendered":"<h3 style=\"text-align: justify;\">Han pasado cincuenta a\u00f1os desde que me vi obligado a salir de Atarfe.<\/h3>\n<p style=\"text-align: justify;\">Digo bien en lo de verme obligado, al igual que miles de atarfe\u00f1os que a lo largo de esos a\u00f1os nos hemos ido dispersando a lo largo de la geograf\u00eda nacional, de Europa y otros lugares del mundo.<\/p>\n<p style=\"text-align: justify;\">Nadie abandona libre y voluntariamente su lugar de nacimiento, su cultura, sus costumbres, sus\u00a0 famliares, sus amigos. Nadie renuncia a su identidad y al final te preguntas, a cambio de qu\u00e9 y si el peaje pagado a lo largo del camino compensa y ha valido la pena.<\/p>\n<p style=\"text-align: justify;\">Cuando ocasionalmente, de forma temporal, uno vuelve al lugar de origen, nadie te pregunta acerca de tu experiencia personal, de lo que piensas o sientes en otro lugar donde las costumbres, donde el idioma, donde la cultura es tan diferente a la tuya. No, lo que de forma morbosa y reiterativa le interesa a la gente es si econ\u00f3micamente est\u00e1s haciendo fortuna, porque en caso contrario, se considera un fracaso, que para ese viaje no se necesitaban alforjas.<\/p>\n<p style=\"text-align: justify;\">Curiosamente, y de forma absolutamente fr\u00edvola, la gente mide el grado del bienestar, del \u00e9xito y del fracaso en el dinero, De ese error manifiesto sacar\u00eda yo a la gente invit\u00e1ndola a que durante una buena temporada vivieran esa experiencia de la inmigraci\u00f3n\/emigraci\u00f3n para que la valoraran y apreciaran en su justa medida.<\/p>\n<p style=\"text-align: justify;\">La memoria hist\u00f3rica a la que me refiero no es la tr\u00e1gica, la dolorosa, la sangrienta que se usa de forma obscena y demag\u00f3gica, aquella que utilizan los pol\u00edticos con sus intereses partidistas pretendiendo obtener los mejores r\u00e9ditos en beneficio propio y como arma arrojadiza contra otro rival pol\u00edtico. Situaci\u00f3n que provocaron ellos, dicho sea de paso, en el pasado movidos por los intereses oscuros y miserables que rigen la condici\u00f3n del ser humano.<\/p>\n<p style=\"text-align: justify;\">Pero esta memoria hist\u00f3rica merece un art\u00edculo aparte y m\u00e1s profundo.\u00a0 La memoria hist\u00f3rica a la que me refiero es el recuerdo especial que merecen aquellos miles de atarfe\u00f1os que un d\u00eda se marcharon dejando atr\u00e1s lo m\u00e1s querido, ra\u00edces, familia, amigos, en resumen, su esencia m\u00e1s profunda, su raz\u00f3n de ser. Iniciando una aventura hacia lo desconocido, hacia ninguna parte. Es\u00a0 en sinsentido que para subsistir en esta vida tengas que abandonar lo m\u00e1s<br \/>\nquerido.<\/p>\n<p style=\"text-align: justify;\">Mi memoria, mi recuerdo especial, mi homenaje m\u00e1s sentido hacia todos aquellos atarfe\u00f1os que lejos de su tierra la siguen llevando en su memoria y en su coraz\u00f3n, que se sienten orgullosos de ejercer su atarfe\u00f1ismo, de su cultura, de sus costumbres. Atarfe\u00f1os que no han renunciado a serlo y con su ejemplo han hecho m\u00e1s grande su patria chica, aunque esta patria los haya olvidado a ellos.<\/p>\n<p style=\"text-align: justify;\">Pero est\u00e1 claro que este recuerdo, esta memoria hist\u00f3rica de miles de atarfe\u00f1os que han dejado su vida y sus l\u00e1grimas enterradas en cualquier cuneta del camino, no genera r\u00e9ditos pol\u00edticos. Seguro que en Atarfe existen bastante monumentos que con intenci\u00f3n demag\u00f3gica han ido levantando los pol\u00edticos por cualquier motivo banal y est\u00fapido y encima se han sentido orgullosos de ello.<\/p>\n<p style=\"text-align: justify;\">En cambio, no hay ninguno que con mayor fundamento se haya levantado a la memoria de aquellos que un d\u00eda marcharon para nunca m\u00e1s volver. Va siendo hora que se haga justicia y se subsane este error hist\u00f3rico y se recupere para siempre la memoria hist\u00f3rica de los injustamente olvidados.<\/p>\n<p style=\"text-align: justify;\">\n\u201cErmita, hermosa, callada y silenciosa,<br \/>\nque en la quietud de la playa de la Sierra me esperas.<br \/>\nUn atardecer, el viento del Sur a la vela<br \/>\nde mi barca empujar\u00e1 y en tu playa eterna,<br \/>\npara siempre, a mi esp\u00edritu depositar\u00e1\u201d<\/p>\n<p style=\"text-align: justify;\">F. L. Rajoy Varela.<\/p>\n","protected":false},"excerpt":{"rendered":"<p>Han pasado cincuenta a\u00f1os desde que me vi obligado a salir de Atarfe. Digo bien&#8230;<\/p>\n","protected":false},"author":1,"featured_media":0,"comment_status":"closed","ping_status":"closed","sticky":false,"template":"","format":"standard","meta":{"_coblocks_attr":"","_coblocks_dimensions":"","_coblocks_responsive_height":"","_coblocks_accordion_ie_support":"","jetpack_post_was_ever_published":false,"_jetpack_newsletter_access":"","_jetpack_dont_email_post_to_subs":false,"_jetpack_newsletter_tier_id":0,"_jetpack_memberships_contains_paywalled_content":false,"_jetpack_memberships_contains_paid_content":false,"footnotes":"","jetpack_publicize_message":"","jetpack_publicize_feature_enabled":true,"jetpack_social_post_already_shared":true,"jetpack_social_options":{"image_generator_settings":{"template":"highway","default_image_id":0,"enabled":false},"version":2}},"categories":[2,1161,7167,1225,44,15],"tags":[81,1125,1466],"class_list":["post-58872","post","type-post","status-publish","format-standard","hentry","category-atarfe","category-ciudadania","category-opinion-de-fco-luis-rajoy","category-ha-de-atarfe","category-noticias-de-hoy","category-ultimas-noticias","tag-atarfe","tag-historia","tag-memoria"],"jetpack_publicize_connections":[],"jetpack_featured_media_url":"","jetpack_likes_enabled":true,"jetpack_sharing_enabled":true,"_links":{"self":[{"href":"https:\/\/miradordeatarfe.es\/index.php?rest_route=\/wp\/v2\/posts\/58872","targetHints":{"allow":["GET"]}}],"collection":[{"href":"https:\/\/miradordeatarfe.es\/index.php?rest_route=\/wp\/v2\/posts"}],"about":[{"href":"https:\/\/miradordeatarfe.es\/index.php?rest_route=\/wp\/v2\/types\/post"}],"author":[{"embeddable":true,"href":"https:\/\/miradordeatarfe.es\/index.php?rest_route=\/wp\/v2\/users\/1"}],"replies":[{"embeddable":true,"href":"https:\/\/miradordeatarfe.es\/index.php?rest_route=%2Fwp%2Fv2%2Fcomments&post=58872"}],"version-history":[{"count":1,"href":"https:\/\/miradordeatarfe.es\/index.php?rest_route=\/wp\/v2\/posts\/58872\/revisions"}],"predecessor-version":[{"id":58875,"href":"https:\/\/miradordeatarfe.es\/index.php?rest_route=\/wp\/v2\/posts\/58872\/revisions\/58875"}],"wp:attachment":[{"href":"https:\/\/miradordeatarfe.es\/index.php?rest_route=%2Fwp%2Fv2%2Fmedia&parent=58872"}],"wp:term":[{"taxonomy":"category","embeddable":true,"href":"https:\/\/miradordeatarfe.es\/index.php?rest_route=%2Fwp%2Fv2%2Fcategories&post=58872"},{"taxonomy":"post_tag","embeddable":true,"href":"https:\/\/miradordeatarfe.es\/index.php?rest_route=%2Fwp%2Fv2%2Ftags&post=58872"}],"curies":[{"name":"wp","href":"https:\/\/api.w.org\/{rel}","templated":true}]}}