{"id":58901,"date":"2023-01-28T09:45:40","date_gmt":"2023-01-28T08:45:40","guid":{"rendered":"https:\/\/miradordeatarfe.es\/?p=58901"},"modified":"2023-01-25T16:44:32","modified_gmt":"2023-01-25T15:44:32","slug":"con-el-apoyo-politico-los-seguros-medicos-privados-ya-facturan-10-500-millones-subida-de-un-18-en-tres-anos","status":"publish","type":"post","link":"https:\/\/miradordeatarfe.es\/?p=58901","title":{"rendered":"Con el apoyo pol\u00edtico, los seguros m\u00e9dicos privados ya facturan 10.500 millones: subida de un 18% en tres a\u00f1os"},"content":{"rendered":"<h3 style=\"text-align: justify;\">El sistema p\u00fablico de salud en Espa\u00f1a ha experimentado una disminuci\u00f3n respecto con el sistema privado, seg\u00fan un estudio reciente.<\/h3>\n<div class=\"td-post-content\">\n<p class=\"has-drop-cap\" style=\"text-align: justify;\">Una investigaci\u00f3n, llevada a cabo por un equipo de expertos de la OMS, revela que el negocio del seguro privado de salud ha aumentado en un 18% en los \u00faltimos a\u00f1os en Espa\u00f1a, que sigue sufriendo un detrimento en el \u00e1mbito p\u00fablico del sector.<\/p>\n<p style=\"text-align: justify;\">Los expertos en salud argumentan que esta tendencia hacia el sistema privado se debe a una falta de inversi\u00f3n en el sistema p\u00fablico y a una falta de recursos para atender a la creciente demanda de servicios de salud.<\/p>\n<p style=\"text-align: justify;\">Adem\u00e1s, la falta de personal y la sobrecarga de trabajo han llevado a una disminuci\u00f3n en la calidad del servicio p\u00fablico, adem\u00e1s de movilizaciones que ya se han hecho latentes en ciudades como Madrid y Barcelona.<\/p>\n<p style=\"text-align: justify;\">Espa\u00f1a est\u00e1 incluida en este mensaje de alerta lanzado desde la OMS sobre la falta de m\u00e9dicos a nivel europeo:\u00a0\u201cEs una bomba de relojer\u00eda\u201d, advierten.<\/p>\n<p style=\"text-align: justify;\">Por otro lado, indican desde\u00a0<strong><em><a href=\"https:\/\/www.infolibre.es\/politica\/pierde-prestigio-red-publica-oro-privada-llegado-negocio-seguro-sanitario-10-500-millones_1_1408257.html\" target=\"_blank\" rel=\"noopener external noreferrer\" data-wpel-link=\"external\">InfoLibre<\/a><\/em><\/strong>, \u201cla facturaci\u00f3n de las aseguradoras de salud super\u00f3 por primera vez el pasado a\u00f1o los 10.000 millones, seg\u00fan los datos de cierre del ejercicio de la patronal Unespa. Concretamente, alcanz\u00f3 los\u00a010.543 millones, un 7% m\u00e1s que el a\u00f1o anterior.\u00a0Sube m\u00e1s que en los dos primeros a\u00f1os de pandemia, en la fase m\u00e1s dura de la crisis sanitaria, cuando lo hizo en torno a un 5%, porcentaje promedio de los incrementos desde 2016\u201d.<\/p>\n<div class=\"td-a-rec td-a-rec-id-content_inline  \">\n<div id=\"videootv-613\" class=\"videootv\">\n<div id=\"videootv-widget-container-613\" class=\"videootv-widget-container\" style=\"text-align: justify;\">Segurcaixa Adeslas, Sanitas, Asisa, DKV y Mapfre en concreto son las aseguradoras que m\u00e1s est\u00e1n ganando con este cambio de paradigma en el \u00e1mbito sanitario, que favorece una desigualdad acuciante, aumentado por la inflaci\u00f3n.<\/div>\n<\/div>\n<\/div>\n<div class=\"social-rocket-inline-buttons\">\n<div class=\"social-rocket-button social-rocket-button-square social-rocket-facebook \" data-network=\"facebook\">\u00a0<\/div>\n<div class=\"social-rocket-buttons\">\n<div data-network=\"twitter\">CONTRAIFORMACI\u00d3N<\/div>\n<div data-network=\"twitter\">\u00a0<\/div>\n<div class=\"social-rocket-button social-rocket-button-square social-rocket-twitter \" data-network=\"twitter\">https:\/\/contrainformacion.es\/con-el-apoyo-politico-los-seguros-medicos-privados-ya-facturan-10-500-millones-subida-de-un-18-en-tres-anos\/?utm_source=mailpoet&amp;utm_medium=email&amp;utm_campaign=boletin-contrainformacion_1<\/div>\n<\/div>\n<\/div>\n<\/div>\n<div id=\"comments\" class=\"comments\">\n<div id=\"respond\" class=\"comment-respond\">\n<form id=\"commentform\" class=\"comment-form\" action=\"https:\/\/contrainformacion.es\/wp-comments-post.php\" method=\"post\" novalidate=\"\">\n<div class=\"clearfix\">\u00a0<\/div>\n<\/form>\n<\/div>\n<\/div>\n","protected":false},"excerpt":{"rendered":"<p>El sistema p\u00fablico de salud en Espa\u00f1a ha experimentado una disminuci\u00f3n respecto con el sistema&#8230;<\/p>\n","protected":false},"author":1,"featured_media":58902,"comment_status":"closed","ping_status":"closed","sticky":false,"template":"","format":"standard","meta":{"_coblocks_attr":"","_coblocks_dimensions":"","_coblocks_responsive_height":"","_coblocks_accordion_ie_support":"","jetpack_post_was_ever_published":false,"_jetpack_newsletter_access":"","_jetpack_dont_email_post_to_subs":false,"_jetpack_newsletter_tier_id":0,"_jetpack_memberships_contains_paywalled_content":false,"_jetpack_memberships_contains_paid_content":false,"footnotes":"","jetpack_publicize_message":"","jetpack_publicize_feature_enabled":true,"jetpack_social_post_already_shared":true,"jetpack_social_options":{"image_generator_settings":{"template":"highway","default_image_id":0,"enabled":false},"version":2}},"categories":[1161,7149,44,7671,6937,15],"tags":[9911,55],"class_list":["post-58901","post","type-post","status-publish","format-standard","has-post-thumbnail","hentry","category-ciudadania","category-coronavirus","category-noticias-de-hoy","category-politica","category-sociedad","category-ultimas-noticias","tag-companias-privadas","tag-salud"],"jetpack_publicize_connections":[],"jetpack_featured_media_url":"https:\/\/i0.wp.com\/miradordeatarfe.es\/wp-content\/uploads\/2023\/01\/template-66-YJQKcx.jpeg?fit=1524%2C800&ssl=1","jetpack_likes_enabled":true,"jetpack_sharing_enabled":true,"_links":{"self":[{"href":"https:\/\/miradordeatarfe.es\/index.php?rest_route=\/wp\/v2\/posts\/58901","targetHints":{"allow":["GET"]}}],"collection":[{"href":"https:\/\/miradordeatarfe.es\/index.php?rest_route=\/wp\/v2\/posts"}],"about":[{"href":"https:\/\/miradordeatarfe.es\/index.php?rest_route=\/wp\/v2\/types\/post"}],"author":[{"embeddable":true,"href":"https:\/\/miradordeatarfe.es\/index.php?rest_route=\/wp\/v2\/users\/1"}],"replies":[{"embeddable":true,"href":"https:\/\/miradordeatarfe.es\/index.php?rest_route=%2Fwp%2Fv2%2Fcomments&post=58901"}],"version-history":[{"count":1,"href":"https:\/\/miradordeatarfe.es\/index.php?rest_route=\/wp\/v2\/posts\/58901\/revisions"}],"predecessor-version":[{"id":58903,"href":"https:\/\/miradordeatarfe.es\/index.php?rest_route=\/wp\/v2\/posts\/58901\/revisions\/58903"}],"wp:featuredmedia":[{"embeddable":true,"href":"https:\/\/miradordeatarfe.es\/index.php?rest_route=\/wp\/v2\/media\/58902"}],"wp:attachment":[{"href":"https:\/\/miradordeatarfe.es\/index.php?rest_route=%2Fwp%2Fv2%2Fmedia&parent=58901"}],"wp:term":[{"taxonomy":"category","embeddable":true,"href":"https:\/\/miradordeatarfe.es\/index.php?rest_route=%2Fwp%2Fv2%2Fcategories&post=58901"},{"taxonomy":"post_tag","embeddable":true,"href":"https:\/\/miradordeatarfe.es\/index.php?rest_route=%2Fwp%2Fv2%2Ftags&post=58901"}],"curies":[{"name":"wp","href":"https:\/\/api.w.org\/{rel}","templated":true}]}}