{"id":58912,"date":"2023-01-28T11:26:59","date_gmt":"2023-01-28T10:26:59","guid":{"rendered":"https:\/\/miradordeatarfe.es\/?p=58912"},"modified":"2023-10-21T20:24:09","modified_gmt":"2023-10-21T18:24:09","slug":"atarfenos-del-mundo-de-la-ciencia-ana-ruiz-constan","status":"publish","type":"post","link":"https:\/\/miradordeatarfe.es\/?p=58912","title":{"rendered":"ATARFE\u00d1OS DEL MUNDO DE LA CIENCIA:  ANA RUIZ CONST\u00c1N"},"content":{"rendered":"<h3>Ana Ruiz Const\u00e1n. Doctora en Geolog\u00eda. Cient\u00edfica titular del Instituto Geol\u00f3gico y Minero de Espa\u00f1a\u00a0(IGME-CSIC)<\/h3>\n<p>Mis primeros meses de vida los pas\u00e9 en Atarfe, en el barrio de Santa Amalia. Pronto nos mudamos a Motril debido al trabajo de mis padres y no volv\u00ed a Atarfe hasta los 19 a\u00f1os, en mi primer a\u00f1o de universidad. Y vine para quedarme. No s\u00e9 si lo sab\u00e9is, pero Sierra Elvira es el referente para cualquier persona que estudie Geolog\u00eda en Granada. Es nuestra PRIMERA SALIDA DE CAMPO, os pod\u00e9is imaginar los nervios\u2026. Desde entonces la silueta de esta sierra me ha acompa\u00f1ado siempre.<\/p>\n<p>Me encanta pasear por ella y ese amor intento transmit\u00edrselo a mi hija Luc\u00eda, que es compa\u00f1era vuestra en el CEIP Medina Elvira. Desde hace 10 a\u00f1os soy investigadora en el Instituto Geol\u00f3gico y Minero de Espa\u00f1a, un centro de investigaci\u00f3n del CSIC. Trabajo en geof\u00edsica y tect\u00f3nica, o lo que es lo mismo, hago radiograf\u00edas del interior de la Tierra y estudio sus cicatrices externas (pliegues y fallas) para conocer un poco m\u00e1s su historia y actividad reciente.<\/p>\n<p>En este a\u00f1o, en el que nuestras casas han temblado y el volc\u00e1n de La Palma ha estado presente en nuestro d\u00eda a d\u00eda, mucha gente se ha dado cuenta de que la geolog\u00eda no es s\u00f3lo una asignatura m\u00e1s, sino una ciencia apasionante y \u00fatil para la sociedad. Gracias a ella podemos prevenir da\u00f1os o encontrar los materiales que necesitamos en nuestra vida cotidiana. Y aunque cada vez sabemos mejor c\u00f3mo\u00a0funciona\u00a0nuestro\u00a0planeta,\u00a0a\u00fan\u00a0quedan\u00a0muchas\u00a0dudas\u00a0que\u00a0resolver,\u00a0mucho\u00a0por\u00a0descubrir.\u00a0<\/p>\n<p>Se\u00a0necesitan\u00a0j\u00f3venes\u00a0con\u00a0curiosidad\u00a0que\u00a0quieran\u00a0encontrar\u00a0las\u00a0piezas\u00a0que\u00a0le\u00a0faltan\u00a0al\u00a0puzle.\u00a0Y,\u00a0aunque parezca una contradicci\u00f3n, para conseguir certezas es necesario dudar, hacerse\u00a0preguntas. \u00bfOs imagin\u00e1is la alegr\u00eda que da descubrir algo en lo que nadie antes se hab\u00eda\u00a0fijado? \u00bfHallar respuesta para lo desconocido? La ciencia es apasionante y es necesario\u00a0vivirla. \u00a1Disfrutemos con ella!<\/p>\n<p><a href=\"https:\/\/i0.wp.com\/miradordeatarfe.es\/wp-content\/uploads\/2023\/01\/Ana-Ruiz-Constan-scaled.jpg?ssl=1\"><img data-recalc-dims=\"1\" loading=\"lazy\" decoding=\"async\" class=\"alignnone size-full wp-image-58913\" src=\"https:\/\/i0.wp.com\/miradordeatarfe.es\/wp-content\/uploads\/2023\/01\/Ana-Ruiz-Constan-scaled.jpg?resize=640%2C479&#038;ssl=1\" alt=\"\" width=\"640\" height=\"479\" srcset=\"https:\/\/i0.wp.com\/miradordeatarfe.es\/wp-content\/uploads\/2023\/01\/Ana-Ruiz-Constan-scaled.jpg?w=2560&amp;ssl=1 2560w, https:\/\/i0.wp.com\/miradordeatarfe.es\/wp-content\/uploads\/2023\/01\/Ana-Ruiz-Constan-scaled.jpg?resize=300%2C224&amp;ssl=1 300w, https:\/\/i0.wp.com\/miradordeatarfe.es\/wp-content\/uploads\/2023\/01\/Ana-Ruiz-Constan-scaled.jpg?resize=1024%2C766&amp;ssl=1 1024w, https:\/\/i0.wp.com\/miradordeatarfe.es\/wp-content\/uploads\/2023\/01\/Ana-Ruiz-Constan-scaled.jpg?resize=768%2C574&amp;ssl=1 768w, https:\/\/i0.wp.com\/miradordeatarfe.es\/wp-content\/uploads\/2023\/01\/Ana-Ruiz-Constan-scaled.jpg?resize=1536%2C1148&amp;ssl=1 1536w, https:\/\/i0.wp.com\/miradordeatarfe.es\/wp-content\/uploads\/2023\/01\/Ana-Ruiz-Constan-scaled.jpg?resize=2048%2C1531&amp;ssl=1 2048w, https:\/\/i0.wp.com\/miradordeatarfe.es\/wp-content\/uploads\/2023\/01\/Ana-Ruiz-Constan-scaled.jpg?resize=1320%2C987&amp;ssl=1 1320w, https:\/\/i0.wp.com\/miradordeatarfe.es\/wp-content\/uploads\/2023\/01\/Ana-Ruiz-Constan-scaled.jpg?w=1920&amp;ssl=1 1920w\" sizes=\"auto, (max-width: 640px) 100vw, 640px\" \/><\/a><\/p>\n","protected":false},"excerpt":{"rendered":"<p>Ana Ruiz Const\u00e1n. Doctora en Geolog\u00eda. Cient\u00edfica titular del Instituto Geol\u00f3gico y Minero de Espa\u00f1a\u00a0(IGME-CSIC)&#8230;<\/p>\n","protected":false},"author":1,"featured_media":58914,"comment_status":"closed","ping_status":"closed","sticky":false,"template":"","format":"standard","meta":{"_coblocks_attr":"","_coblocks_dimensions":"","_coblocks_responsive_height":"","_coblocks_accordion_ie_support":"","jetpack_post_was_ever_published":false,"_jetpack_newsletter_access":"","_jetpack_dont_email_post_to_subs":false,"_jetpack_newsletter_tier_id":0,"_jetpack_memberships_contains_paywalled_content":false,"_jetpack_memberships_contains_paid_content":false,"footnotes":"","jetpack_publicize_message":"","jetpack_publicize_feature_enabled":true,"jetpack_social_post_already_shared":true,"jetpack_social_options":{"image_generator_settings":{"template":"highway","default_image_id":0,"enabled":false},"version":2}},"categories":[9597,10778,9,6539],"tags":[9605,9598],"class_list":["post-58912","post","type-post","status-publish","format-standard","has-post-thumbnail","hentry","category-cientificos-atarfenos","category-feria-de-la-ciencia-atarfe","category-medio-ambiente","category-personajes-de-ataref","tag-ciencia-atarfe","tag-cientificos-atarfenos"],"jetpack_publicize_connections":[],"jetpack_featured_media_url":"https:\/\/i0.wp.com\/miradordeatarfe.es\/wp-content\/uploads\/2023\/01\/Ana-Ruiz.jpeg?fit=1445%2C533&ssl=1","jetpack_likes_enabled":true,"jetpack_sharing_enabled":true,"_links":{"self":[{"href":"https:\/\/miradordeatarfe.es\/index.php?rest_route=\/wp\/v2\/posts\/58912","targetHints":{"allow":["GET"]}}],"collection":[{"href":"https:\/\/miradordeatarfe.es\/index.php?rest_route=\/wp\/v2\/posts"}],"about":[{"href":"https:\/\/miradordeatarfe.es\/index.php?rest_route=\/wp\/v2\/types\/post"}],"author":[{"embeddable":true,"href":"https:\/\/miradordeatarfe.es\/index.php?rest_route=\/wp\/v2\/users\/1"}],"replies":[{"embeddable":true,"href":"https:\/\/miradordeatarfe.es\/index.php?rest_route=%2Fwp%2Fv2%2Fcomments&post=58912"}],"version-history":[{"count":2,"href":"https:\/\/miradordeatarfe.es\/index.php?rest_route=\/wp\/v2\/posts\/58912\/revisions"}],"predecessor-version":[{"id":58916,"href":"https:\/\/miradordeatarfe.es\/index.php?rest_route=\/wp\/v2\/posts\/58912\/revisions\/58916"}],"wp:featuredmedia":[{"embeddable":true,"href":"https:\/\/miradordeatarfe.es\/index.php?rest_route=\/wp\/v2\/media\/58914"}],"wp:attachment":[{"href":"https:\/\/miradordeatarfe.es\/index.php?rest_route=%2Fwp%2Fv2%2Fmedia&parent=58912"}],"wp:term":[{"taxonomy":"category","embeddable":true,"href":"https:\/\/miradordeatarfe.es\/index.php?rest_route=%2Fwp%2Fv2%2Fcategories&post=58912"},{"taxonomy":"post_tag","embeddable":true,"href":"https:\/\/miradordeatarfe.es\/index.php?rest_route=%2Fwp%2Fv2%2Ftags&post=58912"}],"curies":[{"name":"wp","href":"https:\/\/api.w.org\/{rel}","templated":true}]}}