{"id":58917,"date":"2023-01-29T11:20:38","date_gmt":"2023-01-29T10:20:38","guid":{"rendered":"https:\/\/miradordeatarfe.es\/?p=58917"},"modified":"2023-02-01T16:41:02","modified_gmt":"2023-02-01T15:41:02","slug":"mi-maestra-me-humilla-por-juan-de-dios-villanueva-roa","status":"publish","type":"post","link":"https:\/\/miradordeatarfe.es\/?p=58917","title":{"rendered":"\u00bb MI MAESTRA ME HUMILLA\u00bb por Juan de Dios Villanueva Roa"},"content":{"rendered":"<h3>Maestra, me est\u00e1s humillando. Y ya est\u00e1. \u00bfCausa? El zagal escribe la E al rev\u00e9s, a lo que su maestra le dice que hay que trabajar eso, que se van a poner manos a la obra.<\/h3>\n<p>Nada, siete a\u00f1os y unos padres que est\u00e1n \u2018muy pendientes de su hijo\u2019. Acto seguido, la madre lleva al ni\u00f1o ante la directora para que presente su queja, y como es lo que el ni\u00f1o quiere, pues adelante. Y la presenta: mi maestra me est\u00e1 humillando, me dice que escribo la \u2018e\u2019 al rev\u00e9s y que tengo que escribirla derecha. La directora al rato pregunta a la maestra que eso qu\u00e9 es. Y la maestra se queda boquiabierta, porque ella lo que quiere es que el ni\u00f1o escriba la E derecha, y la B y la T, pero a la madre lo que al parecer le interesa es que el ni\u00f1o desarrolle otras habilidades emocionales.<\/p>\n<p>Luego, cuando crezcan, sus derechos estar\u00e1n antepuestos a sus conocimientos, y quienes ense\u00f1en habr\u00e1n de pedir permiso hasta para explicar, aunque sea en pleno ejercicio de sus funciones. Y siempre habr\u00e1 alguien que escuche, que atienda y que d\u00e9 la raz\u00f3n al ni\u00f1o que se siente humillado porque se le corrige. Al parecer eso de corregir ya no se lleva, ahora debe orientarse, con suavidad y ternura, pero sin pasarse porque puedes ser un blando o pretender otras cosas. Total, que la madre est\u00e1 feliz pues su ni\u00f1o est\u00e1 desarrollando su libertad plena. Eso s\u00ed, el sentido que le cojan las letras es otra cosa. Pero a qui\u00e9n importa eso, si ya no escribe nadie. Ahora todo es con teclados digitales.<\/p>\n<p>FOTO:<\/p>\n<div class=\"logo\"><a title=\"Guiainfantil.com\" href=\"https:\/\/www.guiainfantil.com\/\"> <img loading=\"lazy\" decoding=\"async\" class=\"img-fluid\" src=\"https:\/\/static.guiainfantil.com\/img\/logo-white.svg\" alt=\"Guiainfantil.com\" width=\"210\" height=\"28\" \/> <\/a><\/div>\n","protected":false},"excerpt":{"rendered":"<p>Maestra, me est\u00e1s humillando. Y ya est\u00e1. \u00bfCausa? El zagal escribe la E al rev\u00e9s,&#8230;<\/p>\n","protected":false},"author":1,"featured_media":58918,"comment_status":"closed","ping_status":"closed","sticky":false,"template":"","format":"standard","meta":{"_coblocks_attr":"","_coblocks_dimensions":"","_coblocks_responsive_height":"","_coblocks_accordion_ie_support":"","jetpack_post_was_ever_published":false,"_jetpack_newsletter_access":"","_jetpack_dont_email_post_to_subs":false,"_jetpack_newsletter_tier_id":0,"_jetpack_memberships_contains_paywalled_content":false,"_jetpack_memberships_contains_paid_content":false,"footnotes":"","jetpack_publicize_message":"","jetpack_publicize_feature_enabled":true,"jetpack_social_post_already_shared":true,"jetpack_social_options":{"image_generator_settings":{"template":"highway","default_image_id":0,"enabled":false},"version":2}},"categories":[187,1161,9772,44,6937,15],"tags":[9970,9968,9969],"class_list":["post-58917","post","type-post","status-publish","format-standard","has-post-thumbnail","hentry","category-centros-educativos","category-ciudadania","category-opinion-de-juan-de-dios-villanueva","category-noticias-de-hoy","category-sociedad","category-ultimas-noticias","tag-correciones","tag-humillar","tag-maesteros"],"jetpack_publicize_connections":[],"jetpack_featured_media_url":"https:\/\/i0.wp.com\/miradordeatarfe.es\/wp-content\/uploads\/2023\/01\/44480-la-humillante-medida-de-una-profesora-para-castigar-a-su-alumno.jpg?fit=1000%2C1000&ssl=1","jetpack_likes_enabled":true,"jetpack_sharing_enabled":true,"_links":{"self":[{"href":"https:\/\/miradordeatarfe.es\/index.php?rest_route=\/wp\/v2\/posts\/58917","targetHints":{"allow":["GET"]}}],"collection":[{"href":"https:\/\/miradordeatarfe.es\/index.php?rest_route=\/wp\/v2\/posts"}],"about":[{"href":"https:\/\/miradordeatarfe.es\/index.php?rest_route=\/wp\/v2\/types\/post"}],"author":[{"embeddable":true,"href":"https:\/\/miradordeatarfe.es\/index.php?rest_route=\/wp\/v2\/users\/1"}],"replies":[{"embeddable":true,"href":"https:\/\/miradordeatarfe.es\/index.php?rest_route=%2Fwp%2Fv2%2Fcomments&post=58917"}],"version-history":[{"count":1,"href":"https:\/\/miradordeatarfe.es\/index.php?rest_route=\/wp\/v2\/posts\/58917\/revisions"}],"predecessor-version":[{"id":58919,"href":"https:\/\/miradordeatarfe.es\/index.php?rest_route=\/wp\/v2\/posts\/58917\/revisions\/58919"}],"wp:featuredmedia":[{"embeddable":true,"href":"https:\/\/miradordeatarfe.es\/index.php?rest_route=\/wp\/v2\/media\/58918"}],"wp:attachment":[{"href":"https:\/\/miradordeatarfe.es\/index.php?rest_route=%2Fwp%2Fv2%2Fmedia&parent=58917"}],"wp:term":[{"taxonomy":"category","embeddable":true,"href":"https:\/\/miradordeatarfe.es\/index.php?rest_route=%2Fwp%2Fv2%2Fcategories&post=58917"},{"taxonomy":"post_tag","embeddable":true,"href":"https:\/\/miradordeatarfe.es\/index.php?rest_route=%2Fwp%2Fv2%2Ftags&post=58917"}],"curies":[{"name":"wp","href":"https:\/\/api.w.org\/{rel}","templated":true}]}}