{"id":58940,"date":"2023-01-29T10:44:27","date_gmt":"2023-01-29T09:44:27","guid":{"rendered":"https:\/\/miradordeatarfe.es\/?p=58940"},"modified":"2023-01-25T17:20:41","modified_gmt":"2023-01-25T16:20:41","slug":"la-poblacion-de-granada-sigue-creciendo-de-forma-dispar-2","status":"publish","type":"post","link":"https:\/\/miradordeatarfe.es\/?p=58940","title":{"rendered":"La poblaci\u00f3n de Granada sigue creciendo de forma dispar"},"content":{"rendered":"<h3 class=\"single-subtitle\" style=\"text-align: justify;\">Los \u00faltimos registros, a 1 de enero de 2022, mantienen a la capital y Motril como los municipios m\u00e1s poblados, seguidos de Almu\u00f1\u00e9car, que ha experimentado un considerable aumento de habitantes<\/h3>\n<p style=\"text-align: justify;\">La poblaci\u00f3n de Granada sigue creciendo de forma dispar entre los municipios que componen la provincia. Los \u00faltimos registros del Instituto Nacional de Estad\u00edstica (INE), que corresponden al 1 de enero de 2022, muestran una continuidad en el progresivo aumento de habitantes censados en los t\u00e9rminos granadinos iniciado en 2018, cuando se alcanz\u00f3 el m\u00ednimo en la \u00faltima d\u00e9cada -912.075 residentes-, si bien el incremento con respecto al dato anterior es muy leve. <strong>Al comienzo del pasado a\u00f1o, eran 921.987 las personas censadas, tan solo 649 m\u00e1s que al comienzo de 2021<\/strong>. Unos guarismos que resultan de una <strong>evoluci\u00f3n desigual entre las localidades de la provincia<\/strong>, con t\u00e9rminos que rozan la despoblaci\u00f3n y otros que, en cambio, acarician la masificaci\u00f3n.<\/p>\n<p style=\"text-align: justify;\">\u00abHay serios avisos de despoblaci\u00f3n irreversible, pero luego tenemos el problema de la superpoblaci\u00f3n en consecuencia\u00bb, advirti\u00f3 la diputada provincial de Empleo y Desarrollo, Ana Mu\u00f1oz, en declaraciones recientes a este peri\u00f3dico para detallar <a href=\"https:\/\/www.granadadigital.es\/despoblacion-granada-provincia-128-acciones-evitar-vacie\/\" target=\"_blank\" rel=\"noopener noreferrer\"><strong>la Estrategia Provincial ante el Reto Demogr\u00e1fico y Despoblamiento.<\/strong><\/a> Los datos del INE, de oficialidad aprobada el pasado 21 de diciembre, ratifican la alerta. Este registro mantiene a <strong>Granada y Motril como los municipios m\u00e1s poblados, as\u00ed como los \u00fanicos que cuentan m\u00e1s de 50.000 residentes<\/strong> -dato, por cierto, por el que son tambi\u00e9n los dos \u00fanicos obligados a habilitar <a href=\"https:\/\/www.granadadigital.es\/granada-zonas-bajas-emisiones-todavia-no-llegan\/\" target=\"_blank\" rel=\"noopener noreferrer\"><strong>Zonas de Bajas Emisiones<\/strong><\/a> a lo largo del a\u00f1o reci\u00e9n estrenado-.<\/p>\n<p style=\"text-align: justify;\">La capital, no obstante, experiment\u00f3 una ligera ca\u00edda en el censo de habitantes, para dar continuidad a la inercia adquirida en los \u00faltimos once a\u00f1os. <strong>Son 228.682 las personas que, a 1 de enero de 2022, viven en la ciudad, 3.093 menos que en 2021.<\/strong> Un retroceso de m\u00e1s de 11.417 personas con respecto a 2011, cuando fueron censados 240.099 habitantes.<\/p>\n<p style=\"text-align: justify;\"><strong>En Motril, en cambio, s\u00ed han visto crecer su poblaci\u00f3n en 253 unidades, hasta las 58.798 personas<\/strong>. Almu\u00f1\u00e9car ostenta el tercer mayor censo de la provincia, tras un aumento poblacional de 858 residentes que sit\u00faan su registro en 26.748 habitantes a 1 de enero de 2022. Le sigue Armilla, con 24.629, como el municipio m\u00e1s poblado del Cintur\u00f3n Metropolitano. Las Gabias tambi\u00e9n ha crecido, hasta los 22.312, para situarse por delante de Maracena (22.293), Loja (20.555) y Baza (20.376). Son los ocho \u00fanicos t\u00e9rminos de Granada que rebasan los 20.000 habitantes.<\/p>\n<h3 style=\"text-align: justify;\">Crecimiento en el \u00c1rea Metropolitana<\/h3>\n<p style=\"text-align: justify;\">La cifras recogidas por el INE presentan <strong>un crecimiento especialmente acentuado en el \u00e1rea metropolitana, que roba habitantes a la capital.<\/strong> Es esta la principal raz\u00f3n por la que los registros de Granada vienen sufriendo una pronunciada ca\u00edda en la \u00faltima d\u00e9cada. El \u00e9xodo de granadinos est\u00e1 poblando los municipios que envuelven a la ciudad y <strong>son en el \u00faltimo censo 308.452 las personas que viven en el Cintur\u00f3n, 2.313 m\u00e1s que el 1 de enero de 2021<\/strong>. Una inercia ascendente que se viene asentando desde hace varios a\u00f1os y que tiene su reflejo en el an\u00e1lisis pormenorizado de la evoluci\u00f3n de cada municipio.<\/p>\n<p style=\"text-align: justify;\">De los 32 que componen el \u00e1rea metropolitana, a excepci\u00f3n de la propia capital, solo ocho esquivaron esta tendencia creciente, mientras que los 24 restantes sumaron m\u00e1s personas a su censo. Adem\u00e1s de los citados tres pueblos del Cintur\u00f3n que rebasan los 20.000 habitantes -Armilla, Las Gabias y Maracena-, La Zubia, Atarfe y Albolote se instalan en la horquilla de los 19.000, y <strong>son doce, contando a todos estos, los que superan los 10.000 vecinos.<\/strong> Tan solo V\u00edznar y Beas de Granada quedaron por debajo del millar.<\/p>\n<h3 style=\"text-align: justify;\">Visos de despoblaci\u00f3n<\/h3>\n<p style=\"text-align: justify;\">Por contra, 72 municipios de la provincia no alcanzan los 1.000 vecinos. <strong>Son los pueblos que componen la Granada m\u00e1s vac\u00eda, principalmente ubicados en torno a la Comarca de Guadix, la Alpujarra y las inmediaciones de la costa<\/strong>, zonas sobre las que pone el foco la citada Estrategia Provincial ante el Reto Demogr\u00e1fico y Despoblamiento. De todos ellos, ocho no alcanzan los 300 habitantes.<strong> Juviles, con 134, y Lobres, con 135, que son los dos t\u00e9rminos granadinos menos poblados, ni siquiera llegan a los 200.<\/strong><\/p>\n<p style=\"text-align: justify;\">De los 72 pueblos con menos de 1.000 habitantes,<strong> 39 registraron a 1 de enero de 2022 menos residentes que en 2021<\/strong>. En este sentido, es especialmente rese\u00f1able el caso de V\u00edznar, que del millar de personas censadas ha retrocedido hasta las 987 para incluirse en este grupo del que, por otro lado, sale Jete (1.008) tras la \u00faltima actualizaci\u00f3n. Otros 33 de estos municipios han experimentado cierto crecimiento, mientras que La Calahorra, Marchal y El Valle conservaron al comienzo del pasado a\u00f1o los vecinos con los que arrancaron 2021.<\/p>\n<p style=\"text-align: justify;\">Existen visos de despoblaci\u00f3n en los municipios que se instalan en el umbral del millar de habitantes. <strong>Son 28 en toda la provincia<\/strong>, de los que una docena (Benal\u00faa de las Villas, Colomera, Cortes de Baza, Guadahortuna, Jayena, Montillana, Nevada, Orce, Ot\u00edvar, Pedro Mart\u00ednez, La Peza y Polopos) experimentaron un retroceso poblacional. Los 16 restantes, aunque ligeramente, crecieron con respecto al censo de 2021.<\/p>\n<p><strong><span class=\"single-new-author\">Chema Ruiz Espa\u00f1a<\/span><\/strong><\/p>\n<div class=\"single-new-img\">\n<figure><figcaption class=\"caption wp-caption-text\">FOTO: La capital experiment\u00f3 una ca\u00edda de 3.093 habitantes con respecto a 2021 | Foto: David Garc\u00eda<\/figcaption><\/figure>\n<\/div>\n<div class=\"row single-new-content\">\n<div class=\"col-md-8 content-left\">\n<div class=\"single-new-header-meta text-muted\">\n<div class=\"single-new-date-author\"><span class=\"single-new-author\">https:\/\/www.granadadigital.es\/pillan-transportando-cuatro-kilos-marihuana-acaba-destapando-naropiso-la-chana\/<\/span><\/div>\n<\/div>\n<\/div>\n<\/div>\n","protected":false},"excerpt":{"rendered":"<p>Los \u00faltimos registros, a 1 de enero de 2022, mantienen a la capital y Motril&#8230;<\/p>\n","protected":false},"author":1,"featured_media":58941,"comment_status":"closed","ping_status":"closed","sticky":false,"template":"","format":"standard","meta":{"_coblocks_attr":"","_coblocks_dimensions":"","_coblocks_responsive_height":"","_coblocks_accordion_ie_support":"","jetpack_post_was_ever_published":false,"_jetpack_newsletter_access":"","_jetpack_dont_email_post_to_subs":false,"_jetpack_newsletter_tier_id":0,"_jetpack_memberships_contains_paywalled_content":false,"_jetpack_memberships_contains_paid_content":false,"footnotes":"","jetpack_publicize_message":"","jetpack_publicize_feature_enabled":true,"jetpack_social_post_already_shared":true,"jetpack_social_options":{"image_generator_settings":{"template":"highway","default_image_id":0,"enabled":false},"version":2}},"categories":[1161,44,7671,15],"tags":[129,2566,626],"class_list":["post-58940","post","type-post","status-publish","format-standard","has-post-thumbnail","hentry","category-ciudadania","category-noticias-de-hoy","category-politica","category-ultimas-noticias","tag-granada","tag-poblacion","tag-provincia"],"jetpack_publicize_connections":[],"jetpack_featured_media_url":"https:\/\/i0.wp.com\/miradordeatarfe.es\/wp-content\/uploads\/2023\/01\/foto-ciudadania-paseando-acera-1010x673-1.jpg?fit=1010%2C673&ssl=1","jetpack_likes_enabled":true,"jetpack_sharing_enabled":true,"_links":{"self":[{"href":"https:\/\/miradordeatarfe.es\/index.php?rest_route=\/wp\/v2\/posts\/58940","targetHints":{"allow":["GET"]}}],"collection":[{"href":"https:\/\/miradordeatarfe.es\/index.php?rest_route=\/wp\/v2\/posts"}],"about":[{"href":"https:\/\/miradordeatarfe.es\/index.php?rest_route=\/wp\/v2\/types\/post"}],"author":[{"embeddable":true,"href":"https:\/\/miradordeatarfe.es\/index.php?rest_route=\/wp\/v2\/users\/1"}],"replies":[{"embeddable":true,"href":"https:\/\/miradordeatarfe.es\/index.php?rest_route=%2Fwp%2Fv2%2Fcomments&post=58940"}],"version-history":[{"count":1,"href":"https:\/\/miradordeatarfe.es\/index.php?rest_route=\/wp\/v2\/posts\/58940\/revisions"}],"predecessor-version":[{"id":58942,"href":"https:\/\/miradordeatarfe.es\/index.php?rest_route=\/wp\/v2\/posts\/58940\/revisions\/58942"}],"wp:featuredmedia":[{"embeddable":true,"href":"https:\/\/miradordeatarfe.es\/index.php?rest_route=\/wp\/v2\/media\/58941"}],"wp:attachment":[{"href":"https:\/\/miradordeatarfe.es\/index.php?rest_route=%2Fwp%2Fv2%2Fmedia&parent=58940"}],"wp:term":[{"taxonomy":"category","embeddable":true,"href":"https:\/\/miradordeatarfe.es\/index.php?rest_route=%2Fwp%2Fv2%2Fcategories&post=58940"},{"taxonomy":"post_tag","embeddable":true,"href":"https:\/\/miradordeatarfe.es\/index.php?rest_route=%2Fwp%2Fv2%2Ftags&post=58940"}],"curies":[{"name":"wp","href":"https:\/\/api.w.org\/{rel}","templated":true}]}}