{"id":58958,"date":"2023-01-30T09:44:46","date_gmt":"2023-01-30T08:44:46","guid":{"rendered":"https:\/\/miradordeatarfe.es\/?p=58958"},"modified":"2023-01-26T19:45:44","modified_gmt":"2023-01-26T18:45:44","slug":"querido-alumno-te-estamos-enganando-por-juan-santaella","status":"publish","type":"post","link":"https:\/\/miradordeatarfe.es\/?p=58958","title":{"rendered":"\u00abQuerido alumno: te estamos enga\u00f1ando\u00bb por Juan Santaella"},"content":{"rendered":"<h3 class=\"voc-paragraph\" style=\"text-align: justify;\">Un catedr\u00e1tico de Granada, de Organizaci\u00f3n de Empresas, Daniel Arias Aranda, mediante una carta abierta a los estudiantes, ha creado una gran pol\u00e9mica local y nacional.<\/h3>\n<p class=\"voc-paragraph\" style=\"text-align: justify;\">El contenido sucinto de la carta es el siguiente: desinter\u00e9s de sus alumnos, pues muchos faltan a clase (solo asiste el 30%), la mayor\u00eda utiliza un port\u00e1til innecesario, nunca preguntan, hablan sin cesar, y desean que la clase termine. Adem\u00e1s, vienen muy mal preparados (cuando la universidad est\u00e1 para formar a las \u00e9lites intelectuales) porque les faltan habilidades b\u00e1sicas: expresi\u00f3n, vocabulario, escritura, lenguas extranjeras&#8230; La soluci\u00f3n ante ello, bajar el nivel de la asignatura: imparte menos temas y con menos profundidad; y hace parciales para aprobar a m\u00e1s alumnos. \u00abMe dedico a enga\u00f1arte, querido alumno&#8230;\u00bb. Y concluye: \u00abSi quieren calidad que se vayan a la privada. Quiz\u00e1s la matr\u00edcula de cuatro ceros aumente la motivaci\u00f3n, en lugar de las irrisorias tasas acad\u00e9micas p\u00fablicas\u00bb.<\/p>\n<p class=\"voc-paragraph\" style=\"text-align: justify;\">Del escrito del Dr. Arias, podemos concluir:<\/p>\n<p class=\"voc-paragraph\" style=\"text-align: justify;\">1.\u2013 La Universidad no solo est\u00e1 para formar a las \u00e9lites intelectuales, sino, fundamentalmente, para cohesionar la sociedad, elevar el nivel cultural de una naci\u00f3n y servir de ascensor social. De ah\u00ed la necesidad de apoyar a la universidad p\u00fablica (\u00e9l hace una loa de la privada); poner tasas bajas, y conceder becas para los que menos tienen.<\/p>\n<p class=\"voc-paragraph\" style=\"text-align: justify;\">2.\u2013 Culpa de las carencias b\u00e1sicas de los alumnos a las ense\u00f1anzas no universitarias, cuando esa responsabilidad es de todos los niveles. Si en lugar de impartirse clases magistrales, se trabajara con textos desde primaria hasta la universidad, aumentar\u00eda su capacidad de pensar, leer, escribir y expresarse.<\/p>\n<p class=\"voc-paragraph\" style=\"text-align: justify;\">3.\u2013 Varios docentes de su misma Facultad logran que sus alumnos acudan a clase, e imparten sus ense\u00f1anzas con satisfacci\u00f3n. Quiz\u00e1 tambi\u00e9n el profesor Arias tenga culpa en la desgana colectiva que denuncia, y no haya tomado las medidas adecuadas.<\/p>\n<p class=\"voc-paragraph\" style=\"text-align: justify;\">4.\u2013 Los tiempos han cambiado. Ni alumnos, ni profesores, ni familias ni sociedad son iguales. Las familias son m\u00e1s permisivas, y eso genera alumnos menos capaces de afrontar la frustraci\u00f3n. La sociedad es poco receptiva a sus demandas (carencia de empleo, de vivienda, de sueldos dignos\u2026), y por ello su desmotivaci\u00f3n, en general, es enorme; aunque esta juventud tiene unos valores de compa\u00f1erismo, solidaridad y compromiso superiores a otras.<\/p>\n<p class=\"voc-paragraph\" style=\"text-align: justify;\">5.\u2013 Los alumnos demandan una nueva ense\u00f1anza: la clase magistral es una modalidad m\u00e1s, quiz\u00e1 la menos indicada, para motivarlos. Hoy procede una ense\u00f1anza m\u00e1s participativa, donde el alumno sea el protagonista de la clase. El profesor debe adaptarse a esa nueva situaci\u00f3n, promoviendo metodolog\u00edas m\u00e1s activas. Es m\u00e1s, los medios inform\u00e1ticos, cuestionados por Arias, son un instrumento necesario en la ense\u00f1anza actual.<\/p>\n<p class=\"voc-paragraph\" style=\"text-align: justify;\">6.\u2013 La carta termina con unas conclusiones que, en general, comparto: jam\u00e1s debemos sembrar el odio, huir de nacionalismos y populismos, fomentar la competici\u00f3n y la colaboraci\u00f3n, pues el esfuerzo conlleva recompensa\u2026<\/p>\n<p class=\"voc-paragraph\" style=\"text-align: justify;\">Como afirma Manuel Fern\u00e1ndez Navas, profesor de Did\u00e1ctica de la Universidad de M\u00e1laga, \u00aba la educaci\u00f3n llegan especialistas de Lengua, Ingl\u00e9s o Matem\u00e1ticas, que cuando les dices que no basta con conocer su materia, sino, tambi\u00e9n, saber ense\u00f1arla, te miran de manera rara\u00bb. Las leyes no cambian las pr\u00e1cticas educativas, porque \u00e9stas dependen del profesor. La educaci\u00f3n es un derecho para todos, y debe promover la igualdad de oportunidades, para ser el gran ascensor social que esta sociedad injusta precisa.<\/p>\n<p>publicado en PUERTA REAL del IDEAL<\/p>\n<p>SI NO HAS LEIDO LA CARTA EN ESTE ENLACE TE LA FACILITAMOS:<\/p>\n<p><a href=\"https:\/\/sevilla.abc.es\/sevilla\/carta-tapujos-catedratico-alumnos-dedico-enganar-ensenar-20230122134700-nts.html\">https:\/\/sevilla.abc.es\/sevilla\/carta-tapujos-catedratico-alumnos-dedico-enganar-ensenar-20230122134700-nts.html<\/a><\/p>\n","protected":false},"excerpt":{"rendered":"<p>Un catedr\u00e1tico de Granada, de Organizaci\u00f3n de Empresas, Daniel Arias Aranda, mediante una carta abierta&#8230;<\/p>\n","protected":false},"author":1,"featured_media":58959,"comment_status":"closed","ping_status":"closed","sticky":false,"template":"","format":"standard","meta":{"_coblocks_attr":"","_coblocks_dimensions":"","_coblocks_responsive_height":"","_coblocks_accordion_ie_support":"","jetpack_post_was_ever_published":false,"_jetpack_newsletter_access":"","_jetpack_dont_email_post_to_subs":false,"_jetpack_newsletter_tier_id":0,"_jetpack_memberships_contains_paywalled_content":false,"_jetpack_memberships_contains_paid_content":false,"footnotes":"","jetpack_publicize_message":"","jetpack_publicize_feature_enabled":true,"jetpack_social_post_already_shared":true,"jetpack_social_options":{"image_generator_settings":{"template":"highway","default_image_id":0,"enabled":false},"version":2}},"categories":[187,1161,44,6937,15],"tags":[9978,9979],"class_list":["post-58958","post","type-post","status-publish","format-standard","has-post-thumbnail","hentry","category-centros-educativos","category-ciudadania","category-noticias-de-hoy","category-sociedad","category-ultimas-noticias","tag-alumnado-desinteresado","tag-profesor-cabreado"],"jetpack_publicize_connections":[],"jetpack_featured_media_url":"https:\/\/i0.wp.com\/miradordeatarfe.es\/wp-content\/uploads\/2023\/01\/images-2.jpeg?fit=311%2C162&ssl=1","jetpack_likes_enabled":true,"jetpack_sharing_enabled":true,"_links":{"self":[{"href":"https:\/\/miradordeatarfe.es\/index.php?rest_route=\/wp\/v2\/posts\/58958","targetHints":{"allow":["GET"]}}],"collection":[{"href":"https:\/\/miradordeatarfe.es\/index.php?rest_route=\/wp\/v2\/posts"}],"about":[{"href":"https:\/\/miradordeatarfe.es\/index.php?rest_route=\/wp\/v2\/types\/post"}],"author":[{"embeddable":true,"href":"https:\/\/miradordeatarfe.es\/index.php?rest_route=\/wp\/v2\/users\/1"}],"replies":[{"embeddable":true,"href":"https:\/\/miradordeatarfe.es\/index.php?rest_route=%2Fwp%2Fv2%2Fcomments&post=58958"}],"version-history":[{"count":1,"href":"https:\/\/miradordeatarfe.es\/index.php?rest_route=\/wp\/v2\/posts\/58958\/revisions"}],"predecessor-version":[{"id":58960,"href":"https:\/\/miradordeatarfe.es\/index.php?rest_route=\/wp\/v2\/posts\/58958\/revisions\/58960"}],"wp:featuredmedia":[{"embeddable":true,"href":"https:\/\/miradordeatarfe.es\/index.php?rest_route=\/wp\/v2\/media\/58959"}],"wp:attachment":[{"href":"https:\/\/miradordeatarfe.es\/index.php?rest_route=%2Fwp%2Fv2%2Fmedia&parent=58958"}],"wp:term":[{"taxonomy":"category","embeddable":true,"href":"https:\/\/miradordeatarfe.es\/index.php?rest_route=%2Fwp%2Fv2%2Fcategories&post=58958"},{"taxonomy":"post_tag","embeddable":true,"href":"https:\/\/miradordeatarfe.es\/index.php?rest_route=%2Fwp%2Fv2%2Ftags&post=58958"}],"curies":[{"name":"wp","href":"https:\/\/api.w.org\/{rel}","templated":true}]}}