{"id":59027,"date":"2023-02-03T08:27:12","date_gmt":"2023-02-03T07:27:12","guid":{"rendered":"https:\/\/miradordeatarfe.es\/?p=59027"},"modified":"2023-01-30T20:10:38","modified_gmt":"2023-01-30T19:10:38","slug":"a-comer-sano-se-aprende-de-bebe","status":"publish","type":"post","link":"https:\/\/miradordeatarfe.es\/?p=59027","title":{"rendered":"A comer sano se aprende de beb\u00e9"},"content":{"rendered":"<h3 class=\"voc-sub-title\" style=\"text-align: justify;\">Una alimentaci\u00f3n con exceso de az\u00facar, sal y grasa marca la salud y la dieta futura<\/h3>\n<p class=\"voc-paragraph\" style=\"text-align: justify;\">Acostumbrar a los ni\u00f1os a una alimentaci\u00f3n saludable es m\u00e1s importante de lo que podemos pensar. No solo influye en su estado de salud actual, sino que marcar\u00e1 tambi\u00e9n las enfermedades futuras, como alergias, asma, obesidad, diabetes&#8230; y la dieta que seguir\u00e1n de mayores (este jueves se conoc\u00eda el &#8216;Estudio Pasos 2022&#8217;, que pon\u00eda en evidencia que los peque\u00f1os \u00abcada vez comen peor\u00bb). Los expertos advierten que si no se educa el paladar desde el principio es complicado cambiar los h\u00e1bitos cuando llegan a la adolescencia. Vamos, que si les acostumbramos a tomar dulces y ultraprocesados tenemos casi perdida la batalla de que coman verduras, legumbres, pescado y fruta. Tiene explicaci\u00f3n cient\u00edfica.<\/p>\n<p class=\"voc-paragraph\" style=\"text-align: justify;\">La mayor\u00eda de las bacterias que tenemos en el organismo viven en el intestino. \u00abLos primeros microorganismos llegan al tracto digestivo del reci\u00e9n nacido en el momento del parto y comienzan a establecer una microbiota intestinal que evoluciona a medida que el tubo digestivo va madurando\u00bb, se\u00f1ala Sonia Gonz\u00e1lez, microbi\u00f3loga del Instituto de Investigaciones Sanitarias de Asturias. Factores como el tipo de parto, el modo de alimentaci\u00f3n, los antibi\u00f3ticos o la dieta materna influyen en la constituci\u00f3n de la microbiota intestinal del beb\u00e9. \u00abEs importante, ya que las alteraciones en la microbiota intestinal se relacionan con mayor riesgo de sufrir problemas del sistema inmunol\u00f3gico, como asma o alergias y obesidad o diabetes, que pueden persistir a lo largo de la vida\u00bb, ahonda la investigadora. Una dieta sana facilita esa microbiota equilibrada \u00abesencial para la salud futura del ni\u00f1o\u00bb.<\/p>\n<p class=\"voc-paragraph\" style=\"text-align: justify;\">Cuando los beb\u00e9s comienzan a tomar alimentos diferentes a la lactancia materna es un momento clave. \u00abUn trabajo realizado por nuestro equipo de investigaci\u00f3n demostr\u00f3 que los beb\u00e9s que a los 6 meses de edad tienen un consumo de energ\u00eda moderado y han introducido los vegetales en su dieta tienen un crecimiento de determinados grupos bacterianos beneficiosos para prevenir enfermedades, a la vez que cuentan con m\u00e1s probabilidades de seguir de mayores un patr\u00f3n diet\u00e9tico de tipo mediterr\u00e1neo\u00bb, incide la experta.<\/p>\n<div class=\"voc-detail__cmp voc-detail__cmp--title voc-detail__cmp--no-margin\" style=\"text-align: justify;\">\n<h3 class=\"voc-detail__title\">Alteraciones de la microbiota<\/h3>\n<\/div>\n<p class=\"voc-paragraph\" style=\"text-align: justify;\">Un estudio cient\u00edfico en el que se compar\u00f3 la microbiota de ni\u00f1os europeos que viv\u00edan en ciudades con la de ni\u00f1os africanos de una zona rural puso de manifiesto que el exceso de az\u00facar, grasa animal y alimentos densos en calor\u00edas en los pa\u00edses industrializados est\u00e1 cambiando la actividad metab\u00f3lica de la microbiota. Los ni\u00f1os de Burkina Faso, que consum\u00edan b\u00e1sicamente una dieta rica en cereales, ten\u00edan menos inflamaci\u00f3n en el organismo \u2013causa de muchas enfermedades\u2013 y, por tanto, mejor salud que los europeos, que abusan de alimentos sin fibra real y ultraprocesados.<\/p>\n<p class=\"voc-paragraph\" style=\"text-align: justify;\">La infancia &#8216;temprana&#8217; \u2013de 0 a 3 a\u00f1os\u2013 es un per\u00edodo \u00aben el que la nutrici\u00f3n adquiere un papel fundamental en el correcto desarrollo y crecimiento del ni\u00f1o, as\u00ed como en la aparici\u00f3n de ciertas enfermedades en la edad adulta\u00bb, coincide Naroa Kajarabille, del grupo de Nutrici\u00f3n y Obesidad del departamento de Farmacia y Ciencias de los Alimentos de la UPV\/EHU. Resalta tambi\u00e9n la importancia de esa fase a partir de los 6 meses, en la que se introducen de forma progresiva los alimentos. \u00abUna ingesta excesiva de energ\u00eda puede favorecer el desarrollo del sobrepeso y obesidad, lo que a su vez se relaciona con diferentes enfermedades metab\u00f3licas en la edad adulta\u00bb, advierten los investigadores de la Universidad del Pa\u00eds Vasco.<\/p>\n<div class=\"voc-detail__cmp voc-detail__cmp--title voc-detail__cmp--no-margin\" style=\"text-align: justify;\">\n<h3 class=\"voc-detail__title\">Adquirir h\u00e1bitos<\/h3>\n<\/div>\n<p class=\"voc-paragraph\" style=\"text-align: justify;\">\u00bfLa soluci\u00f3n? La educaci\u00f3n nutricional. \u00abEs fundamental para adquirir h\u00e1bitos alimentarios saludables, pero el proceso de aprendizaje debe comenzar desde beb\u00e9s. Es necesario que se adapten durante la primera infancia a nuevos alimentos, ya que es mucho m\u00e1s f\u00e1cil que a edades m\u00e1s tard\u00edas\u00bb. Si de muy peque\u00f1os comen alimentos con mucho az\u00facar y sal y ultraprocesados estamos acostumbr\u00e1ndoles a esos sabores y ser\u00e1 muy dif\u00edcil cambiar el &#8216;paladar&#8217; m\u00e1s tarde.<\/p>\n<p class=\"voc-paragraph\" style=\"text-align: justify;\">Los expertos de la UPV\/EHU dan un consejo: a los 2 a\u00f1os el beb\u00e9 debe comer casi lo mismo que sus padres. \u00abLos adultos son un modelo. Comer y disfrutar de una alimentaci\u00f3n variada ser\u00e1 la mejor forma de educar nutricio<\/p>\n<div class=\"voc-detail__cmp voc-detail__cmp--pad-lr \" style=\"text-align: justify;\">\n<div class=\"voc-ficha-detail__wrapper\">\n<section class=\"voc-ficha-detail\">\n<h4 class=\"voc-ficha-detail-title voc-title-section\">Consejos<\/h4>\n<div class=\"voc-list__wrapper\">\n<ul class=\"voc-list\">\n<li class=\"voc-list__item\">\n<p class=\"voc-list__paragraph\"><span class=\"voc-list__item-cp\">A los 2 a\u00f1os comen de todo<\/span> Es recomendable introducir los alimentos de forma que a los 2 a\u00f1os pueda comer casi lo mismo que los adultos. Retrasar la masticaci\u00f3n conduce a conflictos con la comida y favorece la sobrealimentaci\u00f3n, seg\u00fan recoge la gu\u00eda sobre nutrici\u00f3n infantil de la UPV\/EHU.<\/p>\n<\/li>\n<li class=\"voc-list__item\">\n<p class=\"voc-list__paragraph\"><span class=\"voc-list__item-cp\">Sin az\u00facar y sal en exceso<\/span> La comida preparada y procesada, que suele contener az\u00facar o sal en exceso, no se debe ofrecer a los ni\u00f1os. Tampoco bebidas azucaradas.<\/p>\n<\/li>\n<li class=\"voc-list__item\">\n<p class=\"voc-list__paragraph\"><span class=\"voc-list__item-cp\">Evitar que coman a capricho<\/span> Algunos peque\u00f1os suelen ser caprichosos en sus preferencias por determinados alimentos y en su rechazo a otros. Las dietas selectivas, con pocos alimentos, pueden generar deficiencias de nutrientes y afectar al desarrollo psicomotor.<\/p>\n<\/li>\n<li class=\"voc-list__item\">\n<p class=\"voc-list__paragraph\"><span class=\"voc-list__item-cp\">En la mesa con todos<\/span> Sentar al beb\u00e9 a la mesa con la familia durante las comidas facilita el aprendizaje de h\u00e1bitos nutricionales correctos. Y es fundamental permitirle experimentar con la comida para despertar su inter\u00e9s.<\/p>\n<\/li>\n<li class=\"voc-list__item\">\n<p class=\"voc-list__paragraph\"><span class=\"voc-list__item-cp\">Sin premios ni castigos<\/span> Es importante no premiar ni castigar con alimentos, as\u00ed como evitar ofrecer platos alternativos.<\/p>\n<\/li>\n<\/ul>\n<\/div>\n<\/section>\n<\/div>\n<\/div>\n<p style=\"text-align: justify;\">\u00a0<\/p>\n<p><a class=\"voc-author\" title=\"MARTA FDEZ. VALLEJO\" href=\"https:\/\/www.ideal.es\/autor\/marta-fdez-vallejo-170.html\"><strong>MARTA FDEZ. VALLEJO<\/strong> <\/a><\/p>\n<div class=\"voc-article-container\">\n<article class=\"voc-article voc-article--detail voc-article--detail--base voc-article--photo-bottom\">\n<div class=\"voc-img-container  \">\n<p class=\"figure-caption\"><span class=\"voc-photo-author\">FOTO: violeta cano<\/span><\/p>\n<\/div>\n<\/article>\n<\/div>\n<div class=\"voc-detail\" data-voc-share-selection=\"\">\n<div class=\"voc-author-timesocial \">\n<div class=\"voc-author-timesocial__signature\">\n<div class=\"voc-author-timesocial__info\">\n<div class=\"voc-author-info\">https:\/\/www.ideal.es\/vivir\/nutricion\/comer-sano-aprende-20230127131159-ntrc.html<\/div>\n<\/div>\n<\/div>\n<\/div>\n<\/div>\n","protected":false},"excerpt":{"rendered":"<p>Una alimentaci\u00f3n con exceso de az\u00facar, sal y grasa marca la salud y la dieta&#8230;<\/p>\n","protected":false},"author":1,"featured_media":59028,"comment_status":"closed","ping_status":"closed","sticky":false,"template":"","format":"standard","meta":{"_coblocks_attr":"","_coblocks_dimensions":"","_coblocks_responsive_height":"","_coblocks_accordion_ie_support":"","jetpack_post_was_ever_published":false,"_jetpack_newsletter_access":"","_jetpack_dont_email_post_to_subs":false,"_jetpack_newsletter_tier_id":0,"_jetpack_memberships_contains_paywalled_content":false,"_jetpack_memberships_contains_paid_content":false,"footnotes":"","jetpack_publicize_message":"","jetpack_publicize_feature_enabled":true,"jetpack_social_post_already_shared":true,"jetpack_social_options":{"image_generator_settings":{"template":"highway","default_image_id":0,"enabled":false},"version":2}},"categories":[1161,44,6937,15,10],"tags":[9989,389],"class_list":["post-59027","post","type-post","status-publish","format-standard","has-post-thumbnail","hentry","category-ciudadania","category-noticias-de-hoy","category-sociedad","category-ultimas-noticias","category-salud","tag-comer-sano","tag-infancia"],"jetpack_publicize_connections":[],"jetpack_featured_media_url":"https:\/\/i0.wp.com\/miradordeatarfe.es\/wp-content\/uploads\/2023\/01\/Habitos-de-alimentacion-984-x-601-RGB-72.jpg?fit=986%2C601&ssl=1","jetpack_likes_enabled":true,"jetpack_sharing_enabled":true,"_links":{"self":[{"href":"https:\/\/miradordeatarfe.es\/index.php?rest_route=\/wp\/v2\/posts\/59027","targetHints":{"allow":["GET"]}}],"collection":[{"href":"https:\/\/miradordeatarfe.es\/index.php?rest_route=\/wp\/v2\/posts"}],"about":[{"href":"https:\/\/miradordeatarfe.es\/index.php?rest_route=\/wp\/v2\/types\/post"}],"author":[{"embeddable":true,"href":"https:\/\/miradordeatarfe.es\/index.php?rest_route=\/wp\/v2\/users\/1"}],"replies":[{"embeddable":true,"href":"https:\/\/miradordeatarfe.es\/index.php?rest_route=%2Fwp%2Fv2%2Fcomments&post=59027"}],"version-history":[{"count":1,"href":"https:\/\/miradordeatarfe.es\/index.php?rest_route=\/wp\/v2\/posts\/59027\/revisions"}],"predecessor-version":[{"id":59029,"href":"https:\/\/miradordeatarfe.es\/index.php?rest_route=\/wp\/v2\/posts\/59027\/revisions\/59029"}],"wp:featuredmedia":[{"embeddable":true,"href":"https:\/\/miradordeatarfe.es\/index.php?rest_route=\/wp\/v2\/media\/59028"}],"wp:attachment":[{"href":"https:\/\/miradordeatarfe.es\/index.php?rest_route=%2Fwp%2Fv2%2Fmedia&parent=59027"}],"wp:term":[{"taxonomy":"category","embeddable":true,"href":"https:\/\/miradordeatarfe.es\/index.php?rest_route=%2Fwp%2Fv2%2Fcategories&post=59027"},{"taxonomy":"post_tag","embeddable":true,"href":"https:\/\/miradordeatarfe.es\/index.php?rest_route=%2Fwp%2Fv2%2Ftags&post=59027"}],"curies":[{"name":"wp","href":"https:\/\/api.w.org\/{rel}","templated":true}]}}