{"id":59038,"date":"2023-02-02T10:15:00","date_gmt":"2023-02-02T09:15:00","guid":{"rendered":"https:\/\/miradordeatarfe.es\/?p=59038"},"modified":"2023-02-01T16:22:22","modified_gmt":"2023-02-01T15:22:22","slug":"hoy-conferencia-sobre-supersticiones","status":"publish","type":"post","link":"https:\/\/miradordeatarfe.es\/?p=59038","title":{"rendered":"HOY CONFERENCIA SOBRE SUPERSTICIONES"},"content":{"rendered":"<h3><strong>D\u00cdA Y HORA: Jueves 2 de febrero de 2023 a las 19:00 h. Sal\u00f3n de Grados de la Facultad de Ciencias <\/strong>Previamente, a las 18:00 tendr\u00e1 lugar la reuni\u00f3n de Granada Laica, que est\u00e1 abierta a quien quiera participar.<\/h3>\n<p style=\"text-align: justify;\">Vivimos en un mundo plagado de supersticiones. Se manifiestan por lo general a modo de comportamientos reiterados o de creencias para las que no tenemos explicaci\u00f3n.<\/p>\n<p style=\"text-align: justify;\">Algunas son irrisorias y otras aparecen cargadas de historia y profundidad. Las detectamos en nosotros mismos y nos preguntamos sus or\u00edgenes y los porqu\u00e9s de su persistencia.<\/p>\n<p style=\"text-align: justify;\">Se invita en este encuentro a trazar una mirada desde el pasado que pueda llevarnos a integrar saberes y experiencias sobre las bases org\u00e1nicas y los mecanismos que las puedan sustentar, en respuesta a la inesperada multiplicaci\u00f3n y cambios de las conductas supersticiosas en el d\u00eda a d\u00eda de los humanos de hoy.<\/p>\n<p style=\"text-align: justify;\">El panorama aparece como de una gran complejidad, puntuado con algunas paradojas que alimentan la necesidad de un extenso conocimiento, en el marco de la independencia debida sobre su interpretaci\u00f3n. Solo as\u00ed, se podr\u00edan acometer los efectos indeseados que algunas pr\u00e1cticas supersticiosas producen todav\u00eda.<\/p>\n<p style=\"text-align: justify;\"><strong>D\u00cdA Y HORA: Jueves 2 de febrero de 2023 a las 19:00 h. <\/strong>Previamente, a las 18:00 tendr\u00e1 lugar la reuni\u00f3n de Granada Laica, que est\u00e1 abierta a quien quiera participar.<\/p>\n<p style=\"text-align: justify;\"><strong>LUGAR:<\/strong> <strong>Sal\u00f3n de Grados de la Facultad de Ciencias (Avda. Fuentenueva, s\/n).<\/strong><\/p>\n<p style=\"text-align: justify;\"><a href=\"https:\/\/laicismo.org\/conferencia-supersticiones-fundamentos-y-adaptabilidad-al-mundo-actual-por-carmen-j-garcia\/275863\" target=\"_blank\" rel=\"noopener noreferrer\" data-saferedirecturl=\"https:\/\/www.google.com\/url?q=https:\/\/laicismo.org\/conferencia-supersticiones-fundamentos-y-adaptabilidad-al-mundo-actual-por-carmen-j-garcia\/275863&amp;source=gmail&amp;ust=1675350394223000&amp;usg=AOvVaw0Lpcp5wh68yKKKWpup-pzj\"><strong>TODA LA INFORMACI\u00d3N Y ENLACE A LA EMISI\u00d3N EN DIRECTO EN LAICISMO.ORG<\/strong><\/a><\/p>\n<p style=\"text-align: justify;\">Tambi\u00e9n est\u00e1n disponibles los v\u00eddeos de la anterior sesi\u00f3n sobre \u00abInteligencia artificial y libertad de pensamiento\u00bb en este <a href=\"https:\/\/laicismo.org\/video-inteligencia-artificial-y-libertad-de-pensamiento-conferencia-de-jorge-casillas\/275579\" target=\"_blank\" rel=\"noopener noreferrer\" data-saferedirecturl=\"https:\/\/www.google.com\/url?q=https:\/\/laicismo.org\/video-inteligencia-artificial-y-libertad-de-pensamiento-conferencia-de-jorge-casillas\/275579&amp;source=gmail&amp;ust=1675350394223000&amp;usg=AOvVaw1cRGNdXXpQS15qYG6GzcH-\">enlace<\/a><\/p>\n<p style=\"text-align: justify;\"><a href=\"https:\/\/i0.wp.com\/miradordeatarfe.es\/wp-content\/uploads\/2023\/02\/unnamed.png?ssl=1\"><img data-recalc-dims=\"1\" loading=\"lazy\" decoding=\"async\" class=\"alignnone size-full wp-image-59039\" src=\"https:\/\/i0.wp.com\/miradordeatarfe.es\/wp-content\/uploads\/2023\/02\/unnamed.png?resize=640%2C905&#038;ssl=1\" alt=\"\" width=\"640\" height=\"905\" srcset=\"https:\/\/i0.wp.com\/miradordeatarfe.es\/wp-content\/uploads\/2023\/02\/unnamed.png?w=794&amp;ssl=1 794w, https:\/\/i0.wp.com\/miradordeatarfe.es\/wp-content\/uploads\/2023\/02\/unnamed.png?resize=212%2C300&amp;ssl=1 212w, https:\/\/i0.wp.com\/miradordeatarfe.es\/wp-content\/uploads\/2023\/02\/unnamed.png?resize=724%2C1024&amp;ssl=1 724w, https:\/\/i0.wp.com\/miradordeatarfe.es\/wp-content\/uploads\/2023\/02\/unnamed.png?resize=768%2C1086&amp;ssl=1 768w\" sizes=\"auto, (max-width: 640px) 100vw, 640px\" \/><\/a><\/p>\n","protected":false},"excerpt":{"rendered":"<p>D\u00cdA Y HORA: Jueves 2 de febrero de 2023 a las 19:00 h. Sal\u00f3n de&#8230;<\/p>\n","protected":false},"author":1,"featured_media":59040,"comment_status":"closed","ping_status":"closed","sticky":false,"template":"","format":"standard","meta":{"_coblocks_attr":"","_coblocks_dimensions":"","_coblocks_responsive_height":"","_coblocks_accordion_ie_support":"","jetpack_post_was_ever_published":false,"_jetpack_newsletter_access":"","_jetpack_dont_email_post_to_subs":false,"_jetpack_newsletter_tier_id":0,"_jetpack_memberships_contains_paywalled_content":false,"_jetpack_memberships_contains_paid_content":false,"footnotes":"","jetpack_publicize_message":"","jetpack_publicize_feature_enabled":true,"jetpack_social_post_already_shared":true,"jetpack_social_options":{"image_generator_settings":{"template":"highway","default_image_id":0,"enabled":false},"version":2}},"categories":[1161,44,6937,15],"tags":[3485,9992],"class_list":["post-59038","post","type-post","status-publish","format-standard","has-post-thumbnail","hentry","category-ciudadania","category-noticias-de-hoy","category-sociedad","category-ultimas-noticias","tag-conferencia","tag-supersticiones"],"jetpack_publicize_connections":[],"jetpack_featured_media_url":"https:\/\/i0.wp.com\/miradordeatarfe.es\/wp-content\/uploads\/2023\/02\/unnamed-2.png?fit=787%2C394&ssl=1","jetpack_likes_enabled":true,"jetpack_sharing_enabled":true,"_links":{"self":[{"href":"https:\/\/miradordeatarfe.es\/index.php?rest_route=\/wp\/v2\/posts\/59038","targetHints":{"allow":["GET"]}}],"collection":[{"href":"https:\/\/miradordeatarfe.es\/index.php?rest_route=\/wp\/v2\/posts"}],"about":[{"href":"https:\/\/miradordeatarfe.es\/index.php?rest_route=\/wp\/v2\/types\/post"}],"author":[{"embeddable":true,"href":"https:\/\/miradordeatarfe.es\/index.php?rest_route=\/wp\/v2\/users\/1"}],"replies":[{"embeddable":true,"href":"https:\/\/miradordeatarfe.es\/index.php?rest_route=%2Fwp%2Fv2%2Fcomments&post=59038"}],"version-history":[{"count":1,"href":"https:\/\/miradordeatarfe.es\/index.php?rest_route=\/wp\/v2\/posts\/59038\/revisions"}],"predecessor-version":[{"id":59041,"href":"https:\/\/miradordeatarfe.es\/index.php?rest_route=\/wp\/v2\/posts\/59038\/revisions\/59041"}],"wp:featuredmedia":[{"embeddable":true,"href":"https:\/\/miradordeatarfe.es\/index.php?rest_route=\/wp\/v2\/media\/59040"}],"wp:attachment":[{"href":"https:\/\/miradordeatarfe.es\/index.php?rest_route=%2Fwp%2Fv2%2Fmedia&parent=59038"}],"wp:term":[{"taxonomy":"category","embeddable":true,"href":"https:\/\/miradordeatarfe.es\/index.php?rest_route=%2Fwp%2Fv2%2Fcategories&post=59038"},{"taxonomy":"post_tag","embeddable":true,"href":"https:\/\/miradordeatarfe.es\/index.php?rest_route=%2Fwp%2Fv2%2Ftags&post=59038"}],"curies":[{"name":"wp","href":"https:\/\/api.w.org\/{rel}","templated":true}]}}