{"id":59043,"date":"2023-02-05T11:00:19","date_gmt":"2023-02-05T10:00:19","guid":{"rendered":"https:\/\/miradordeatarfe.es\/?p=59043"},"modified":"2023-02-03T21:03:06","modified_gmt":"2023-02-03T20:03:06","slug":"los-juanmistas-y-el-fin-de-enero-por-juan-de-dios-villanueva-roa","status":"publish","type":"post","link":"https:\/\/miradordeatarfe.es\/?p=59043","title":{"rendered":"\u00abLos juanmistas y el fin de enero\u00bb por Juan de Dios Villanueva Roa"},"content":{"rendered":"<p style=\"text-align: justify;\">Acab\u00f3 enero, con su cuesta, sus temperaturas heladoras, los desprendimientos en la carretera de la sierra, la cuatrera subida de gasolinas, el asesinato de Algeciras, las salidas de carril de Feij\u00f3o con lo del cristianismo, el premio a Ayuso por haber sido delegada de clase, empe\u00f1o que puso cuando era estudiante y el recuerdo de sus profesores; las vueltas con el s\u00ed es s\u00ed; los vetustos tanques de Zaragoza, el Putin empe\u00f1ado en seguir jodiendo al mundo, los europeos y americanos mirando c\u00f3mo perjudican menos sus econom\u00edas y salen mejor en la foto, los alemanes dudando si ir o no ir, los franceses cabreados porque les va a subir la jubilaci\u00f3n hasta los 64 a\u00f1os; Nadal otra vez lesionado, los cul\u00e9s locos de contentos porque han ganado algo, el Granada que sigue sin tocar bola fuera, el Covir\u00e1n recibiendo unas palizas que se antojan de miedo pero que resurgir\u00e1 s\u00ed o s\u00ed; Juanma levitando,<\/p>\n<p style=\"text-align: justify;\">Paco Cuenca viendo que llega mayo y que los peperos ya no son peperos sino juanmistas; los expertos diciendo que cuidado con el excesivo uso de los tel\u00e9fonos m\u00f3viles que se nos est\u00e1n ablandando los sesos, la tierra girando con el n\u00facleo ah\u00ed, ah\u00ed, con lo que eso puede suponer; los de siempre que siguen negando el cambio clim\u00e1tico porque est\u00e1n convencidos que lo fuerte llegar\u00e1 cuando ellos ya no est\u00e9n; la cultura siendo como siempre la cenicienta social pero la que pinta de azul y rosa las fotos en las que todos quieren estar. En fin, un enero como todos los eneros, y en unos d\u00edas ya con las mascarillas a punto de ser guardadas. A ver c\u00f3mo viene febrerillo el loco.<\/p>\n","protected":false},"excerpt":{"rendered":"<p>Acab\u00f3 enero, con su cuesta, sus temperaturas heladoras, los desprendimientos en la carretera de la&#8230;<\/p>\n","protected":false},"author":1,"featured_media":59044,"comment_status":"closed","ping_status":"closed","sticky":false,"template":"","format":"standard","meta":{"_coblocks_attr":"","_coblocks_dimensions":"","_coblocks_responsive_height":"","_coblocks_accordion_ie_support":"","jetpack_post_was_ever_published":false,"_jetpack_newsletter_access":"","_jetpack_dont_email_post_to_subs":false,"_jetpack_newsletter_tier_id":0,"_jetpack_memberships_contains_paywalled_content":false,"_jetpack_memberships_contains_paid_content":false,"footnotes":"","jetpack_publicize_message":"","jetpack_publicize_feature_enabled":true,"jetpack_social_post_already_shared":true,"jetpack_social_options":{"image_generator_settings":{"template":"highway","default_image_id":0,"enabled":false},"version":2}},"categories":[1161,9772,44,7671,6937,15],"tags":[2024,42,4078],"class_list":["post-59043","post","type-post","status-publish","format-standard","has-post-thumbnail","hentry","category-ciudadania","category-opinion-de-juan-de-dios-villanueva","category-noticias-de-hoy","category-politica","category-sociedad","category-ultimas-noticias","tag-enero","tag-politica","tag-problemas"],"jetpack_publicize_connections":[],"jetpack_featured_media_url":"https:\/\/i0.wp.com\/miradordeatarfe.es\/wp-content\/uploads\/2023\/02\/letras-enero-planas_52683-78324.webp?fit=2000%2C1333&ssl=1","jetpack_likes_enabled":true,"jetpack_sharing_enabled":true,"_links":{"self":[{"href":"https:\/\/miradordeatarfe.es\/index.php?rest_route=\/wp\/v2\/posts\/59043","targetHints":{"allow":["GET"]}}],"collection":[{"href":"https:\/\/miradordeatarfe.es\/index.php?rest_route=\/wp\/v2\/posts"}],"about":[{"href":"https:\/\/miradordeatarfe.es\/index.php?rest_route=\/wp\/v2\/types\/post"}],"author":[{"embeddable":true,"href":"https:\/\/miradordeatarfe.es\/index.php?rest_route=\/wp\/v2\/users\/1"}],"replies":[{"embeddable":true,"href":"https:\/\/miradordeatarfe.es\/index.php?rest_route=%2Fwp%2Fv2%2Fcomments&post=59043"}],"version-history":[{"count":1,"href":"https:\/\/miradordeatarfe.es\/index.php?rest_route=\/wp\/v2\/posts\/59043\/revisions"}],"predecessor-version":[{"id":59045,"href":"https:\/\/miradordeatarfe.es\/index.php?rest_route=\/wp\/v2\/posts\/59043\/revisions\/59045"}],"wp:featuredmedia":[{"embeddable":true,"href":"https:\/\/miradordeatarfe.es\/index.php?rest_route=\/wp\/v2\/media\/59044"}],"wp:attachment":[{"href":"https:\/\/miradordeatarfe.es\/index.php?rest_route=%2Fwp%2Fv2%2Fmedia&parent=59043"}],"wp:term":[{"taxonomy":"category","embeddable":true,"href":"https:\/\/miradordeatarfe.es\/index.php?rest_route=%2Fwp%2Fv2%2Fcategories&post=59043"},{"taxonomy":"post_tag","embeddable":true,"href":"https:\/\/miradordeatarfe.es\/index.php?rest_route=%2Fwp%2Fv2%2Ftags&post=59043"}],"curies":[{"name":"wp","href":"https:\/\/api.w.org\/{rel}","templated":true}]}}