{"id":59083,"date":"2023-02-17T10:45:43","date_gmt":"2023-02-17T09:45:43","guid":{"rendered":"https:\/\/miradordeatarfe.es\/?p=59083"},"modified":"2023-02-13T20:06:36","modified_gmt":"2023-02-13T19:06:36","slug":"manuel-gomez-moreno","status":"publish","type":"post","link":"https:\/\/miradordeatarfe.es\/?p=59083","title":{"rendered":"Manuel G\u00f3mez-Moreno"},"content":{"rendered":"<div class=\"csc-textpic-text\">\n<h3 class=\"bodytext\" style=\"text-align: justify;\">En 1970 mor\u00eda, a los cien a\u00f1os de edad, Manuel G\u00f3mez-Moreno Mart\u00ednez (Granada, 1870-Madrid, 1970), una de las personalidades m\u00e1s sobresalientes de la cultura espa\u00f1ola del siglo XX.<\/h3>\n<p class=\"bodytext\" style=\"text-align: justify;\">Autor de una extensa bibliograf\u00eda de casi trescientos t\u00edtulos que abarca los m\u00e1s variados intereses de la arqueolog\u00eda y la historia del arte hisp\u00e1nicos, entr\u00f3 en la escena del pensamiento historiogr\u00e1fico en los primeros a\u00f1os del siglo pasado con la realizaci\u00f3n de los cat\u00e1logos monumentales de las provincias de \u00c1vila, Zamora, Salamanca y Le\u00f3n. A \u00e9l se deben contribuciones esenciales para el esclarecimiento de cap\u00edtulos completos de la arqueolog\u00eda ib\u00e9rica y del arte hispanomusulm\u00e1n, rom\u00e1nico, moz\u00e1rabe y renacentista, as\u00ed como de las lenguas primitivas de la pen\u00ednsula.<\/p>\n<p class=\"bodytext\" style=\"text-align: justify;\">Desde su c\u00e1tedra de arqueolog\u00eda ar\u00e1biga en la Universidad Central (Madrid) llev\u00f3 a cabo, a partir de 1913, una fecunda labor docente que, junto a sus ense\u00f1anzas en el Centro de Estudios Hist\u00f3ricos, irradi\u00f3 durante d\u00e9cadas la universalidad de sus saberes. Alumnos suyos fueron los historiadores del arte Francisco Javier S\u00e1nchez Cant\u00f3n, Diego Angulo y Juan Antonio Gaya Nu\u00f1o, entre otros; los arque\u00f3logos Juan Cabr\u00e9, Cayetano de Mergelina, Mart\u00edn Almagro y Antonio Garc\u00eda Bellido, los arquitectos Alejandro Ferrant y Leopoldo Torres Balb\u00e1s, etc. Fue Director General de Bellas Artes en tiempos de la Rep\u00fablica y activo defensor del patrimonio durante la Guerra Civil a trav\u00e9s de la Junta del Tesoro Art\u00edstico. Fue, asimismo, miembro de la Real Academia de la Historia (1917), de la de <a title=\"Real Academia de Bellas Artes de San Fernando\" href=\"http:\/\/es.wikipedia.org\/wiki\/Real_Academia_de_Bellas_Artes_de_San_Fernando\" target=\"_blank\" rel=\"noopener\">Bellas Artes<\/a> (1931) y de la Real Academia Espa\u00f1ola (1942). Mantuvo fecunda relaci\u00f3n con algunos de los m\u00e1s destacados intelectuales de su tiempo, como Miguel de Unamuno, Ram\u00f3n Men\u00e9ndez Pidal y Gregorio Mara\u00f1\u00f3n, entre otros.<\/p>\n<p class=\"bodytext\" style=\"text-align: justify;\">Su biblioteca, el archivo y la colecci\u00f3n art\u00edstica y arqueol\u00f3gica que logr\u00f3 reunir a lo largo de su dilatada existencia, como reflejo de su particular sensibilidad y de sus amplios intereses arqueol\u00f3gicos e hist\u00f3rico-art\u00edsticos, fueron a su muerte donados por sus herederas, interpretando un ferviente deseo paterno, a la Fundaci\u00f3n Rodr\u00edguez-Acosta de Granada.<\/p>\n<p class=\"bodytext\" style=\"text-align: justify;\">As\u00ed, en 1973 fue creado, en el seno de la Fundaci\u00f3n, el Instituto G\u00f3mez-Moreno con el fin de conservar, exhibir y difundir su legado.<\/p>\n<p><a href=\"https:\/\/i0.wp.com\/miradordeatarfe.es\/wp-content\/uploads\/2023\/02\/GOMEZ-MORENO.jpg?ssl=1\"><img data-recalc-dims=\"1\" loading=\"lazy\" decoding=\"async\" class=\"alignnone  wp-image-59084\" src=\"https:\/\/i0.wp.com\/miradordeatarfe.es\/wp-content\/uploads\/2023\/02\/GOMEZ-MORENO.jpg?resize=640%2C815&#038;ssl=1\" alt=\"\" width=\"640\" height=\"815\" srcset=\"https:\/\/i0.wp.com\/miradordeatarfe.es\/wp-content\/uploads\/2023\/02\/GOMEZ-MORENO.jpg?w=300&amp;ssl=1 300w, https:\/\/i0.wp.com\/miradordeatarfe.es\/wp-content\/uploads\/2023\/02\/GOMEZ-MORENO.jpg?resize=236%2C300&amp;ssl=1 236w\" sizes=\"auto, (max-width: 640px) 100vw, 640px\" \/><\/a><\/p>\n<p>http:\/\/www.fundacionrodriguezacosta.com\/la-fundacion\/manuel-gomez-moreno\/<\/p>\n<\/div>\n<p>NOTA DEL MIRADOR: HASTA CUANDO UN HOMENAJE A ESTE HOMBRE POR EL\u00a0 PUEBLO DE ATARFE? EN OTROS ART\u00cdCULOS HEMOS DEMANDADO UNA CALLE , UN MONUMENTO, \u00a1ESPEREMOS QUE PRONTO!<\/p>\n","protected":false},"excerpt":{"rendered":"<p>En 1970 mor\u00eda, a los cien a\u00f1os de edad, Manuel G\u00f3mez-Moreno Mart\u00ednez (Granada, 1870-Madrid, 1970),&#8230;<\/p>\n","protected":false},"author":1,"featured_media":59085,"comment_status":"closed","ping_status":"closed","sticky":false,"template":"","format":"standard","meta":{"_coblocks_attr":"","_coblocks_dimensions":"","_coblocks_responsive_height":"","_coblocks_accordion_ie_support":"","jetpack_post_was_ever_published":false,"_jetpack_newsletter_access":"","_jetpack_dont_email_post_to_subs":false,"_jetpack_newsletter_tier_id":0,"_jetpack_memberships_contains_paywalled_content":false,"_jetpack_memberships_contains_paid_content":false,"footnotes":"","jetpack_publicize_message":"","jetpack_publicize_feature_enabled":true,"jetpack_social_post_already_shared":true,"jetpack_social_options":{"image_generator_settings":{"template":"highway","default_image_id":0,"enabled":false},"version":2}},"categories":[2,12,9597,9029,5359,44,15],"tags":[81,80,7992,7922,2957],"class_list":["post-59083","post","type-post","status-publish","format-standard","has-post-thumbnail","hentry","category-atarfe","category-cultura","category-cientificos-atarfenos","category-la-cora-de-ilbira","category-madinat-ilbira","category-noticias-de-hoy","category-ultimas-noticias","tag-atarfe","tag-excavaciones","tag-gomez-moreno","tag-la-cora-de-ilbira","tag-madinat-ilbira"],"jetpack_publicize_connections":[],"jetpack_featured_media_url":"https:\/\/i0.wp.com\/miradordeatarfe.es\/wp-content\/uploads\/2023\/02\/img2.rtve_.jpeg?fit=1600%2C900&ssl=1","jetpack_likes_enabled":true,"jetpack_sharing_enabled":true,"_links":{"self":[{"href":"https:\/\/miradordeatarfe.es\/index.php?rest_route=\/wp\/v2\/posts\/59083","targetHints":{"allow":["GET"]}}],"collection":[{"href":"https:\/\/miradordeatarfe.es\/index.php?rest_route=\/wp\/v2\/posts"}],"about":[{"href":"https:\/\/miradordeatarfe.es\/index.php?rest_route=\/wp\/v2\/types\/post"}],"author":[{"embeddable":true,"href":"https:\/\/miradordeatarfe.es\/index.php?rest_route=\/wp\/v2\/users\/1"}],"replies":[{"embeddable":true,"href":"https:\/\/miradordeatarfe.es\/index.php?rest_route=%2Fwp%2Fv2%2Fcomments&post=59083"}],"version-history":[{"count":3,"href":"https:\/\/miradordeatarfe.es\/index.php?rest_route=\/wp\/v2\/posts\/59083\/revisions"}],"predecessor-version":[{"id":59310,"href":"https:\/\/miradordeatarfe.es\/index.php?rest_route=\/wp\/v2\/posts\/59083\/revisions\/59310"}],"wp:featuredmedia":[{"embeddable":true,"href":"https:\/\/miradordeatarfe.es\/index.php?rest_route=\/wp\/v2\/media\/59085"}],"wp:attachment":[{"href":"https:\/\/miradordeatarfe.es\/index.php?rest_route=%2Fwp%2Fv2%2Fmedia&parent=59083"}],"wp:term":[{"taxonomy":"category","embeddable":true,"href":"https:\/\/miradordeatarfe.es\/index.php?rest_route=%2Fwp%2Fv2%2Fcategories&post=59083"},{"taxonomy":"post_tag","embeddable":true,"href":"https:\/\/miradordeatarfe.es\/index.php?rest_route=%2Fwp%2Fv2%2Ftags&post=59083"}],"curies":[{"name":"wp","href":"https:\/\/api.w.org\/{rel}","templated":true}]}}