{"id":59099,"date":"2023-02-06T11:33:32","date_gmt":"2023-02-06T10:33:32","guid":{"rendered":"https:\/\/miradordeatarfe.es\/?p=59099"},"modified":"2023-02-06T15:49:31","modified_gmt":"2023-02-06T14:49:31","slug":"dice-pablo-iglesias-por-remedios-sanchez","status":"publish","type":"post","link":"https:\/\/miradordeatarfe.es\/?p=59099","title":{"rendered":"\u00abDICE PABLO IGLESIAS\u00bb por Remedios S\u00e1nchez"},"content":{"rendered":"<p align=\"JUSTIFY\"><span style=\"font-family: Times New Roman, serif;\"><span style=\"font-size: medium;\"><span lang=\"es-ES\">Ser o no ser, esa es la cuesti\u00f3n, as\u00ed para el ciudadano normal como para cualquier pol\u00edtico, desde los tiempos de Hamlet a esta modernidad l\u00edquida que habitamos. La clave est\u00e1 en existir, bien para la vida an\u00f3nima, bien para la cosa p\u00fablica (con todos los focos centrados en la mismidad de un individuo\/personaje que ejerce de estadista moment\u00e1neo). Pero siempre, y ah\u00ed est\u00e1 el dilema, hay que elegir d\u00f3nde situarse. Porque las puertas est\u00e1n para entrar o salir, pero no para quedarse en medio impidiendo el paso de la gente. Normas tan b\u00e1sicas de urbanidad aprendidas cuando ni\u00f1os se les han ido olvidando a muchos, como evidencia ahora el comportamiento de Pablo Iglesias, que quiso dejar de ser vicepresidente del Gobierno de Espa\u00f1a y l\u00edder de \u2018Podemos\u2019, pero s\u00f3lo un rato. <\/span><\/span><\/span><\/p>\n<p align=\"JUSTIFY\"><span style=\"font-family: Times New Roman, serif;\"><span style=\"font-size: medium;\"><span lang=\"es-ES\">El anta\u00f1o (es un decir) dirigente y actual l\u00edder espiritual del totum revolutum morado, fue eliminando a todas las personas que fundaron con \u00e9l \u2018Podemos\u2019 aplicando el m\u00e9todo de \u2018Los inmortales\u2019 (ese de que s\u00f3lo puede quedar uno) y luego abandon\u00f3 el barco como un ni\u00f1o enfurru\u00f1ado cuando los votantes de Madrid le negaron el apoyo para gobernar su comunidad. Entonces Pablo dijo que se iba, que se echaba a un lado para que el partido no se quemase con esos resultados vergonzantes. Pero sucede que aquel gesto de dignidad, de dejar paso, le dur\u00f3 poco. Lo justo: hasta que vio que Yolanda D\u00edaz iba por libre y no segu\u00eda la hoja de ruta que \u00e9l, como patriarca indiscutible, dej\u00f3 marcada. Es decir, D\u00edaz ha procurado el consenso con la mayor\u00eda del gobierno frente a esa guerra abierta que mantienen la Ministra de Derechos Sociales, Ione Belarra y la de Igualdad, Irene Montero. <\/span><\/span><\/span><\/p>\n<p align=\"JUSTIFY\"><span style=\"font-family: Times New Roman, serif;\"><span style=\"font-size: medium;\"><span lang=\"es-ES\">Lo de Belarra, Secretaria General podemita, tiene su explicaci\u00f3n en que a\u00fan no se ha enterado de que forma parte del Consejo de Ministros y, por tanto, no puede atacar y defender al mismo tiempo, ser gobierno y oposici\u00f3n simult\u00e1neamente; la justificaci\u00f3n de la Ministra de Igualdad Montero es diferente: parece fruto de la soberbia pueril de creerse infalible en relaci\u00f3n a la ley del \u201cS\u00f3lo s\u00ed es s\u00ed\u201d, cuando ha se ha constatado en su desarrollo como un rotundo fracaso. Conste: no porque no sea necesaria, sino porque no est\u00e1 bien dise\u00f1ada tal y como evidencian los datos y las declaraciones de juristas como Manuela Carmena, poco sospechosa de ser adalid del ideario conservador radical. O eso se supon\u00eda hasta que la exalcaldesa madrile\u00f1a cuestion\u00f3 al t\u00e1ndem Belarra-Montero con la sensatez de quien ha sido juez ejerciente y desmontando su argumentario populista de huida hacia adelante. Bast\u00f3 la discrepancia sensata para que Pablo la acusase de hacer el juego la derecha. Pero el culmen de este proceso de radicalizaci\u00f3n de Iglesias avanza sin control con su amenaza a S\u00e1nchez de que lo pagar\u00e1 si pacta modificaciones con la oposici\u00f3n, una vez asumidos desde la bancada socialista los errores y la necesidad de consenso en una ley primordial. Lamentablemente, se olvida Pablo de que el origen de \u2018Podemos\u2019 estuvo en el asamble\u00edsmo del 15M, en ese saber negociar para llegar a acuerdos de mayor\u00edas. Ahora, ya sin coleta, es otro: un paterfamilias ofuscado y falt\u00f3n que no acepta que perdi\u00f3 la oportunidad de ayudar a cambiar Espa\u00f1a. Una especie de Hamlet agonizante que, obstinado, se revuelve furibundo neg\u00e1ndose a aceptar su destino.<\/span><\/span><\/span><\/p>\n","protected":false},"excerpt":{"rendered":"<p>Ser o no ser, esa es la cuesti\u00f3n, as\u00ed para el ciudadano normal como para&#8230;<\/p>\n","protected":false},"author":1,"featured_media":59100,"comment_status":"closed","ping_status":"closed","sticky":false,"template":"","format":"standard","meta":{"_coblocks_attr":"","_coblocks_dimensions":"","_coblocks_responsive_height":"","_coblocks_accordion_ie_support":"","jetpack_post_was_ever_published":false,"_jetpack_newsletter_access":"","_jetpack_dont_email_post_to_subs":false,"_jetpack_newsletter_tier_id":0,"_jetpack_memberships_contains_paywalled_content":false,"_jetpack_memberships_contains_paid_content":false,"footnotes":"","jetpack_publicize_message":"","jetpack_publicize_feature_enabled":true,"jetpack_social_post_already_shared":false,"jetpack_social_options":{"image_generator_settings":{"template":"highway","default_image_id":0,"enabled":false},"version":2}},"categories":[44,7671,6914,15],"tags":[10004,210,9439],"class_list":["post-59099","post","type-post","status-publish","format-standard","has-post-thumbnail","hentry","category-noticias-de-hoy","category-politica","category-opinion-de-reme-sanchez","category-ultimas-noticias","tag-pablo-iglesias","tag-podemos","tag-yolanda-diaz"],"jetpack_publicize_connections":[],"jetpack_featured_media_url":"https:\/\/i0.wp.com\/miradordeatarfe.es\/wp-content\/uploads\/2023\/02\/61f265f9-d9de-422f-9a49-376b358de8ee_16-9-discover-aspect-ratio_default_0.jpg?fit=1200%2C675&ssl=1","jetpack_likes_enabled":true,"jetpack_sharing_enabled":true,"_links":{"self":[{"href":"https:\/\/miradordeatarfe.es\/index.php?rest_route=\/wp\/v2\/posts\/59099","targetHints":{"allow":["GET"]}}],"collection":[{"href":"https:\/\/miradordeatarfe.es\/index.php?rest_route=\/wp\/v2\/posts"}],"about":[{"href":"https:\/\/miradordeatarfe.es\/index.php?rest_route=\/wp\/v2\/types\/post"}],"author":[{"embeddable":true,"href":"https:\/\/miradordeatarfe.es\/index.php?rest_route=\/wp\/v2\/users\/1"}],"replies":[{"embeddable":true,"href":"https:\/\/miradordeatarfe.es\/index.php?rest_route=%2Fwp%2Fv2%2Fcomments&post=59099"}],"version-history":[{"count":1,"href":"https:\/\/miradordeatarfe.es\/index.php?rest_route=\/wp\/v2\/posts\/59099\/revisions"}],"predecessor-version":[{"id":59101,"href":"https:\/\/miradordeatarfe.es\/index.php?rest_route=\/wp\/v2\/posts\/59099\/revisions\/59101"}],"wp:featuredmedia":[{"embeddable":true,"href":"https:\/\/miradordeatarfe.es\/index.php?rest_route=\/wp\/v2\/media\/59100"}],"wp:attachment":[{"href":"https:\/\/miradordeatarfe.es\/index.php?rest_route=%2Fwp%2Fv2%2Fmedia&parent=59099"}],"wp:term":[{"taxonomy":"category","embeddable":true,"href":"https:\/\/miradordeatarfe.es\/index.php?rest_route=%2Fwp%2Fv2%2Fcategories&post=59099"},{"taxonomy":"post_tag","embeddable":true,"href":"https:\/\/miradordeatarfe.es\/index.php?rest_route=%2Fwp%2Fv2%2Ftags&post=59099"}],"curies":[{"name":"wp","href":"https:\/\/api.w.org\/{rel}","templated":true}]}}