{"id":59102,"date":"2023-02-07T09:26:45","date_gmt":"2023-02-07T08:26:45","guid":{"rendered":"https:\/\/miradordeatarfe.es\/?p=59102"},"modified":"2023-02-04T19:45:52","modified_gmt":"2023-02-04T18:45:52","slug":"es-necesario-ponerse-la-cuarta-dosis-de-la-vacuna-contra-la-covid","status":"publish","type":"post","link":"https:\/\/miradordeatarfe.es\/?p=59102","title":{"rendered":"\u00bfEs necesario ponerse la cuarta dosis de la vacuna contra la covid?"},"content":{"rendered":"<h3 class=\"a_st\" style=\"text-align: justify;\">Las pr\u00f3ximas dosis de refuerzo de la inmunizaci\u00f3n deben planearse para coincidir con \u00e9pocas del a\u00f1o con mayor riesgo, tal y como ocurre con la de la gripe<\/h3>\n<p class=\"\" style=\"text-align: justify;\">La evidencia acumulada sugiere que la cuarta dosis de las vacunas de ARN mensajero de la covid 19, que en Espa\u00f1a son las de <a href=\"https:\/\/elpais.com\/ciencia\/2020-11-28\/arn-la-molecula-que-puede-sacarnos-de-esta-pandemia.html\" target=\"_blank\" rel=\"noopener\" data-link-track-dtm=\"\">Moderna y Pfizer<\/a>, ser\u00e1n sobre todo fundamentales para dar mayor protecci\u00f3n a las personas con el sistema inmunitario m\u00e1s vulnerable y personas de mayor edad. <a href=\"https:\/\/www.nejm.org\/doi\/full\/10.1056\/NEJMc2211283\" data-link-track-dtm=\"\">Los trabajos publicados<\/a> en el mes de <a href=\"https:\/\/www.nature.com\/articles\/s41467-022-35480-2\" data-link-track-dtm=\"\">diciembre<\/a> demuestran, sin embargo, que una cuarta dosis no es capaz de aumentar ni de alargar en el tiempo la respuesta inmune que ya se hab\u00eda generado con la tercera dosis.<\/p>\n<p class=\"\" style=\"text-align: justify;\">Lo que s\u00ed es posible es que haya pautas de vacunaci\u00f3n con prote\u00ednas recombinantes que puedan aumentar esa respuesta. Esto es algo que debemos confirmar con estudios cl\u00ednicos que ya est\u00e1n en marcha porque, hasta ahora, casi todos los estudios que se han hecho han sido con <a href=\"https:\/\/elpais.com\/ciencia\/2022-12-13\/moderna-y-merck-anuncian-resultados-prometedores-en-los-ensayos-de-su-vacuna-contra-el-melanoma.html\" target=\"_blank\" rel=\"noopener\" data-link-track-dtm=\"\">vacunas de ARN mensajero.<\/a> Un ejemplo de vacuna con prote\u00edna recombinante es la espa\u00f1ola de <a href=\"https:\/\/elpais.com\/ciencia\/2021-08-11\/autorizado-el-ensayo-clinico-de-una-de-las-vacunas-espanolas-contra-el-coronavirus.html\" target=\"_blank\" rel=\"noopener\" data-link-track-dtm=\"\">Hipra, que est\u00e1 ahora en estudio cl\u00ednico y que se espera que se apruebe en los pr\u00f3ximos meses<\/a>.<\/p>\n<p class=\"\" style=\"text-align: justify;\">En este momento y, cuando hablamos de vacunas ARN mensajero, lo que sabemos es que comparada con la segunda dosis, la tercera incrementa la respuesta inmune durante m\u00e1s tiempo. Sin embargo, la cuarta dosis no supera los niveles m\u00e1ximos obtenidos con la tercera y su efecto desaparece tras unos tres meses despu\u00e9s de la vacunaci\u00f3n. Por ello, el momento para vacunarse debe coincidir con situaciones en las que la transmisi\u00f3n comunitaria sea alta y el riesgo de contagio muy elevado. En este sentido, las <a href=\"https:\/\/www.nejm.org\/doi\/full\/10.1056\/NEJMc2211283\" data-link-track-dtm=\"\">pr\u00f3ximas dosis<\/a> de refuerzo de la vacuna deben planearse para coincidir con <a href=\"https:\/\/www.nature.com\/articles\/s41467-022-35480-2\" data-link-track-dtm=\"\">\u00e9pocas del a\u00f1o<\/a> con mayor riesgo, tal y como ocurre con la vacuna de la gripe.<\/p>\n<p class=\"\" style=\"text-align: justify;\">Pero no podemos olvidar que la cuarta dosis s\u00ed tiene valor para poblaciones vulnerables. Comparadas con la tercera, las cuartas dosis de vacunas ARN mensajero administradas durante el periodo donde ha predominado la variante \u00f3micron redujo el riesgo de muerte de las personas que viven en residencias y de mayor edad <a href=\"https:\/\/www.thelancet.com\/journals\/lanepe\/article\/PIIS2666-7762(22)00162-4\/fulltext\" data-link-track-dtm=\"\">al menos durante dos meses<\/a>. Estos resultados sugieren que una cuarta dosis puede prevenir la mortalidad en poblaciones fr\u00e1giles, pero tambi\u00e9n muestran que el efecto protector es limitado en el tiempo, lo que nos obligar\u00e1 a buscar los <a href=\"https:\/\/www.thelancet.com\/journals\/lanepe\/article\/PIIS2666-7762(22)00162-4\/fulltext\" data-link-track-dtm=\"\">momentos epidemiol\u00f3gicos<\/a> de mayor riesgo para vacunar a los m\u00e1s vulnerables.<\/p>\n<p class=\"\" style=\"text-align: justify;\">La anticipaci\u00f3n y capacidad de proporcionar dosis de recuerdo de la vacuna de la covid a las poblaciones vulnerables de mayor edad o con sistemas inmunes debilitados ser\u00e1 clave para contener el exceso de mortalidad que todav\u00eda hemos seguido registrando durante el 2022 en pa\u00edses donde la poblaci\u00f3n tiene una amplia cobertura vacunal, como Espa\u00f1a.<\/p>\n<p class=\"\" style=\"text-align: justify;\">Hay que recordar que, tras haber sido infectados por el virus, nuestro sistema inmune mantendr\u00e1 unos niveles \u00f3ptimos para responder a una nueva infecci\u00f3n durante unos meses y, por tanto, debemos tener en cuenta estos episodios a la hora de decidir cu\u00e1ndo volvemos a vacunarnos, pues no tendr\u00eda sentido recibir una dosis de recuerdo justo despu\u00e9s de un episodio de infecci\u00f3n.<\/p>\n<p class=\"\" style=\"text-align: justify;\"><i><b>Nuria Izquierdo-Useros\u202f<\/b><\/i><i>es doctora en biolog\u00eda, jefa del grupo de pat\u00f3genos emergentes de IrsiCaixa.<\/i><\/p>\n<p class=\"\" style=\"text-align: justify;\"><i>Pregunta enviada v\u00eda email por Julio Alonso<\/i><\/p>\n<p class=\"\" style=\"text-align: justify;\"><i>Coordinaci\u00f3n y redacci\u00f3n:\u202f<\/i><i><b>Victoria Toro<\/b><\/i><\/p>\n<p class=\"\" style=\"text-align: justify;\"><i>Los consejos de este consultorio son de car\u00e1cter general y no sustituyen la consulta m\u00e9dica. Si tiene dudas sobre su problema concreto, dir\u00edjase a su m\u00e9dico o farmac\u00e9utico.<\/i><\/p>\n<header class=\"a_e _g _g-xs\">\n<div class=\"a_e_m\">\n<figure class=\"a_m a_m-h\"><figcaption class=\"a_m_p\">FOTO: Araceli Rosario Hidalgo, de 96 a\u00f1os, fue la primera vacunada de la covid 19 en Espa\u00f1a, en diciembre de 2020.<span class=\"a_m_m\">Pepe Zamora (POOL)<\/span><\/figcaption><\/figure>\n<\/div>\n<\/header>\n<div class=\"a_md _g _g-xs ni\">\n<div class=\"a_md_txt\" style=\"text-align: justify;\">\n<div class=\"a_md_a\" data-dtm-region=\"articulo_firma\"><span class=\"a_md_a_n\">\u00a0<\/span><\/div>\n<p>https:\/\/elpais.com\/salud-y-bienestar\/nosotras-respondemos\/2023-02-02\/es-necesario-ponerse-la-cuarta-dosis-de-la-vacuna-contra-la-covid.html<\/p><\/div>\n<\/div>\n","protected":false},"excerpt":{"rendered":"<p>Las pr\u00f3ximas dosis de refuerzo de la inmunizaci\u00f3n deben planearse para coincidir con \u00e9pocas del&#8230;<\/p>\n","protected":false},"author":1,"featured_media":59103,"comment_status":"closed","ping_status":"closed","sticky":false,"template":"","format":"standard","meta":{"_coblocks_attr":"","_coblocks_dimensions":"","_coblocks_responsive_height":"","_coblocks_accordion_ie_support":"","jetpack_post_was_ever_published":false,"_jetpack_newsletter_access":"","_jetpack_dont_email_post_to_subs":false,"_jetpack_newsletter_tier_id":0,"_jetpack_memberships_contains_paywalled_content":false,"_jetpack_memberships_contains_paid_content":false,"footnotes":"","jetpack_publicize_message":"","jetpack_publicize_feature_enabled":true,"jetpack_social_post_already_shared":true,"jetpack_social_options":{"image_generator_settings":{"template":"highway","default_image_id":0,"enabled":false},"version":2}},"categories":[1161,7149,44,15],"tags":[10006,10005],"class_list":["post-59102","post","type-post","status-publish","format-standard","has-post-thumbnail","hentry","category-ciudadania","category-coronavirus","category-noticias-de-hoy","category-ultimas-noticias","tag-cuarta-dosis","tag-vacuna-covid"],"jetpack_publicize_connections":[],"jetpack_featured_media_url":"https:\/\/i0.wp.com\/miradordeatarfe.es\/wp-content\/uploads\/2023\/02\/Screenshot-2023-02-04-at-17-31-06-%C2%BFEs-necesario-ponerse-la-cuarta-dosis-de-la-vacuna-contra-la-covid.png?fit=962%2C445&ssl=1","jetpack_likes_enabled":true,"jetpack_sharing_enabled":true,"_links":{"self":[{"href":"https:\/\/miradordeatarfe.es\/index.php?rest_route=\/wp\/v2\/posts\/59102","targetHints":{"allow":["GET"]}}],"collection":[{"href":"https:\/\/miradordeatarfe.es\/index.php?rest_route=\/wp\/v2\/posts"}],"about":[{"href":"https:\/\/miradordeatarfe.es\/index.php?rest_route=\/wp\/v2\/types\/post"}],"author":[{"embeddable":true,"href":"https:\/\/miradordeatarfe.es\/index.php?rest_route=\/wp\/v2\/users\/1"}],"replies":[{"embeddable":true,"href":"https:\/\/miradordeatarfe.es\/index.php?rest_route=%2Fwp%2Fv2%2Fcomments&post=59102"}],"version-history":[{"count":1,"href":"https:\/\/miradordeatarfe.es\/index.php?rest_route=\/wp\/v2\/posts\/59102\/revisions"}],"predecessor-version":[{"id":59104,"href":"https:\/\/miradordeatarfe.es\/index.php?rest_route=\/wp\/v2\/posts\/59102\/revisions\/59104"}],"wp:featuredmedia":[{"embeddable":true,"href":"https:\/\/miradordeatarfe.es\/index.php?rest_route=\/wp\/v2\/media\/59103"}],"wp:attachment":[{"href":"https:\/\/miradordeatarfe.es\/index.php?rest_route=%2Fwp%2Fv2%2Fmedia&parent=59102"}],"wp:term":[{"taxonomy":"category","embeddable":true,"href":"https:\/\/miradordeatarfe.es\/index.php?rest_route=%2Fwp%2Fv2%2Fcategories&post=59102"},{"taxonomy":"post_tag","embeddable":true,"href":"https:\/\/miradordeatarfe.es\/index.php?rest_route=%2Fwp%2Fv2%2Ftags&post=59102"}],"curies":[{"name":"wp","href":"https:\/\/api.w.org\/{rel}","templated":true}]}}