{"id":59141,"date":"2023-02-15T11:20:50","date_gmt":"2023-02-15T10:20:50","guid":{"rendered":"https:\/\/miradordeatarfe.es\/?p=59141"},"modified":"2023-02-13T19:56:59","modified_gmt":"2023-02-13T18:56:59","slug":"la-granada-de-antonio-munoz-molina-por-alberto-granados","status":"publish","type":"post","link":"https:\/\/miradordeatarfe.es\/?p=59141","title":{"rendered":"\u00abLA GRANADA DE ANTONIO MU\u00d1OZ MOLINA\u00bb por Alberto Granados"},"content":{"rendered":"<h3 dir=\"auto\">ALBERTO GRANADOS ESCRIBE EN SU FACEBOOK SU DOSIS DIARIA DE MU\u00d1OZ MOLINA Y EL D\u00cdA 5 DE FEBRERO ESTE ERA SU RELATO:<\/h3>\n<div dir=\"auto\" style=\"text-align: justify;\"><em>\u00abCuando yo me fui a vivir a Granada, en un oto\u00f1o de hace veintitantos a\u00f1os, el tranv\u00eda de la sierra acababa de ser abolido. Tambi\u00e9n acababan de cortar por entonces los \u00e1rboles grandiosos de la avenida que se llamaba de Calvo Sotelo, pero \u00e9stos a\u00fan me hab\u00eda dado tiempo a verlos, en alguna de mis primeras visitas a la ciudad, de las que guardo una memoria inexacta de umbr\u00edas y veladores arrasados enseguida en beneficio del entusiasmo cateto por el asfalto y los motores de explosi\u00f3n.<\/em><\/div>\n<div dir=\"auto\" style=\"text-align: justify;\">\u00a0<\/div>\n<div dir=\"auto\" style=\"text-align: justify;\"><em> No recuerdo el tranv\u00eda, pero mis amigos me han transmitido su nostalgia, y he visto fotos de los esbeltos vagones amarillos ascendiendo con una gracia suprema por las laderas de la sierra, con un delicado equilibrismo que tiene algo de la poes\u00eda urgente de lo tecnol\u00f3gico, de una tecnolog\u00eda m\u00e1s sabia a\u00fan porque se aventura en el espacio de la naturaleza sin da\u00f1arla, sin envenenar el aire ni destrozar el paisaje. No es verdad que el progreso humano sea incompatible con la preservaci\u00f3n del medio natural: el tranv\u00eda de la sierra, igual que una casa en medio del campo o que el dise\u00f1o geom\u00e9trico de una huerta, era un signo admirable de la presencia humana, una muestra de la capacidad de los hombres para mejorar su vida en el mundo sin necesidad de destrozarlo.\u00a0<\/em><\/div>\n<div dir=\"auto\" style=\"text-align: justify;\">\u00a0<\/div>\n<div dir=\"auto\" style=\"text-align: justify;\"><em>Durante mucho tiempo el tranv\u00eda perdido sigui\u00f3 teniendo en la ciudad una existencia fantasma. En algunas calles adoquinadas quedaba el brillo sinuoso de las v\u00edas, que se volv\u00edan resplandecientes bajo la luz de las farolas en las noches de lluvia, y entonces parec\u00eda posible que el tranv\u00eda surgiera al doblar una calle con el mismo sigilo con que se le ve aparecer en las cuestas de Lisboa, ciudad que debe por cierto una parte de su belleza a la preservaci\u00f3n de los tranv\u00edas\u00bb.<\/em><\/div>\n<div dir=\"auto\">\u00a0<\/div>\n","protected":false},"excerpt":{"rendered":"<p>ALBERTO GRANADOS ESCRIBE EN SU FACEBOOK SU DOSIS DIARIA DE MU\u00d1OZ MOLINA Y EL D\u00cdA&#8230;<\/p>\n","protected":false},"author":1,"featured_media":59142,"comment_status":"closed","ping_status":"closed","sticky":false,"template":"","format":"standard","meta":{"_coblocks_attr":"","_coblocks_dimensions":"","_coblocks_responsive_height":"","_coblocks_accordion_ie_support":"","jetpack_post_was_ever_published":false,"_jetpack_newsletter_access":"","_jetpack_dont_email_post_to_subs":false,"_jetpack_newsletter_tier_id":0,"_jetpack_memberships_contains_paywalled_content":false,"_jetpack_memberships_contains_paid_content":false,"footnotes":"","jetpack_publicize_message":"","jetpack_publicize_feature_enabled":true,"jetpack_social_post_already_shared":true,"jetpack_social_options":{"image_generator_settings":{"template":"highway","default_image_id":0,"enabled":false},"version":2}},"categories":[39,1161,44,6937,15],"tags":[9761],"class_list":["post-59141","post","type-post","status-publish","format-standard","has-post-thumbnail","hentry","category-opinion-de-alberto-granados","category-ciudadania","category-noticias-de-hoy","category-sociedad","category-ultimas-noticias","tag-granada-antigua"],"jetpack_publicize_connections":[],"jetpack_featured_media_url":"https:\/\/i0.wp.com\/miradordeatarfe.es\/wp-content\/uploads\/2023\/02\/Tranvia_de_la_Sierra_Granada_paso_por_pantano_Canales-1.jpg?fit=968%2C648&ssl=1","jetpack_likes_enabled":true,"jetpack_sharing_enabled":true,"_links":{"self":[{"href":"https:\/\/miradordeatarfe.es\/index.php?rest_route=\/wp\/v2\/posts\/59141","targetHints":{"allow":["GET"]}}],"collection":[{"href":"https:\/\/miradordeatarfe.es\/index.php?rest_route=\/wp\/v2\/posts"}],"about":[{"href":"https:\/\/miradordeatarfe.es\/index.php?rest_route=\/wp\/v2\/types\/post"}],"author":[{"embeddable":true,"href":"https:\/\/miradordeatarfe.es\/index.php?rest_route=\/wp\/v2\/users\/1"}],"replies":[{"embeddable":true,"href":"https:\/\/miradordeatarfe.es\/index.php?rest_route=%2Fwp%2Fv2%2Fcomments&post=59141"}],"version-history":[{"count":1,"href":"https:\/\/miradordeatarfe.es\/index.php?rest_route=\/wp\/v2\/posts\/59141\/revisions"}],"predecessor-version":[{"id":59143,"href":"https:\/\/miradordeatarfe.es\/index.php?rest_route=\/wp\/v2\/posts\/59141\/revisions\/59143"}],"wp:featuredmedia":[{"embeddable":true,"href":"https:\/\/miradordeatarfe.es\/index.php?rest_route=\/wp\/v2\/media\/59142"}],"wp:attachment":[{"href":"https:\/\/miradordeatarfe.es\/index.php?rest_route=%2Fwp%2Fv2%2Fmedia&parent=59141"}],"wp:term":[{"taxonomy":"category","embeddable":true,"href":"https:\/\/miradordeatarfe.es\/index.php?rest_route=%2Fwp%2Fv2%2Fcategories&post=59141"},{"taxonomy":"post_tag","embeddable":true,"href":"https:\/\/miradordeatarfe.es\/index.php?rest_route=%2Fwp%2Fv2%2Ftags&post=59141"}],"curies":[{"name":"wp","href":"https:\/\/api.w.org\/{rel}","templated":true}]}}