{"id":5915,"date":"2016-01-12T06:03:34","date_gmt":"2016-01-12T06:03:34","guid":{"rendered":"http:\/\/miradordeatarfe.es\/?p=5915"},"modified":"2016-01-11T09:13:58","modified_gmt":"2016-01-11T09:13:58","slug":"smi-e-iprem-en-2016","status":"publish","type":"post","link":"https:\/\/miradordeatarfe.es\/?p=5915","title":{"rendered":"Salario M\u00ednimo Interprovincial  e IPREM (Indicador P\u00fablico de Renta de Efectos M\u00faltiples) en 2016"},"content":{"rendered":"<p>El Salario M\u00ednimo Interprofesional (SMI) y el Indicador P\u00fablico de Renta de Efectos M\u00faltiples (IPREM) son dos referencias muy importantes. Ya se conocen sus valores para 2016: de nuevo se congela el IPREM, y sube ligeramente el SMI. Apunta las cuant\u00edas de\u00a0SMI e IPREM para este nuevo a\u00f1o.<!--more--><\/p>\n<p>El <strong>Salario M\u00ednimo Interprofesional (SMI)<\/strong> y el <strong>Indicador P\u00fablico de Renta de Efectos M\u00faltiples (IPREM)<\/strong> son dos referencias muy importantes, puesto que el SMI se utiliza <strong>en el \u00e1mbito estrictamente laboral,<\/strong> y el IPREM es el \u00edndice de referencia para el <strong>c\u00e1lculo de ingresos<\/strong> en muchos \u00e1mbitos.<\/p>\n<p>El IPREM sirve de referencia para <strong>cualquier efecto distinto al \u00e1mbito laboral propiamente dicho.<\/strong> Por ejemplo,<span style=\"text-decoration: underline;\"> se utiliza el IPREM en las solicitudes de becas, de ayudas a la vivienda, para establecer l\u00edmites fiscales, en el c\u00e1lculo y acceso a prestaciones sociales&#8230;<\/span><\/p>\n<p>Los dos indicadores se suelen actualizar anualmente, pero <strong>en 2016 el IPREM no sube <\/strong>(y ya van 6 a\u00f1os con la cuant\u00eda congelada)<strong> y el SMI sube este a\u00f1o un 1% sobre el anterior<\/strong>.<\/p>\n<p>Las <strong>cantidades en vigor<\/strong> para estos \u00edndices de referencia en 2016 son:<\/p>\n<h2>Salario M\u00ednimo Interprofesional (SMI)<\/h2>\n<p>Su <strong>cuant\u00eda en 2016<\/strong> es:<\/p>\n<ul>\n<li>SMI diario: 21,84 euros\/d\u00eda.<\/li>\n<li>SMI mensual: 655,20 euros\/mes.<\/li>\n<li><strong>SMI en c\u00f3mputo anual: 9.172,80 euros\/a\u00f1o (en 14 pagas).<\/strong><\/li>\n<li>En el caso de los empleados de hogar que trabajen por horas, el salario m\u00ednimo ser\u00e1 de 5,13 euros por hora efectivamente trabajada.<\/li>\n<\/ul>\n<p>En el salario m\u00ednimo se computa \u00fanicamente la <strong>retribuci\u00f3n en dinero,<\/strong> sin que el salario en especie pueda, en ning\u00fan caso, dar lugar a una reducci\u00f3n de esa cuant\u00eda. Este salario se entiende referido a la <strong>jornada legal de trabajo a tiempo completo.<\/strong> Si se realizase jornada inferior se percibir\u00e1 a prorrata.<\/p>\n<h2>Indicador P\u00fablico de Renta de Efectos M\u00faltiples (IPREM)<\/h2>\n<p>La <strong>cuant\u00eda del IPREM\u00a0en 2016<\/strong>\u00a0<strong>no ha variado <\/strong>con respecto a 2015, y es:<\/p>\n<ul>\n<li>IPREM diario: 17,75 euros\/d\u00eda.<\/li>\n<li>IPREM mensual: 532,51 euros\/mes.<\/li>\n<li><strong>IPREM anual: 6.390,13 euros\/a\u00f1o.<\/strong><\/li>\n<li>IPREM en c\u00f3mputo anual (incluye prorrata de pagas extraordinarias): 7.455,14 euros.<\/li>\n<\/ul>\n","protected":false},"excerpt":{"rendered":"<p>El Salario M\u00ednimo Interprofesional (SMI) y el Indicador P\u00fablico de Renta de Efectos M\u00faltiples (IPREM)&#8230;<\/p>\n","protected":false},"author":1,"featured_media":5916,"comment_status":"closed","ping_status":"closed","sticky":false,"template":"","format":"standard","meta":{"_coblocks_attr":"","_coblocks_dimensions":"","_coblocks_responsive_height":"","_coblocks_accordion_ie_support":"","jetpack_post_was_ever_published":false,"_jetpack_newsletter_access":"","_jetpack_dont_email_post_to_subs":false,"_jetpack_newsletter_tier_id":0,"_jetpack_memberships_contains_paywalled_content":false,"_jetpack_memberships_contains_paid_content":false,"footnotes":"","jetpack_publicize_message":"","jetpack_publicize_feature_enabled":true,"jetpack_social_post_already_shared":false,"jetpack_social_options":{"image_generator_settings":{"template":"highway","default_image_id":0,"enabled":false},"version":2}},"categories":[1161,44,15],"tags":[1984,1985,1983],"class_list":["post-5915","post","type-post","status-publish","format-standard","has-post-thumbnail","hentry","category-ciudadania","category-noticias-de-hoy","category-ultimas-noticias","tag-desventaja-social","tag-iprem","tag-salario-minimo"],"jetpack_publicize_connections":[],"jetpack_featured_media_url":"https:\/\/i0.wp.com\/miradordeatarfe.es\/wp-content\/uploads\/2016\/01\/salario-minimo-interprofesional-smi-e-iprem-2015.jpg?fit=644%2C362&ssl=1","jetpack_likes_enabled":true,"jetpack_sharing_enabled":true,"_links":{"self":[{"href":"https:\/\/miradordeatarfe.es\/index.php?rest_route=\/wp\/v2\/posts\/5915","targetHints":{"allow":["GET"]}}],"collection":[{"href":"https:\/\/miradordeatarfe.es\/index.php?rest_route=\/wp\/v2\/posts"}],"about":[{"href":"https:\/\/miradordeatarfe.es\/index.php?rest_route=\/wp\/v2\/types\/post"}],"author":[{"embeddable":true,"href":"https:\/\/miradordeatarfe.es\/index.php?rest_route=\/wp\/v2\/users\/1"}],"replies":[{"embeddable":true,"href":"https:\/\/miradordeatarfe.es\/index.php?rest_route=%2Fwp%2Fv2%2Fcomments&post=5915"}],"version-history":[{"count":2,"href":"https:\/\/miradordeatarfe.es\/index.php?rest_route=\/wp\/v2\/posts\/5915\/revisions"}],"predecessor-version":[{"id":5918,"href":"https:\/\/miradordeatarfe.es\/index.php?rest_route=\/wp\/v2\/posts\/5915\/revisions\/5918"}],"wp:featuredmedia":[{"embeddable":true,"href":"https:\/\/miradordeatarfe.es\/index.php?rest_route=\/wp\/v2\/media\/5916"}],"wp:attachment":[{"href":"https:\/\/miradordeatarfe.es\/index.php?rest_route=%2Fwp%2Fv2%2Fmedia&parent=5915"}],"wp:term":[{"taxonomy":"category","embeddable":true,"href":"https:\/\/miradordeatarfe.es\/index.php?rest_route=%2Fwp%2Fv2%2Fcategories&post=5915"},{"taxonomy":"post_tag","embeddable":true,"href":"https:\/\/miradordeatarfe.es\/index.php?rest_route=%2Fwp%2Fv2%2Ftags&post=5915"}],"curies":[{"name":"wp","href":"https:\/\/api.w.org\/{rel}","templated":true}]}}