{"id":59164,"date":"2023-02-10T10:28:55","date_gmt":"2023-02-10T09:28:55","guid":{"rendered":"https:\/\/miradordeatarfe.es\/?p=59164"},"modified":"2023-02-08T15:54:03","modified_gmt":"2023-02-08T14:54:03","slug":"59164","status":"publish","type":"post","link":"https:\/\/miradordeatarfe.es\/?p=59164","title":{"rendered":"ATARFE: LA MUJER Y LA NI\u00d1A EN LA CIENCIA"},"content":{"rendered":"<div class=\"\" dir=\"auto\">\n<div id=\"jsc_c_cy\" class=\"x1iorvi4 x1pi30zi x1swvt13 x1l90r2v\" data-ad-comet-preview=\"message\" data-ad-preview=\"message\">\n<div class=\"x78zum5 xdt5ytf xz62fqu x16ldp7u\">\n<div class=\"xu06os2 x1ok221b\">\n<div class=\"x11i5rnm xat24cr x1mh8g0r x1vvkbs xdj266r x126k92a\">\n<h3 dir=\"auto\">El s\u00e1bado 11 de febrero conmemoramos el d\u00eda de la mujer y la ni\u00f1a en la ciencia, un \u00e1mbito en el que las mujeres no han podido estar presentes a lo largo de la historia o se las ha ocultado bajo pseud\u00f3nimos y apellidos de sus parejas para poder realizar los estudios e investigaciones.<\/h3>\n<blockquote>\n<div class=\"row\">\n<div class=\"col-sm-10\">\n<p><em>Todos podemos poner de nuestra parte para aprovechar el enorme talento sin explotar de nuestro mundo, empezando por abrir las puertas de las aulas, los laboratorios y los consejos de administraci\u00f3n a las mujeres de ciencia.<\/em><\/p>\n<p><em><small>Secretario General de la ONU, Ant\u00f3nio Guterres<\/small><\/em><\/div>\n<\/div>\n<\/blockquote>\n<div dir=\"auto\">\u00a0<\/div>\n<div dir=\"auto\">El mi\u00e9rcoles <strong>15 de febrero a las 10:15<\/strong>, en el Centro Cultural Medina Elvira, la <strong>Doctora Marta Alarc\u00f3n, especializada en Enfermedades Complejas<\/strong>, dar\u00e1 una charla educativa muy interesante a la que se podr\u00e1 asistir gratuitamente.<\/div>\n<div dir=\"auto\">\n<p>Este a\u00f1o, el\u00a0<a href=\"https:\/\/www.un.org\/zh\/node\/52614\">D\u00eda Internacional de la Mujer y la Ni\u00f1a en la Ciencia<\/a> se centra en el papel de las mujeres, las ni\u00f1as y la ciencia en relaci\u00f3n con los Objetivos de Desarrollo Sostenible (<a href=\"https:\/\/www.un.org\/sustainabledevelopment\/es\">ODS<\/a>) como antesala del pr\u00f3ximo Foro Pol\u00edtico de Alto Nivel.<\/p>\n<p>En el foro se examinar\u00e1 en profundidad el <a href=\"https:\/\/www.un.org\/sustainabledevelopment\/es\/water-and-sanitation\/\">objetivo 6<\/a> (agua potable y saneamiento), el <a href=\"https:\/\/www.un.org\/sustainabledevelopment\/es\/energy\/\">objetivo 7<\/a> (energ\u00eda asequible y no contaminante), el <a href=\"https:\/\/www.un.org\/sustainabledevelopment\/es\/infrastructure\/\">objetivo 9<\/a> (industria, innovaci\u00f3n e infraestructura), <a href=\"https:\/\/www.un.org\/sustainabledevelopment\/es\/cities\/\">objetivo 11<\/a> (ciudades y comunidades sostenibles) y <a href=\"https:\/\/www.un.org\/sustainabledevelopment\/es\/globalpartnerships\/\">objetivo 17<\/a> (alianzas para lograr los objetivos). Asimismo, en la s\u00e9ptima celebraci\u00f3n del D\u00eda, se har\u00e1 un seguimiento los debates sobre el agua bajo el tema \u00abEl agua nos une\u00bb, en la 2\u00aa Conferencia Internacional de Alto Nivel sobre el Decenio Internacional de Acci\u00f3n sobre el Agua para el Desarrollo Sostenible 2018-2028, celebrada en Dushanbe, y la 2\u00aa Conferencia de las Naciones Unidas sobre los Oc\u00e9anos y su Simposio de Alto Nivel sobre el Agua celebrada en Lisboa, como contribuci\u00f3n a la Conferencia de las Naciones Unidas sobre el Agua de 2023, y otros foros de las Naciones Unidas.\u00a0<\/p>\n<p>Con ello, el D\u00eda Internacional de la Mujer y la Ni\u00f1a en la Ciencia pretende conectar a la comunidad internacional con las mujeres y las ni\u00f1as en la ciencia, reforzando los lazos entre la ciencia, la pol\u00edtica y la sociedad para buscar estrategias orientadas a mejorar el futuro de estas. As\u00ed, el D\u00eda mostrar\u00e1 las mejores pr\u00e1cticas, estrategias y soluciones para abordar los desaf\u00edos y las oportunidades de los Objetivos de Desarrollo Sostenible.<\/p>\n<p>&nbsp;<\/p>\n<p><a href=\"https:\/\/i0.wp.com\/miradordeatarfe.es\/wp-content\/uploads\/2023\/02\/329778341_916604246369105_5566985702223387955_n.jpg?ssl=1\"><img data-recalc-dims=\"1\" loading=\"lazy\" decoding=\"async\" class=\"alignnone size-full wp-image-59165\" src=\"https:\/\/i0.wp.com\/miradordeatarfe.es\/wp-content\/uploads\/2023\/02\/329778341_916604246369105_5566985702223387955_n.jpg?resize=640%2C480&#038;ssl=1\" alt=\"\" width=\"640\" height=\"480\" srcset=\"https:\/\/i0.wp.com\/miradordeatarfe.es\/wp-content\/uploads\/2023\/02\/329778341_916604246369105_5566985702223387955_n.jpg?w=720&amp;ssl=1 720w, https:\/\/i0.wp.com\/miradordeatarfe.es\/wp-content\/uploads\/2023\/02\/329778341_916604246369105_5566985702223387955_n.jpg?resize=300%2C225&amp;ssl=1 300w\" sizes=\"auto, (max-width: 640px) 100vw, 640px\" \/><\/a><\/p>\n<\/div>\n<p><a href=\"https:\/\/i0.wp.com\/miradordeatarfe.es\/wp-content\/uploads\/2023\/02\/mujeresciencia.jpg?ssl=1\"><img data-recalc-dims=\"1\" loading=\"lazy\" decoding=\"async\" class=\"alignnone size-full wp-image-59166\" src=\"https:\/\/i0.wp.com\/miradordeatarfe.es\/wp-content\/uploads\/2023\/02\/mujeresciencia.jpg?resize=640%2C610&#038;ssl=1\" alt=\"\" width=\"640\" height=\"610\" srcset=\"https:\/\/i0.wp.com\/miradordeatarfe.es\/wp-content\/uploads\/2023\/02\/mujeresciencia.jpg?w=736&amp;ssl=1 736w, https:\/\/i0.wp.com\/miradordeatarfe.es\/wp-content\/uploads\/2023\/02\/mujeresciencia.jpg?resize=300%2C286&amp;ssl=1 300w\" sizes=\"auto, (max-width: 640px) 100vw, 640px\" \/><\/a><\/p>\n<p class=\"site-title\">foto del<a href=\"https:\/\/www.isabelperillan.org\/\" rel=\"home\">IES Isabel Perill\u00e1n y Quir\u00f3s<\/a><\/p>\n<div class=\"site-branding\">\n<p class=\"site-description\">\u00a0<\/p>\n<\/div>\n<div class=\"np-header-ads-area\">\u00a0<\/div>\n<\/div>\n<\/div>\n<\/div>\n<\/div>\n<\/div>\n","protected":false},"excerpt":{"rendered":"<p>El s\u00e1bado 11 de febrero conmemoramos el d\u00eda de la mujer y la ni\u00f1a en&#8230;<\/p>\n","protected":false},"author":1,"featured_media":59167,"comment_status":"closed","ping_status":"closed","sticky":false,"template":"","format":"standard","meta":{"_coblocks_attr":"","_coblocks_dimensions":"","_coblocks_responsive_height":"","_coblocks_accordion_ie_support":"","jetpack_post_was_ever_published":false,"_jetpack_newsletter_access":"","_jetpack_dont_email_post_to_subs":false,"_jetpack_newsletter_tier_id":0,"_jetpack_memberships_contains_paywalled_content":false,"_jetpack_memberships_contains_paid_content":false,"footnotes":"","jetpack_publicize_message":"","jetpack_publicize_feature_enabled":true,"jetpack_social_post_already_shared":true,"jetpack_social_options":{"image_generator_settings":{"template":"highway","default_image_id":0,"enabled":false},"version":2}},"categories":[2,1161,44,6937,15],"tags":[10021],"class_list":["post-59164","post","type-post","status-publish","format-standard","has-post-thumbnail","hentry","category-atarfe","category-ciudadania","category-noticias-de-hoy","category-sociedad","category-ultimas-noticias","tag-mujeres-y-ninas-en-la-ciencia"],"jetpack_publicize_connections":[],"jetpack_featured_media_url":"https:\/\/i0.wp.com\/miradordeatarfe.es\/wp-content\/uploads\/2023\/02\/11Febrero.jpg?fit=630%2C300&ssl=1","jetpack_likes_enabled":true,"jetpack_sharing_enabled":true,"_links":{"self":[{"href":"https:\/\/miradordeatarfe.es\/index.php?rest_route=\/wp\/v2\/posts\/59164","targetHints":{"allow":["GET"]}}],"collection":[{"href":"https:\/\/miradordeatarfe.es\/index.php?rest_route=\/wp\/v2\/posts"}],"about":[{"href":"https:\/\/miradordeatarfe.es\/index.php?rest_route=\/wp\/v2\/types\/post"}],"author":[{"embeddable":true,"href":"https:\/\/miradordeatarfe.es\/index.php?rest_route=\/wp\/v2\/users\/1"}],"replies":[{"embeddable":true,"href":"https:\/\/miradordeatarfe.es\/index.php?rest_route=%2Fwp%2Fv2%2Fcomments&post=59164"}],"version-history":[{"count":2,"href":"https:\/\/miradordeatarfe.es\/index.php?rest_route=\/wp\/v2\/posts\/59164\/revisions"}],"predecessor-version":[{"id":59169,"href":"https:\/\/miradordeatarfe.es\/index.php?rest_route=\/wp\/v2\/posts\/59164\/revisions\/59169"}],"wp:featuredmedia":[{"embeddable":true,"href":"https:\/\/miradordeatarfe.es\/index.php?rest_route=\/wp\/v2\/media\/59167"}],"wp:attachment":[{"href":"https:\/\/miradordeatarfe.es\/index.php?rest_route=%2Fwp%2Fv2%2Fmedia&parent=59164"}],"wp:term":[{"taxonomy":"category","embeddable":true,"href":"https:\/\/miradordeatarfe.es\/index.php?rest_route=%2Fwp%2Fv2%2Fcategories&post=59164"},{"taxonomy":"post_tag","embeddable":true,"href":"https:\/\/miradordeatarfe.es\/index.php?rest_route=%2Fwp%2Fv2%2Ftags&post=59164"}],"curies":[{"name":"wp","href":"https:\/\/api.w.org\/{rel}","templated":true}]}}