{"id":59232,"date":"2023-02-13T10:04:22","date_gmt":"2023-02-13T09:04:22","guid":{"rendered":"https:\/\/miradordeatarfe.es\/?p=59232"},"modified":"2023-02-10T16:09:24","modified_gmt":"2023-02-10T15:09:24","slug":"solo-el-57-de-europeas-usa-metodos-anticonceptivos-modernos","status":"publish","type":"post","link":"https:\/\/miradordeatarfe.es\/?p=59232","title":{"rendered":"S\u00f3lo el 57% de europeas usa m\u00e9todos anticonceptivos modernos"},"content":{"rendered":"<p style=\"text-align: justify;\">El estado de la anticoncepci\u00f3n en Europa sigue siendo muy desigual, seg\u00fan las cifras que se han dado a conocer justo una semana antes del D\u00eda de San Valent\u00edn, que celebra el amor rom\u00e1ntico. Y seg\u00fan los autores del llamado Atlas de la Anticoncepci\u00f3n, queda mucho por hacer para ayudar a mujeres y personas gestantes a que tengan hijos de forma planificada.<\/p>\n<div class=\"js-responsive-iframes-container\">\n<div id=\"poool-content\" class=\"c-article-content js-article-content poool-content\">\n<p style=\"text-align: justify;\">En los 46 pa\u00edses de Europa, s\u00f3lo el 57% de las mujeres utilizan m\u00e9todos anticonceptivos modernos.\u00a0Adem\u00e1s, un tercio de los embarazos no son deseados.\u00a0En los 27 pa\u00edses de la UE el acceso a anticonceptivos, asesoramiento e informaci\u00f3n en l\u00ednea difiere mucho.\u00a0Las cifras m\u00e1s altas se dan en Francia y B\u00e9lgica; las m\u00e1s bajas, en Polonia y Hungr\u00eda.<\/p>\n<p style=\"text-align: justify;\">Los expertos recomiendan que los gobiernos se aseguren de que los sistemas nacionales de salud cubren la anticoncepci\u00f3n y cuenten con programas espec\u00edficos para los j\u00f3venes.\u00a0\u00abMuchos j\u00f3venes pueden tener planes familiares, pero para dentro de un par de a\u00f1os. Por eso, quiz\u00e1 les convengan m\u00e1s ciertos tipos de anticonceptivos de acci\u00f3n prolongada y reversible que otros que requieren recordar a diario, como la p\u00edldora anticonceptiva\u00bb, ha apuntado\u00a0Neil Datta, director ejecutivo de EPF.<\/p>\n<p style=\"text-align: justify;\">S\u00f3lo el 43% de los pa\u00edses incluyen en sus sistemas nacionales de salud la posibilidad de cubrir el coste total o parcial de los anticonceptivos, incluidos los m\u00e1s caros como inyecciones, dispositivos intrauterinos e implantes.<\/p>\n<p style=\"text-align: justify;\" data-min-tv-running=\"true\">El grupo \u00abEurodiputados por los Derechos Sexuales y Reproductivos\u00bb defiende una mayor proactividad por parte de las instituciones de la UE.\u00a0\u00abEl problema es que la Comisi\u00f3n Europea siempre ha sido extremadamente t\u00edmida y reacia, no se atreve porque piensa que es demasiado pol\u00edtico. Hay campa\u00f1as (europeas) sobre el c\u00e1ncer, la obesidad, el Alzheimer&#8230;(entonces) \u00bfpor qu\u00e9 no sobre los anticonceptivos y la planificaci\u00f3n familiar? Porque eso forma parte de las pol\u00edticas de salud p\u00fablica\u00bb, ha apuntado la eurodiputada Sophie In &#8216;t Veld, de Renovar Europa.<\/p>\n<p style=\"text-align: justify;\">El Atlas de Pol\u00edtica Anticonceptiva ya ha contribuido a introducir cambios legislativos en siete Estados miembros: B\u00e9lgica, Francia, Finlandia, Italia, Irlanda, Lituania y Luxemburgo.<\/p>\n<\/div>\n<\/div>\n","protected":false},"excerpt":{"rendered":"<p>El estado de la anticoncepci\u00f3n en Europa sigue siendo muy desigual, seg\u00fan las cifras que&#8230;<\/p>\n","protected":false},"author":1,"featured_media":59233,"comment_status":"closed","ping_status":"closed","sticky":false,"template":"","format":"standard","meta":{"_coblocks_attr":"","_coblocks_dimensions":"","_coblocks_responsive_height":"","_coblocks_accordion_ie_support":"","jetpack_post_was_ever_published":false,"_jetpack_newsletter_access":"","_jetpack_dont_email_post_to_subs":false,"_jetpack_newsletter_tier_id":0,"_jetpack_memberships_contains_paywalled_content":false,"_jetpack_memberships_contains_paid_content":false,"footnotes":"","jetpack_publicize_message":"","jetpack_publicize_feature_enabled":true,"jetpack_social_post_already_shared":true,"jetpack_social_options":{"image_generator_settings":{"template":"highway","default_image_id":0,"enabled":false},"version":2}},"categories":[1161,44,6937,15],"tags":[5578,10030],"class_list":["post-59232","post","type-post","status-publish","format-standard","has-post-thumbnail","hentry","category-ciudadania","category-noticias-de-hoy","category-sociedad","category-ultimas-noticias","tag-anticonceptivos","tag-europeas"],"jetpack_publicize_connections":[],"jetpack_featured_media_url":"https:\/\/i0.wp.com\/miradordeatarfe.es\/wp-content\/uploads\/2023\/02\/Screenshot-2023-02-10-at-16-04-51-Solo-el-57-de-europeas-usa-metodos-anticonceptivos-modernos.png?fit=748%2C403&ssl=1","jetpack_likes_enabled":true,"jetpack_sharing_enabled":true,"_links":{"self":[{"href":"https:\/\/miradordeatarfe.es\/index.php?rest_route=\/wp\/v2\/posts\/59232","targetHints":{"allow":["GET"]}}],"collection":[{"href":"https:\/\/miradordeatarfe.es\/index.php?rest_route=\/wp\/v2\/posts"}],"about":[{"href":"https:\/\/miradordeatarfe.es\/index.php?rest_route=\/wp\/v2\/types\/post"}],"author":[{"embeddable":true,"href":"https:\/\/miradordeatarfe.es\/index.php?rest_route=\/wp\/v2\/users\/1"}],"replies":[{"embeddable":true,"href":"https:\/\/miradordeatarfe.es\/index.php?rest_route=%2Fwp%2Fv2%2Fcomments&post=59232"}],"version-history":[{"count":2,"href":"https:\/\/miradordeatarfe.es\/index.php?rest_route=\/wp\/v2\/posts\/59232\/revisions"}],"predecessor-version":[{"id":59235,"href":"https:\/\/miradordeatarfe.es\/index.php?rest_route=\/wp\/v2\/posts\/59232\/revisions\/59235"}],"wp:featuredmedia":[{"embeddable":true,"href":"https:\/\/miradordeatarfe.es\/index.php?rest_route=\/wp\/v2\/media\/59233"}],"wp:attachment":[{"href":"https:\/\/miradordeatarfe.es\/index.php?rest_route=%2Fwp%2Fv2%2Fmedia&parent=59232"}],"wp:term":[{"taxonomy":"category","embeddable":true,"href":"https:\/\/miradordeatarfe.es\/index.php?rest_route=%2Fwp%2Fv2%2Fcategories&post=59232"},{"taxonomy":"post_tag","embeddable":true,"href":"https:\/\/miradordeatarfe.es\/index.php?rest_route=%2Fwp%2Fv2%2Ftags&post=59232"}],"curies":[{"name":"wp","href":"https:\/\/api.w.org\/{rel}","templated":true}]}}