{"id":59289,"date":"2023-02-13T11:22:45","date_gmt":"2023-02-13T10:22:45","guid":{"rendered":"https:\/\/miradordeatarfe.es\/?p=59289"},"modified":"2023-02-17T20:06:19","modified_gmt":"2023-02-17T19:06:19","slug":"un-desalojo-otra-okupacion-por-remedios-sanchez","status":"publish","type":"post","link":"https:\/\/miradordeatarfe.es\/?p=59289","title":{"rendered":"\u00abUN DESALOJO, OTRA OKUPACI\u00d3N\u00bb por Remedios S\u00e1nchez"},"content":{"rendered":"<h3 align=\"JUSTIFY\"><span style=\"font-family: Times New Roman, serif;\"><span style=\"font-size: medium;\"><span lang=\"es-ES\"> No acabo yo de entender la man\u00eda que tiene el personal a los okupas.<\/span><\/span><\/span><\/h3>\n<p align=\"JUSTIFY\"><span style=\"font-family: Times New Roman, serif;\"><span style=\"font-size: medium;\"><span lang=\"es-ES\"> En una ciudad como Granada, con tanta vivienda vac\u00eda, con tanto piso deshabitado de vida y esperanza, los okupas desempe\u00f1an un papel trascendental: encender las noches de entusiasmo con el rule de los porros. Luego, que las consecuencias sean un incendio, o dos, no es algo que a ellos les afecte porque est\u00e1n contra el sistema, el capital, la propiedad privada y todas esas palabras utilizadas por los burgueses apesebrados que pagan los impuestos y tal. Porque, conste, que hay ocupas y okupas con k de keroseno. Unos son los ocupas que no pueden pagar la hipoteca, esos a los que les quitaron su hogar los mismos bancos que salvamos entre todos los espa\u00f1olitos con dinero p\u00fablico y se han tenido que refugiar para sobrevivir en esos bloques construidos al calor de la especulaci\u00f3n. Esos s\u00ed son pobres invisibles a las estructuras de poder, salvo para destruirles el futuro golpe a golpe. Pero los que molan son los okupas marginales, los ni\u00f1atos veintea\u00f1eros que dan una patada en la puerta, encienden un fuego con parte de la techumbre ca\u00edda y, en media hora, incendian la madrugada para que luego la apaguen los bomberos jug\u00e1ndose la vida. <\/span><\/span><\/span><\/p>\n<p align=\"JUSTIFY\"><span style=\"font-family: Times New Roman, serif;\"><span style=\"font-size: medium;\"><span lang=\"es-ES\">Que eso se produzca en la ladera de La Alhambra y resulte peligroso para las viviendas cercanas o para el monumento que lleva ah\u00ed casi siete siglos es irrelevante para ellos; un \u00f3sea, troncos, se siente, t\u00edos, suele bastar. A veces, incluso, a\u00f1aden un encogimiento de hombros mientras exhalan el humo del canuto compartido, para dejar m\u00e1s patente a nuestras fuerzas de seguridad que ellos no iban de mal rollo, que la culpa es del pegamento que han esnifado, que cada vez es de peor calidad y no coloca bien. Y, claro, en medio del barullo, la cosa se les ha ido de las manos porque hac\u00eda fr\u00edo y la birra no bastaba para entrar en calor. La \u00fanica posibilidad era hacer una fogata en mitad del sal\u00f3n de anta\u00f1o. <\/span><\/span><\/span><\/p>\n<p align=\"JUSTIFY\"><span style=\"font-family: Times New Roman, serif;\"><span style=\"font-size: medium;\"><span lang=\"es-ES\">Luego, si les ocurre algo a ellos, ya se buscar\u00e1n responsabilidades: el concejal de Seguridad Ciudadana de turno que seguramente los desprecia, los de asuntos sociales que los ignoran, la lentitud policial, el clasismo granad\u00ed que no los protege\u2026 Cualquiera es culpable, exceptu\u00e1ndolos a ellos, naturalmente, porque no les hemos dado oportunidad de integrarse en la sociedad del bienestar, de encontrar un subsidio, porque de abrirse camino desde abajo levant\u00e1ndose a las seis de la ma\u00f1ana mejor ni hablamos. <\/span><\/span><\/span><\/p>\n<p align=\"JUSTIFY\"><span style=\"font-family: Times New Roman, serif;\"><span style=\"font-size: medium;\"><span lang=\"es-ES\">Se olvidar\u00e1 entonces que han okupado cuevas con amenaza de derrumbe en el Cerro de San Miguel (\u00e9se que se quem\u00f3 hace no tanto) o bien casas semiderruidas en la ladera alhambre\u00f1a; que montan botellones sin control, que en cuanto los sacan de una vivienda a la que han roto el candado, se van a la de al lado para repetir la haza\u00f1a. Un desalojo implica otra okupaci\u00f3n, ya lo aclaran las pintadas en edificios BIC. Y esto no es ideolog\u00eda para ellos: es un modo entretenido para pasar el rato. Da igual la angustia vecinal o la inseguridad que crean (tirones, robos con navaja, amenazas que convierten zonas enteras en guetos\u2026). Aqu\u00ed nadie parece que vaya a animarse a proponer soluciones hasta que las llamas no se acerquen lo suficiente a la Torre de la Vela.<\/span><\/span><\/span><\/p>\n<p align=\"JUSTIFY\">FOTO: Casa ardiendo a los pies de la Alhambra | Foto y v\u00eddeo: Twitter\/@pilarbellver\u00a0<\/p>\n","protected":false},"excerpt":{"rendered":"<p>No acabo yo de entender la man\u00eda que tiene el personal a los okupas. En&#8230;<\/p>\n","protected":false},"author":1,"featured_media":59290,"comment_status":"closed","ping_status":"closed","sticky":false,"template":"","format":"standard","meta":{"_coblocks_attr":"","_coblocks_dimensions":"","_coblocks_responsive_height":"","_coblocks_accordion_ie_support":"","jetpack_post_was_ever_published":false,"_jetpack_newsletter_access":"","_jetpack_dont_email_post_to_subs":false,"_jetpack_newsletter_tier_id":0,"_jetpack_memberships_contains_paywalled_content":false,"_jetpack_memberships_contains_paid_content":false,"footnotes":"","jetpack_publicize_message":"","jetpack_publicize_feature_enabled":true,"jetpack_social_post_already_shared":true,"jetpack_social_options":{"image_generator_settings":{"template":"highway","default_image_id":0,"enabled":false},"version":2}},"categories":[1161,44,6914,15],"tags":[2974,6140,922],"class_list":["post-59289","post","type-post","status-publish","format-standard","has-post-thumbnail","hentry","category-ciudadania","category-noticias-de-hoy","category-opinion-de-reme-sanchez","category-ultimas-noticias","tag-fuego","tag-okupas","tag-viviendas"],"jetpack_publicize_connections":[],"jetpack_featured_media_url":"https:\/\/i0.wp.com\/miradordeatarfe.es\/wp-content\/uploads\/2023\/02\/indice-3.jpeg?fit=301%2C167&ssl=1","jetpack_likes_enabled":true,"jetpack_sharing_enabled":true,"_links":{"self":[{"href":"https:\/\/miradordeatarfe.es\/index.php?rest_route=\/wp\/v2\/posts\/59289","targetHints":{"allow":["GET"]}}],"collection":[{"href":"https:\/\/miradordeatarfe.es\/index.php?rest_route=\/wp\/v2\/posts"}],"about":[{"href":"https:\/\/miradordeatarfe.es\/index.php?rest_route=\/wp\/v2\/types\/post"}],"author":[{"embeddable":true,"href":"https:\/\/miradordeatarfe.es\/index.php?rest_route=\/wp\/v2\/users\/1"}],"replies":[{"embeddable":true,"href":"https:\/\/miradordeatarfe.es\/index.php?rest_route=%2Fwp%2Fv2%2Fcomments&post=59289"}],"version-history":[{"count":1,"href":"https:\/\/miradordeatarfe.es\/index.php?rest_route=\/wp\/v2\/posts\/59289\/revisions"}],"predecessor-version":[{"id":59291,"href":"https:\/\/miradordeatarfe.es\/index.php?rest_route=\/wp\/v2\/posts\/59289\/revisions\/59291"}],"wp:featuredmedia":[{"embeddable":true,"href":"https:\/\/miradordeatarfe.es\/index.php?rest_route=\/wp\/v2\/media\/59290"}],"wp:attachment":[{"href":"https:\/\/miradordeatarfe.es\/index.php?rest_route=%2Fwp%2Fv2%2Fmedia&parent=59289"}],"wp:term":[{"taxonomy":"category","embeddable":true,"href":"https:\/\/miradordeatarfe.es\/index.php?rest_route=%2Fwp%2Fv2%2Fcategories&post=59289"},{"taxonomy":"post_tag","embeddable":true,"href":"https:\/\/miradordeatarfe.es\/index.php?rest_route=%2Fwp%2Fv2%2Ftags&post=59289"}],"curies":[{"name":"wp","href":"https:\/\/api.w.org\/{rel}","templated":true}]}}