{"id":59327,"date":"2023-02-18T09:34:35","date_gmt":"2023-02-18T08:34:35","guid":{"rendered":"https:\/\/miradordeatarfe.es\/?p=59327"},"modified":"2023-02-15T16:21:28","modified_gmt":"2023-02-15T15:21:28","slug":"los-sindicatos-sanitarios-acusan-a-moreno-de-ocultarles-una-norma-que-encubre-la-privatizacion-de-la-atencion-primaria","status":"publish","type":"post","link":"https:\/\/miradordeatarfe.es\/?p=59327","title":{"rendered":"Los sindicatos sanitarios acusan a Moreno de ocultarles una norma que \u201cencubre la privatizaci\u00f3n de la atenci\u00f3n primaria\u201d"},"content":{"rendered":"<h3 style=\"text-align: justify;\">De los sindicatos presentes en la mesa sectorial, solo CCOO conoci\u00f3 \u201cpor casualidad\u201d en pleno agosto el borrador de la orden de la Consejer\u00eda de Salud que incluye el m\u00e9dico de familia en el cat\u00e1logo de servicios que se derivan a la sanidad privada<\/h3>\n<div class=\"partner-wrapper article-page__body-row \" style=\"text-align: justify;\">\n<div class=\"second-col\">\n<p class=\"article-text\"><a class=\"link\" href=\"https:\/\/www.eldiario.es\/andalucia\/gobierno-andaluz-prepara-norma-derivar-pacientes-atencion-primaria-hospitales-privados_1_9947502.html\" target=\"_blank\" rel=\"noopener\" data-mrf-recirculation=\"links-noticia\">El proyecto del Gobierno andaluz<\/a> para derivar pacientes de la atenci\u00f3n primaria a los hospitales privados ha generado un fuerte malestar entre los sindicatos presentes en la mesa sectorial sanitaria. Al ser los interlocutores con la Consejer\u00eda de Salud y quienes negocian los avances en esta materia, critican el \u201coscurantismo\u201d del Servicio Andaluz de Salud (SAS) y explican que no se les ha comunicado nada en ninguna de las reuniones ni mesas t\u00e9cnicas de los \u00faltimos meses.<\/p>\n<p><a class=\"news-know-more partner-vertical-tablet-desktop\" href=\"https:\/\/www.eldiario.es\/andalucia\/servicio-andaluz-salud-no-convence-sindicatos-seguiran-protestas-mejora-atencion-primaria_1_9939622.html\" data-mrf-recirculation=\"saber-mas\"> <picture class=\"know-more-img\"><source srcset=\"https:\/\/static.eldiario.es\/clip\/1e9f06c0-c6e4-4242-8eb5-55a5e289a6c8_16-9-aspect-ratio_50p_0.jpg\" media=\"(max-width: 768px)\" data-srcset=\"https:\/\/static.eldiario.es\/clip\/1e9f06c0-c6e4-4242-8eb5-55a5e289a6c8_16-9-aspect-ratio_50p_0.jpg\" \/><source srcset=\"https:\/\/static.eldiario.es\/clip\/1e9f06c0-c6e4-4242-8eb5-55a5e289a6c8_16-9-aspect-ratio_50p_0.jpg\" media=\"(min-width: 769px)\" data-srcset=\"https:\/\/static.eldiario.es\/clip\/1e9f06c0-c6e4-4242-8eb5-55a5e289a6c8_16-9-aspect-ratio_50p_0.jpg\" \/>\u00a0<\/picture><\/a>El proyecto de orden que \u201cactualiza\u201d los precios que la Junta paga a la sanidad privada por servicios derivados -y que ampl\u00eda dichas prestaciones- incluye dos medidas sin precedentes en el modelo sanitario andaluz: por un lado, se habilita jur\u00eddicamente que los m\u00e9dicos de cl\u00ednicas privadas atiendan a pacientes dentro de hospitales p\u00fablicos y realicen pruebas y operaciones concertadas por la propia Junta -hasta ahora se realizaban en sus propias instalaciones-; y por otro, se incluye por primera vez la atenci\u00f3n primaria en la cartera de servicios derivados a la sanidad privada.<\/p>\n<p class=\"article-text\">Ning\u00fan sindicato, salvo CCOO, conoc\u00eda de la existencia del borrador con el que la Junta de Andaluc\u00eda, bajo el paraguas de la \u201chomogeneizaci\u00f3n\u201d de las tarifas que Salud paga a la sanidad privada para derivarle pacientes, incluye la atenci\u00f3n primaria en el cat\u00e1logo de prestaciones que el SAS deriva a cl\u00ednicas privadas. Una realidad que para la mesa sectorial implica una \u201cprivatizaci\u00f3n encubierta\u201d de los servicios p\u00fablicos.<\/p>\n<h3 class=\"article-text\">Situaci\u00f3n \u201clamentable\u201d y una \u201cverg\u00fcenza\u201d<\/h3>\n<p class=\"article-text\">Para Victorino Girela, portavoz de CSIF, es \u201clamentable\u201d que la Junta de Andaluc\u00eda \u201cmantenga al margen de un planteamiento semejante a las organizaciones que leg\u00edtimamente representan a los trabajadores y trabajadoras de la sanidad p\u00fablica andaluza\u201d. Por ello, van a pedir explicaciones a Salud sobre el asunto. Una opini\u00f3n muy parecida a la que mantienen en UGT. Tachan de \u201cprivatizaci\u00f3n\u201d la propuesta que hace el Gobierno andaluz con este borrador de conciertos entre la sanidad p\u00fablica y la privada. Algo que no hace m\u00e1s que acrecentarse con aumentos presupuestarios y de derivaciones.<\/p>\n<p class=\"article-text\">Fuentes del Sindicato M\u00e9dico califican de \u201cverg\u00fcenza\u201d que el SAS les haya ocultado sus planes a todos los miembros de la mesa sectorial. Descartan que este proyecto pueda llevarles a nuevas movilizaciones, pero empiezan a descolgarse del acuerdo que evit\u00f3 la huelga de primaria a finales de enero. No obstante, las mismas voces de esta secci\u00f3n sindical ven tambi\u00e9n una \u201cbatalla pol\u00edtica\u201d en la filtraci\u00f3n de Por Andaluc\u00eda ya que recuerdan que los conciertos con la privada se realizan desde la \u00e9poca de los gobiernos regionales del PSOE. \u201cEs verdad que el borrador contempla esta concertaci\u00f3n con la p\u00fablica, pero adem\u00e1s hemos de tener en cuenta que la sanidad privada no tiene capacidad para asumir el exceso de demanda que hay en los centros de salud\u201d, a\u00f1aden desde este sindicato.<\/p>\n<p class=\"article-text\">Por su parte, en SATSE afean tambi\u00e9n la actitud de Salud. Su portavoz, Jos\u00e9 S\u00e1nchez, incide en la idea que ellos no creen \u201cen la privatizaci\u00f3n de la primaria ni la especializada\u201d. Para esta secci\u00f3n sindical, que la sanidad p\u00fablica lo sea es algo innegociable. \u201cLa Administraci\u00f3n est\u00e1 demorando la puesta en marcha de los cupos a los que se comprometi\u00f3\u201d, advierten. \u201cA esta orden se une a esta carrera por la privatizaci\u00f3n dos medidas adoptadas anteriormente por la Junta de Andaluc\u00eda: igualar los salarios entre m\u00e9dicos que se dedican exclusivamente a la sanidad p\u00fablica con los que lo hacen tambi\u00e9n en la privada y el aumento progresivo de la externalizaci\u00f3n de servicios sanitarios\u201d, denuncia Jos\u00e9-Galindo Pelayo, portavoz de CCOO.<\/p>\n<p class=\"article-text\">De momento,<strong> todos los sindicatos de la mesa sectorial est\u00e1n esperando a reunirse con sus representantes para adoptar nuevas medidas de presi\u00f3n que desbloqueen el colapso asistencial y frenen los planes de \u201cprivatizaci\u00f3n\u201d.<\/strong> Todo sin perder de vista que llevan m\u00e1s de medio a\u00f1o de retraso con respecto a los planes del Gobierno regional pues la fecha de inicio de la tramitaci\u00f3n de la orden fue el 8 de julio del a\u00f1o pasado, seg\u00fan consta en la web de la consejer\u00eda que pilota Catalina Garc\u00eda. Apenas tres semanas despu\u00e9s de las elecciones andaluzas que dieron la mayor\u00eda absoluta al PP de Juan Manuel Moreno. A pesar de que CCOO s\u00ed supo que la Junta preparaba este proyecto, esta secci\u00f3n sindical conoci\u00f3 de la existencia del borrador \u201cpor casualidad\u201d en pleno mes de agosto y solo un d\u00eda antes de que acabase el plazo para presentar alegaciones. El resto no han sabido nada hasta que la noticia se ha desvelado ahora, siete meses de iniciarse su tramitaci\u00f3n.<\/p>\n<p class=\"article-text\">Adjunto al borrador de la orden, la consejer\u00eda tambi\u00e9n publica la relaci\u00f3n de organizaciones consultadas por Salud durante el tr\u00e1mite de audiencia de la norma: se trata de la Confederaci\u00f3n de Empresarios de Andaluc\u00eda (CEA) y la Alianza de la Sanidad Privada Espa\u00f1ola (ASPE), adem\u00e1s de dos organizaciones en consumidores: la Federaci\u00f3n Andaluza de Consumidores y Usuarios (FACUA) y la Organizaci\u00f3n de Consumidores y Usuarios (OCU).<\/p>\n<p class=\"article-text\"><strong><em>El proyecto de orden incluye una tabla con la nueva tarificaci\u00f3n de los servicios derivados, incluyendo la primera consulta en atenci\u00f3n primaria, que hasta ahora no exist\u00eda. As\u00ed, la Junta pagar\u00eda a los hospitales privados hasta un m\u00e1ximo de 65 euros por derivar la primera consulta a un m\u00e9dico de familia. Seg\u00fan este documento, se trata de \u201cconsultas realizadas en las instalaciones de las empresas adjudicatarias\u201d.<\/em><\/strong><\/p>\n<p class=\"article-text\"><strong><em>Adem\u00e1s, en detalle, las tarifas se dividen por \u201cprimera consulta\u201d a un especialista, que se abonar\u00eda a 150 euros, \u201cconsultas sucesivas\u201d, a 90 euros, y la consulta en un centro especializado de Alta Resoluci\u00f3n -aquellos hospitales que suelen estar ubicados en comarcas que no tienen centros hospitalarios generales pr\u00f3ximos- a 215 euros. Si lo que ocurre es que es el m\u00e9dico de la privada el que atiende a un paciente en un hospital p\u00fablico, en vez de hacerlo en su cl\u00ednica, \u201cesa tarifa m\u00e1xima se ver\u00e1 reducida al 35%\u201d.<\/em><\/strong><\/p>\n<p class=\"article-text\">La tramitaci\u00f3n de la orden comenz\u00f3 antes incluso de que Catalina Garc\u00eda fuese designada como consejera de Salud en sustituci\u00f3n de Jes\u00fas Aguirre, lo que evidencia que <a class=\"link\" href=\"https:\/\/www.eldiario.es\/andalucia\/sanidad-andaluza-mira-espejo-enfado-popular-punto-no-retorno-modelo-agotado_1_9875360.html\" target=\"_blank\" rel=\"noopener\" data-mrf-recirculation=\"links-noticia\">se trataba de un proyecto que llevaba tiempo en desarrollo<\/a>.<\/p>\n<h3 class=\"article-text\">Meses de silencio<\/h3>\n<p class=\"article-text\">A pesar de esa circunstancia, el silencio por parte del Gobierno andaluz hacia los sindicatos para comunicarle este plan de incluir la sanidad privada hasta la atenci\u00f3n primaria ha molestado a la mesa sectorial. Sobre todo ahora que la cuerda entre ambas partes est\u00e1 m\u00e1s tensa que nunca. Lo est\u00e1 porque en enero se amag\u00f3 con una huelga por parte del Sindicato M\u00e9dico, que <a class=\"link\" href=\"https:\/\/www.eldiario.es\/andalucia\/desconvocada-huelga-medicos-andalucia_1_9894420.html\" target=\"_blank\" rel=\"noopener\" data-mrf-recirculation=\"links-noticia\">fue levantada a \u00faltima hora merced a un acuerdo<\/a> que se ha calificado como \u201cparip\u00e9\u201d por parte de las dem\u00e1s secciones sindicales. De hecho, un nuevo sindicato minoritario, el Sindicato M\u00e9dico de Primaria, s\u00ed llev\u00f3 a cabo un par\u00f3n indefinido para denunciar el colapso asistencial que sufren los centros de salud de Andaluc\u00eda, aunque con escasa repercusi\u00f3n.<\/p>\n<p class=\"article-text\">Al mismo tiempo, ha habido varias reuniones en las \u00faltimas semanas para trazar un plan conjunto que mejore la atenci\u00f3n en los ambulatorios andaluces sin que se haya puesto encima de la mesa la existencia de este borrador. <a class=\"link\" href=\"https:\/\/www.eldiario.es\/andalucia\/servicio-andaluz-salud-no-convence-sindicatos-seguiran-protestas-mejora-atencion-primaria_1_9939622.html\" target=\"_blank\" rel=\"noopener\" data-mrf-recirculation=\"links-noticia\">El pasado 9 de febrero tuvo lugar el \u00faltimo encuentro entre el SAS y los sindicatos<\/a> merced a una mesa t\u00e9cnica preparada para presentar propuestas con el mismo fin de mejorar la asistencia en los centros de salud, pero la cita apenas dur\u00f3 dos horas y solo sirvi\u00f3 para levantar el borrador que el Gobierno andaluz propuso para reducir el cupo de usuarios que han de atender los m\u00e9dicos de familia y que se considera algo inviable si no se acompa\u00f1a de una mayor contrataci\u00f3n de personal.<\/p>\n<\/div>\n<\/div>\n<p style=\"text-align: justify;\"><a href=\"https:\/\/www.eldiario.es\/autores\/alvaro_lopez\/\"><strong>\u00c1lvaro L\u00f3pez<\/strong><\/a><\/p>\n<div class=\"second-col\">\n<figure class=\"ni-figure\"><figcaption class=\"image-footer\"><span class=\"title\">Colas ante un centro de salud de Andaluc\u00eda <span class=\"author\"> Europa Press<\/span> <\/span><\/figcaption><\/figure>\n<\/div>\n<footer class=\"news-info  has-button-follow\" data-mrf-recirculation=\"firma\">\n<div class=\"info-wrapper\">\n<p>https:\/\/www.eldiario.es\/andalucia\/sindicatos-sanitarios-acusan-moreno-ocultarles-norma-encubre-privatizacion-atencion-primaria_1_9948076.html<\/p>\n<\/div>\n<\/footer>\n","protected":false},"excerpt":{"rendered":"<p>De los sindicatos presentes en la mesa sectorial, solo CCOO conoci\u00f3 \u201cpor casualidad\u201d en pleno&#8230;<\/p>\n","protected":false},"author":1,"featured_media":59328,"comment_status":"closed","ping_status":"closed","sticky":false,"template":"","format":"standard","meta":{"_coblocks_attr":"","_coblocks_dimensions":"","_coblocks_responsive_height":"","_coblocks_accordion_ie_support":"","jetpack_post_was_ever_published":false,"_jetpack_newsletter_access":"","_jetpack_dont_email_post_to_subs":false,"_jetpack_newsletter_tier_id":0,"_jetpack_memberships_contains_paywalled_content":false,"_jetpack_memberships_contains_paid_content":false,"footnotes":"","jetpack_publicize_message":"","jetpack_publicize_feature_enabled":true,"jetpack_social_post_already_shared":true,"jetpack_social_options":{"image_generator_settings":{"template":"highway","default_image_id":0,"enabled":false},"version":2}},"categories":[1161,44,6937,15],"tags":[9860,6956,10042],"class_list":["post-59327","post","type-post","status-publish","format-standard","has-post-thumbnail","hentry","category-ciudadania","category-noticias-de-hoy","category-sociedad","category-ultimas-noticias","tag-empresas-privadas","tag-sas","tag-sindicatos-medicos"],"jetpack_publicize_connections":[],"jetpack_featured_media_url":"https:\/\/i0.wp.com\/miradordeatarfe.es\/wp-content\/uploads\/2023\/02\/12593d90-f29d-4d06-bf4b-52fcf6bb2dd8_16-9-discover-aspect-ratio_default_0.jpg?fit=1200%2C675&ssl=1","jetpack_likes_enabled":true,"jetpack_sharing_enabled":true,"_links":{"self":[{"href":"https:\/\/miradordeatarfe.es\/index.php?rest_route=\/wp\/v2\/posts\/59327","targetHints":{"allow":["GET"]}}],"collection":[{"href":"https:\/\/miradordeatarfe.es\/index.php?rest_route=\/wp\/v2\/posts"}],"about":[{"href":"https:\/\/miradordeatarfe.es\/index.php?rest_route=\/wp\/v2\/types\/post"}],"author":[{"embeddable":true,"href":"https:\/\/miradordeatarfe.es\/index.php?rest_route=\/wp\/v2\/users\/1"}],"replies":[{"embeddable":true,"href":"https:\/\/miradordeatarfe.es\/index.php?rest_route=%2Fwp%2Fv2%2Fcomments&post=59327"}],"version-history":[{"count":1,"href":"https:\/\/miradordeatarfe.es\/index.php?rest_route=\/wp\/v2\/posts\/59327\/revisions"}],"predecessor-version":[{"id":59329,"href":"https:\/\/miradordeatarfe.es\/index.php?rest_route=\/wp\/v2\/posts\/59327\/revisions\/59329"}],"wp:featuredmedia":[{"embeddable":true,"href":"https:\/\/miradordeatarfe.es\/index.php?rest_route=\/wp\/v2\/media\/59328"}],"wp:attachment":[{"href":"https:\/\/miradordeatarfe.es\/index.php?rest_route=%2Fwp%2Fv2%2Fmedia&parent=59327"}],"wp:term":[{"taxonomy":"category","embeddable":true,"href":"https:\/\/miradordeatarfe.es\/index.php?rest_route=%2Fwp%2Fv2%2Fcategories&post=59327"},{"taxonomy":"post_tag","embeddable":true,"href":"https:\/\/miradordeatarfe.es\/index.php?rest_route=%2Fwp%2Fv2%2Ftags&post=59327"}],"curies":[{"name":"wp","href":"https:\/\/api.w.org\/{rel}","templated":true}]}}