{"id":59371,"date":"2023-02-21T09:28:58","date_gmt":"2023-02-21T08:28:58","guid":{"rendered":"https:\/\/miradordeatarfe.es\/?p=59371"},"modified":"2023-02-20T14:06:07","modified_gmt":"2023-02-20T13:06:07","slug":"el-mercadillo-del-zaidin-por-juan-de-dios-villanueva-roa","status":"publish","type":"post","link":"https:\/\/miradordeatarfe.es\/?p=59371","title":{"rendered":"\u00abEl mercadillo del Zaid\u00edn\u00bb por  Juan de Dios Villanueva Roa"},"content":{"rendered":"<h3 style=\"text-align: justify;\">La marcha verde, el mercadillo del Zaid\u00edn, ll\u00e1melo como quiera.<\/h3>\n<p style=\"text-align: justify;\">Nadie lo quiere cerca y todos van a \u00e9l. Es un latazo, dicen, y un foco de cartones, ruidos, coches, sindioses y molestias para los vecinos que les toca. Nadie lo quiere en las proximidades de su casa, y los partidos de la oposici\u00f3n utilizan esta negatividad para buscar votos que les permitan alcanzar una alcald\u00eda que luego utilizar\u00e1n para poner el mercadillo donde tambi\u00e9n moleste al personal.<\/p>\n<p style=\"text-align: justify;\">Un\u00a0 sinsentido pol\u00edtico como tantos otros, pero que da votos porque a quien le toca cerca de su casa en ese momento se cree lo que le dicen los otros y los vota, aunque luego se rebote cuando vea que lo han enga\u00f1ado. Pero en cuatro a\u00f1os la cosa se olvida. Nadie quiere que vendan las cosas baratas en su puerta, porque durante medio d\u00eda dan la vara, y por eso se recogen firmas, se protesta, se elevan quejas y todo lo dem\u00e1s.<\/p>\n<p style=\"text-align: justify;\">Soluci\u00f3n hay, pero \u00bfqui\u00e9n le pone el cascabel al gato? Es lo malo de depender de los votos del personal para comer y vestir, que nadie se la juega. Qu\u00e9 distintas ser\u00edan las cosas si se tratara de vender art\u00edculos de alta gama, a unos precios desorbitantes, con su glamour y sus canap\u00e9s gratis, y con sus copitas de cava y sillones forrados de terciopelo. Estar\u00edamos entonces hablando de otra cosa, aunque igual las gentes no ser\u00edan tan diferentes, pues me consta que al mercadillo va personal de todas las capas sociales, incluidas las m\u00e1s glamurosas, y si no lo creen miren con atenci\u00f3n.<\/p>\n<p>FOTO: https:\/\/granadaimedia.com\/historia-zaidin-fotografias-exposicion-granada\/<\/p>\n","protected":false},"excerpt":{"rendered":"<p>La marcha verde, el mercadillo del Zaid\u00edn, ll\u00e1melo como quiera. Nadie lo quiere cerca y&#8230;<\/p>\n","protected":false},"author":1,"featured_media":59372,"comment_status":"closed","ping_status":"closed","sticky":false,"template":"","format":"standard","meta":{"_coblocks_attr":"","_coblocks_dimensions":"","_coblocks_responsive_height":"","_coblocks_accordion_ie_support":"","jetpack_post_was_ever_published":false,"_jetpack_newsletter_access":"","_jetpack_dont_email_post_to_subs":false,"_jetpack_newsletter_tier_id":0,"_jetpack_memberships_contains_paywalled_content":false,"_jetpack_memberships_contains_paid_content":false,"footnotes":"","jetpack_publicize_message":"","jetpack_publicize_feature_enabled":true,"jetpack_social_post_already_shared":true,"jetpack_social_options":{"image_generator_settings":{"template":"highway","default_image_id":0,"enabled":false},"version":2}},"categories":[1161,9772,44,7671,6937,15],"tags":[10048,10049],"class_list":["post-59371","post","type-post","status-publish","format-standard","has-post-thumbnail","hentry","category-ciudadania","category-opinion-de-juan-de-dios-villanueva","category-noticias-de-hoy","category-politica","category-sociedad","category-ultimas-noticias","tag-marcha-verde","tag-mercadillo-del-zaidin"],"jetpack_publicize_connections":[],"jetpack_featured_media_url":"https:\/\/i0.wp.com\/miradordeatarfe.es\/wp-content\/uploads\/2023\/02\/marcha-verde.jpg?fit=600%2C428&ssl=1","jetpack_likes_enabled":true,"jetpack_sharing_enabled":true,"_links":{"self":[{"href":"https:\/\/miradordeatarfe.es\/index.php?rest_route=\/wp\/v2\/posts\/59371","targetHints":{"allow":["GET"]}}],"collection":[{"href":"https:\/\/miradordeatarfe.es\/index.php?rest_route=\/wp\/v2\/posts"}],"about":[{"href":"https:\/\/miradordeatarfe.es\/index.php?rest_route=\/wp\/v2\/types\/post"}],"author":[{"embeddable":true,"href":"https:\/\/miradordeatarfe.es\/index.php?rest_route=\/wp\/v2\/users\/1"}],"replies":[{"embeddable":true,"href":"https:\/\/miradordeatarfe.es\/index.php?rest_route=%2Fwp%2Fv2%2Fcomments&post=59371"}],"version-history":[{"count":1,"href":"https:\/\/miradordeatarfe.es\/index.php?rest_route=\/wp\/v2\/posts\/59371\/revisions"}],"predecessor-version":[{"id":59373,"href":"https:\/\/miradordeatarfe.es\/index.php?rest_route=\/wp\/v2\/posts\/59371\/revisions\/59373"}],"wp:featuredmedia":[{"embeddable":true,"href":"https:\/\/miradordeatarfe.es\/index.php?rest_route=\/wp\/v2\/media\/59372"}],"wp:attachment":[{"href":"https:\/\/miradordeatarfe.es\/index.php?rest_route=%2Fwp%2Fv2%2Fmedia&parent=59371"}],"wp:term":[{"taxonomy":"category","embeddable":true,"href":"https:\/\/miradordeatarfe.es\/index.php?rest_route=%2Fwp%2Fv2%2Fcategories&post=59371"},{"taxonomy":"post_tag","embeddable":true,"href":"https:\/\/miradordeatarfe.es\/index.php?rest_route=%2Fwp%2Fv2%2Ftags&post=59371"}],"curies":[{"name":"wp","href":"https:\/\/api.w.org\/{rel}","templated":true}]}}