{"id":5942,"date":"2016-01-14T07:05:34","date_gmt":"2016-01-14T07:05:34","guid":{"rendered":"http:\/\/miradordeatarfe.es\/?p=5942"},"modified":"2016-01-14T09:55:21","modified_gmt":"2016-01-14T09:55:21","slug":"que-esconden-los-cientificos-en-la-boveda-del-fin-del-mundo-en-el-arca-de-noe-del-s-xxi","status":"publish","type":"post","link":"https:\/\/miradordeatarfe.es\/?p=5942","title":{"rendered":"\u00bfQu\u00e9 esconden los cient\u00edficos en la \u2018b\u00f3veda del fin del mundo\u2019? En el Arca de No\u00e9 del S. XXI?"},"content":{"rendered":"<p>En Noruega reside el Arca de No\u00e9 del S. XXI., una b\u00f3veda a prueba de bombas at\u00f3micas que contendr\u00eda m\u00e1s de dos millones y medio de semillas de todo el planeta. El cambio clim\u00e1tico, cat\u00e1strofes naturales, guerras, etc. ponen en riesgo el legado vegetal natural de este mundo y, claro est\u00e1, es necesario preservarlo. <!--more--><\/p>\n<p>Es un ejemplo de humanidad defendi\u00e9ndose de la humanidad. La b\u00f3veda global de semillas -as\u00ed se llama cient\u00edficamente- se encuentra a 125 metros de profundidad, en el Polo Norte. La vida congelada lejos de la vida.<\/p>\n<p>La b\u00f3veda, que se construy\u00f3 en el archipi\u00e9lago noruego de Svalbard en 2008, est\u00e1 dise\u00f1ada para proteger las semillas de cataclismos globales como guerras nucleares o enfermedades. El enorme dep\u00f3sito subterr\u00e1neo a prueba de bombas at\u00f3micas cuenta con m\u00e1s de 860.000 muestras provenientes de casi todos los pa\u00edses, incluyendo a Irak y Corea del Norte.<\/p>\n<p>La b\u00f3veda global de semillas -as\u00ed se llama cient\u00edficamente- se encuentra a 125 metros de profundidad, en el Polo Norte. La vida congelada lejos de la vida.<\/p>\n<p>Pese a que el objetivo del fondo de semillas es preservar los diferentes tipos de cultivos para las pr\u00f3ximas generaciones, sus reservas ya han sido alteradas el a\u00f1o pasado. En septiembre investigadores de Oriente Medio retiraron muestras de trigo, cebada y hierbas adaptadas a las zonas secas para reemplazar las semillas de un banco de genes cercano a la ciudad siria de Alepo, muy da\u00f1ada por la guerra civil.<\/p>\n<p>Hasta ahora nadie hab\u00eda retirado semillas de este banco de vida, pero la guerra y las sequ\u00edas que asuelan Siria han forzado a un equipo de investigadores a pedir muestras de trigo, cebada y pastos. Es la primera retirada del banco desde que fue construido en el a\u00f1o 2008.<\/p>\n<p>El banco de semillas de Alepo ha mantenido el funcionamiento en parte, incluyendo el de un almac\u00e9n refrigerado, a pesar del conflicto. Sin embargo, ya no puede conservar su papel como centro de cultivo y distribuci\u00f3n de semillas a otras naciones, principalmente en Oriente Medio.<\/p>\n<p>La guerra siria ha afectado significativamente a las actividades que se llevan a cabo en este banco, de especial importancia para toda la regi\u00f3n.<\/p>\n<p>Garantizar el suministro de alimentos, este es uno de los motivos por los que existe un banco mundial, que permita salvaguardar semillas de inter\u00e9s global. La b\u00f3veda subterr\u00e1nea funciona como una p\u00f3liza de seguro para el suministro de alimentos a nivel mundial y ofrece herramientas para que las generaciones futuras puedan superar los desaf\u00edos del cambio clim\u00e1tico y el crecimiento demogr\u00e1fico.<\/p>\n<p>La b\u00f3veda es un enorme b\u00fanker subterr\u00e1neo rodeado de capas de hielo perpetuo, conocidas como permafrost, lo que asegura que las muestras de semillas permanecer\u00e1n congeladas y aseguradas durante siglos. Incluso si la alimentaci\u00f3n el\u00e9ctrica fallara, la b\u00f3veda permanecer\u00eda congelada y sellada durante al menos 200 a\u00f1os.<\/p>\n<p>Este peculiar banco funciona como una caja de seguridad, de forma que cada pa\u00eds o instituci\u00f3n tiene el control del acceso a las semillas que ha depositado. Una muestra se compone de alrededor de 500 semillas selladas herm\u00e9ticamente en una bolsa de aluminio, y la instalaci\u00f3n tiene una capacidad de almacenamiento de 4,5 millones de bolsas de este tipo.<\/p>\n<p>Antes que una crisis de los mercados o de las finanzas hab\u00eda estallado una crisis ecol\u00f3gica. El sistema ha exigido durante 50 a\u00f1os crecer un poco cada a\u00f1o para ser viable, y esto ha degradado la naturaleza otro poco, cada a\u00f1o; la l\u00f3gica de este sistema impedir\u00e1 la vida tal como la conocemos en unas generaciones.<\/p>\n<p>El capitalismo ensayado usa el poder acumulado de la explotaci\u00f3n de la tierra para mantener el privilegio de clases. No hay reconciliaci\u00f3n entre capitalismo y ecolog\u00eda. Miremos a nuestro pais, un para\u00edso donado para la vida y amenazado por el empuje del desarrollo. Es el paradigma del crecer para subsistir: arruinar el medio natural para mantener el status quo. \u00bfCu\u00e1ntas semillas se habr\u00e1n perdido ya? Despu\u00e9s, cuando la mierda nos llegua al cuello, nos la llevamos a otra parte o mejor la tapamos. El crecimiento ilimitado de una econom\u00eda basada en la explotaci\u00f3n de la tierra es una falacia.<\/p>\n<p>Casi sin darnos cuenta ha estallado una batalla antropol\u00f3gica entre el modelo de las grandes industrias, de la descolonizaci\u00f3n del capital, de la explotaci\u00f3n de los recursos del sur, y otro modelo de relocalizaci\u00f3n de la econom\u00eda, de la producci\u00f3n a escala local y sostenible, de la agricultura ecol\u00f3gica y la desindustrializaci\u00f3n. A\u00fan es una batalla desigual, pero en ella nos vamos a jugar el futuro. Olvidemos de una vez la impostada lucha por la democracia como \u00fanico anhelo contempor\u00e1neo, es falsa. Los esfuerzos hay que centrarlos en provocar el cambio de sistema. Empezando por la renuncia de cada uno de nosotros a vivir manteniendo privilegios innecesarios.<\/p>\n<p>Debemos dejar a nuestros hijos un mundo mejor, no podemos empujarles a suspirar un d\u00eda por un No\u00e9 que les salve, no habr\u00e1 un Arca para todos. Latouche, uno de los padres del <a href=\"http:\/\/diarioecologia.com\/2011\/09\/decrecimiento-un-modo-de-vida-muy-ecologico\/\">decrecimiento<\/a>, dijo que se trataba de abrir de nuevo el espacio para la capacidad de invenci\u00f3n y la creatividad de la imaginaci\u00f3n reprimida por el totalitarismo economicista y desarrollista. De volver a vivir con la naturaleza, sin dominarla. De huir de b\u00f3vedas congeladas.<\/p>\n<p class=\"aligncenter\"><img data-recalc-dims=\"1\" loading=\"lazy\" decoding=\"async\" src=\"https:\/\/i0.wp.com\/farm7.static.flickr.com\/6175\/6189137901_bec6f37f03_z.jpg?resize=640%2C360\" alt=\"seed Svalbard Global Seed Vault\" width=\"640\" height=\"360\" \/><\/p>\n<p class=\"aligncenter\"><img data-recalc-dims=\"1\" loading=\"lazy\" decoding=\"async\" src=\"https:\/\/i0.wp.com\/farm7.static.flickr.com\/6122\/6189138035_3440e64874_z.jpg?resize=640%2C360\" alt=\"seed-svalbard-global-seed-vault\" width=\"640\" height=\"360\" \/><\/p>\n<p class=\"aligncenter\"><img data-recalc-dims=\"1\" loading=\"lazy\" decoding=\"async\" src=\"https:\/\/i0.wp.com\/farm7.static.flickr.com\/6163\/6189137969_3dfb0efe4a_z.jpg?resize=600%2C391\" alt=\"seedSvalbard_global_seed_vault\" width=\"600\" height=\"391\" \/><\/p>\n<p class=\"aligncenter\"><img data-recalc-dims=\"1\" loading=\"lazy\" decoding=\"async\" src=\"https:\/\/i0.wp.com\/farm7.static.flickr.com\/6151\/6189137845_90090bc14f_z.jpg?resize=537%2C337\" alt=\"seed3\" width=\"537\" height=\"337\" \/><\/p>\n<p><a href=\"http:\/\/diarioecologia.com\/el-arca-de-noe-del-s-xxi-la-boveda-global-de-semillas\/?doing_wp_cron=1452445445.9575369358062744140625\">http:\/\/diarioecologia.com\/el-arca-de-noe-del-s-xxi-la-boveda-global-de-semillas\/?doing_wp_cron=1452445445.9575369358062744140625<\/a><\/p>\n<p>&nbsp;<\/p>\n<p><a href=\"http:\/\/diarioecologia.com\/video-que-esconden-los-cientificos-en-la-boveda-del-fin-del-mundo\/?doing_wp_cron=1452444858.5783259868621826171875\">http:\/\/diarioecologia.com\/video-que-esconden-los-cientificos-en-la-boveda-del-fin-del-mundo\/?doing_wp_cron=1452444858.5783259868621826171875<\/a><\/p>\n","protected":false},"excerpt":{"rendered":"<p>En Noruega reside el Arca de No\u00e9 del S. XXI., una b\u00f3veda a prueba de&#8230;<\/p>\n","protected":false},"author":1,"featured_media":5943,"comment_status":"closed","ping_status":"closed","sticky":false,"template":"","format":"standard","meta":{"_coblocks_attr":"","_coblocks_dimensions":"","_coblocks_responsive_height":"","_coblocks_accordion_ie_support":"","jetpack_post_was_ever_published":false,"_jetpack_newsletter_access":"","_jetpack_dont_email_post_to_subs":false,"_jetpack_newsletter_tier_id":0,"_jetpack_memberships_contains_paywalled_content":false,"_jetpack_memberships_contains_paid_content":false,"footnotes":"","jetpack_publicize_message":"","jetpack_publicize_feature_enabled":true,"jetpack_social_post_already_shared":false,"jetpack_social_options":{"image_generator_settings":{"template":"highway","default_image_id":0,"enabled":false},"version":2}},"categories":[44,15],"tags":[220,1997,1999,1998],"class_list":["post-5942","post","type-post","status-publish","format-standard","has-post-thumbnail","hentry","category-noticias-de-hoy","category-ultimas-noticias","tag-alimentacion","tag-arca-de-noe","tag-noruega","tag-semillas"],"jetpack_publicize_connections":[],"jetpack_featured_media_url":"https:\/\/i0.wp.com\/miradordeatarfe.es\/wp-content\/uploads\/2016\/01\/23976872550_8388c87205_z.jpg?fit=640%2C396&ssl=1","jetpack_likes_enabled":true,"jetpack_sharing_enabled":true,"_links":{"self":[{"href":"https:\/\/miradordeatarfe.es\/index.php?rest_route=\/wp\/v2\/posts\/5942","targetHints":{"allow":["GET"]}}],"collection":[{"href":"https:\/\/miradordeatarfe.es\/index.php?rest_route=\/wp\/v2\/posts"}],"about":[{"href":"https:\/\/miradordeatarfe.es\/index.php?rest_route=\/wp\/v2\/types\/post"}],"author":[{"embeddable":true,"href":"https:\/\/miradordeatarfe.es\/index.php?rest_route=\/wp\/v2\/users\/1"}],"replies":[{"embeddable":true,"href":"https:\/\/miradordeatarfe.es\/index.php?rest_route=%2Fwp%2Fv2%2Fcomments&post=5942"}],"version-history":[{"count":1,"href":"https:\/\/miradordeatarfe.es\/index.php?rest_route=\/wp\/v2\/posts\/5942\/revisions"}],"predecessor-version":[{"id":5944,"href":"https:\/\/miradordeatarfe.es\/index.php?rest_route=\/wp\/v2\/posts\/5942\/revisions\/5944"}],"wp:featuredmedia":[{"embeddable":true,"href":"https:\/\/miradordeatarfe.es\/index.php?rest_route=\/wp\/v2\/media\/5943"}],"wp:attachment":[{"href":"https:\/\/miradordeatarfe.es\/index.php?rest_route=%2Fwp%2Fv2%2Fmedia&parent=5942"}],"wp:term":[{"taxonomy":"category","embeddable":true,"href":"https:\/\/miradordeatarfe.es\/index.php?rest_route=%2Fwp%2Fv2%2Fcategories&post=5942"},{"taxonomy":"post_tag","embeddable":true,"href":"https:\/\/miradordeatarfe.es\/index.php?rest_route=%2Fwp%2Fv2%2Ftags&post=5942"}],"curies":[{"name":"wp","href":"https:\/\/api.w.org\/{rel}","templated":true}]}}