{"id":59506,"date":"2023-02-26T11:30:52","date_gmt":"2023-02-26T10:30:52","guid":{"rendered":"https:\/\/miradordeatarfe.es\/?p=59506"},"modified":"2023-02-24T10:53:07","modified_gmt":"2023-02-24T09:53:07","slug":"nada-es-para-siempre-por-juan-de-dios-villanueva-roa","status":"publish","type":"post","link":"https:\/\/miradordeatarfe.es\/?p=59506","title":{"rendered":"\u00abNada es para siempre\u00bb por Juan de Dios Villanueva Roa"},"content":{"rendered":"<h3 style=\"text-align: justify;\">Nada es para siempre. Los logros m\u00e1s significativos en el plano social hay que mimarlos, cuidarlos, alimentarlos para que no fenezcan, para que no sean usurpados por los usurpadores<br \/>\nsociales.<\/h3>\n<p style=\"text-align: justify;\">Los grandes logros, como una sanidad p\u00fablica, gratuita, universal; como una educaci\u00f3n p\u00fablica, universal, gratuita; una asistencia social para quienes la precisen, para enfermos, para la tercera edad; unas garant\u00edas en la aplicaci\u00f3n de la justicia\u2026 Nada de esto es definitivo, nunca lo ha sido. Ha costado mucho esfuerzo, convicci\u00f3n, sacrificios, di\u00e1logo, capacidad de ense\u00f1anza y de aprendizaje, aparcar diferencias para encontrar convergencias.<\/p>\n<p style=\"text-align: justify;\">Mucho de todo y, sin embargo, no es definitivo. Cualquier hecho, cualquier pensamiento que en un momento de especial debilidad pueda expandirse echar\u00e1 abajo estos logros que deben<br \/>\nser base de una convivencia en una sociedad que se levanta cada d\u00eda para ser mejor que el d\u00eda anterior.<\/p>\n<p style=\"text-align: justify;\">Hay gentes acechando, capitales acechando, intereses acechando a encontrar su oportunidad. El poder es la debilidad m\u00e1s enorme del ser humano, y lo arrastra hasta donde sea preciso para ser alcanzado. El para qu\u00e9 es otra historia. Y esto lo estamos viendo cada d\u00eda, aunque miremos para otro lado, porque est\u00e1 aqu\u00ed, entre nosotros. Qui\u00e9n podr\u00eda decirnos hace apenas tres a\u00f1os que pasar\u00edamos por una pandemia mundial a estas alturas, cuando solo falta que nos digitalicen f\u00edsicamente, cuando cre\u00edamos que el futuro solo era una proyecci\u00f3n del presente; o que algunos rusos har\u00edan ver a los dem\u00e1s algo que nos llevar\u00eda a situaciones detodos los tiempos: la guerra que puede arruinar todo esto.<\/p>\n<p style=\"text-align: justify;\">Parece que con mantener nuestros m\u00f3viles activos ya estamos bien. Nada es para siempre, empezando por la vida misma.<\/p>\n","protected":false},"excerpt":{"rendered":"<p>Nada es para siempre. Los logros m\u00e1s significativos en el plano social hay que mimarlos,&#8230;<\/p>\n","protected":false},"author":1,"featured_media":59507,"comment_status":"closed","ping_status":"closed","sticky":false,"template":"","format":"standard","meta":{"_coblocks_attr":"","_coblocks_dimensions":"","_coblocks_responsive_height":"","_coblocks_accordion_ie_support":"","jetpack_post_was_ever_published":false,"_jetpack_newsletter_access":"","_jetpack_dont_email_post_to_subs":false,"_jetpack_newsletter_tier_id":0,"_jetpack_memberships_contains_paywalled_content":false,"_jetpack_memberships_contains_paid_content":false,"footnotes":"","jetpack_publicize_message":"","jetpack_publicize_feature_enabled":true,"jetpack_social_post_already_shared":true,"jetpack_social_options":{"image_generator_settings":{"template":"highway","default_image_id":0,"enabled":false},"version":2}},"categories":[1161,9772,44,7671,6937,15],"tags":[807,10069],"class_list":["post-59506","post","type-post","status-publish","format-standard","has-post-thumbnail","hentry","category-ciudadania","category-opinion-de-juan-de-dios-villanueva","category-noticias-de-hoy","category-politica","category-sociedad","category-ultimas-noticias","tag-ciudadania","tag-derechos-consolidados"],"jetpack_publicize_connections":[],"jetpack_featured_media_url":"https:\/\/i0.wp.com\/miradordeatarfe.es\/wp-content\/uploads\/2023\/02\/images-1.jpg?fit=330%2C153&ssl=1","jetpack_likes_enabled":true,"jetpack_sharing_enabled":true,"_links":{"self":[{"href":"https:\/\/miradordeatarfe.es\/index.php?rest_route=\/wp\/v2\/posts\/59506","targetHints":{"allow":["GET"]}}],"collection":[{"href":"https:\/\/miradordeatarfe.es\/index.php?rest_route=\/wp\/v2\/posts"}],"about":[{"href":"https:\/\/miradordeatarfe.es\/index.php?rest_route=\/wp\/v2\/types\/post"}],"author":[{"embeddable":true,"href":"https:\/\/miradordeatarfe.es\/index.php?rest_route=\/wp\/v2\/users\/1"}],"replies":[{"embeddable":true,"href":"https:\/\/miradordeatarfe.es\/index.php?rest_route=%2Fwp%2Fv2%2Fcomments&post=59506"}],"version-history":[{"count":1,"href":"https:\/\/miradordeatarfe.es\/index.php?rest_route=\/wp\/v2\/posts\/59506\/revisions"}],"predecessor-version":[{"id":59508,"href":"https:\/\/miradordeatarfe.es\/index.php?rest_route=\/wp\/v2\/posts\/59506\/revisions\/59508"}],"wp:featuredmedia":[{"embeddable":true,"href":"https:\/\/miradordeatarfe.es\/index.php?rest_route=\/wp\/v2\/media\/59507"}],"wp:attachment":[{"href":"https:\/\/miradordeatarfe.es\/index.php?rest_route=%2Fwp%2Fv2%2Fmedia&parent=59506"}],"wp:term":[{"taxonomy":"category","embeddable":true,"href":"https:\/\/miradordeatarfe.es\/index.php?rest_route=%2Fwp%2Fv2%2Fcategories&post=59506"},{"taxonomy":"post_tag","embeddable":true,"href":"https:\/\/miradordeatarfe.es\/index.php?rest_route=%2Fwp%2Fv2%2Ftags&post=59506"}],"curies":[{"name":"wp","href":"https:\/\/api.w.org\/{rel}","templated":true}]}}