{"id":59591,"date":"2023-03-01T11:24:45","date_gmt":"2023-03-01T10:24:45","guid":{"rendered":"https:\/\/miradordeatarfe.es\/?p=59591"},"modified":"2023-03-04T13:02:05","modified_gmt":"2023-03-04T12:02:05","slug":"jose-luis-alcauce-diaz-por-jose-enrique-granados","status":"publish","type":"post","link":"https:\/\/miradordeatarfe.es\/?p=59591","title":{"rendered":"\u00abJos\u00e9 Luis Alcauce D\u00edaz\u00bb por Jos\u00e9 Enrique Granados"},"content":{"rendered":"<div class=\"\" dir=\"auto\">\n<div id=\"jsc_c_df\" class=\"x1iorvi4 x1pi30zi x1swvt13 x1l90r2v\" data-ad-comet-preview=\"message\" data-ad-preview=\"message\">\n<div class=\"x78zum5 xdt5ytf xz62fqu x16ldp7u\">\n<div class=\"xu06os2 x1ok221b\">\n<div class=\"x11i5rnm xat24cr x1mh8g0r x1vvkbs xdj266r x126k92a\">\n<div dir=\"auto\">La Bandera Blanca y Verde<\/div>\n<div dir=\"auto\">vuelve tras siglos de guerra<\/div>\n<div dir=\"auto\">a decir paz y esperanza<\/div>\n<div dir=\"auto\">bajo el sol de nuestra tierra.<\/div>\n<div dir=\"auto\">Andaluces, Andaluces,<\/div>\n<div dir=\"auto\">levantad levantaos<\/div>\n<div dir=\"auto\">pedid tierra y libertad<\/div>\n<div dir=\"auto\">sea por Andaluc\u00eda libre<\/div>\n<div dir=\"auto\">Espa\u00f1a y la Humanidad.<\/div>\n<div dir=\"auto\">Los Andaluces queremos<\/div>\n<div dir=\"auto\">volver a ser lo que fuimos<\/div>\n<div dir=\"auto\">hombres de luz y a los hombres<\/div>\n<div dir=\"auto\">alma de hombres les dimos.<\/div>\n<div dir=\"auto\">Andaluces, Andaluces,<\/div>\n<div dir=\"auto\">levantad levantaos<\/div>\n<div dir=\"auto\">pedid tierra y libertad<\/div>\n<div dir=\"auto\">sea por Andaluc\u00eda libre<\/div>\n<div dir=\"auto\" style=\"text-align: justify;\">Espa\u00f1a y la Humanidad (Blas Infante)<\/div>\n<\/div>\n<div class=\"x11i5rnm xat24cr x1mh8g0r x1vvkbs xtlvy1s x126k92a\" style=\"text-align: justify;\">\n<div dir=\"auto\">\u00a0<\/div>\n<div dir=\"auto\">Ayer fue el d\u00eda de Andaluc\u00eda, la tierra que lo vio nacer, aunque cuando esto ocurri\u00f3 all\u00e1 por 1973, Espa\u00f1a todav\u00eda estaba bajo un r\u00e9gimen dictatorial y en absoluto nos pod\u00edamos imaginar que a\u00f1os m\u00e1s tarde, los andaluces decidir\u00edan en las urnas sus deseos de autogobierno.<\/div>\n<div dir=\"auto\">\u00a0<\/div>\n<\/div>\n<div class=\"x11i5rnm xat24cr x1mh8g0r x1vvkbs xtlvy1s x126k92a\" style=\"text-align: justify;\">\n<div dir=\"auto\">Con tan solo 7 a\u00f1os y por aquellas casas y calles del barrio de las Flores, nuestro protagonista era ajeno a unos carteles en los que se pod\u00eda leer \u201cVota Andaluc\u00eda nuestra\u201d o a la voz machacona de un caduco Lauren Postigo que, en televisi\u00f3n y radio, repet\u00eda aquello de \u201cAndaluz, este no es tu refer\u00e9ndum\u201d.<\/div>\n<div dir=\"auto\">\u00a0<\/div>\n<div dir=\"auto\">Era un ni\u00f1o y aquel 28 de febrero no pudo responder a la pregunta que se hac\u00eda en la consulta: \u00bfDa usted su acuerdo a la ratificaci\u00f3n de la iniciativa prevista, en el art\u00edculo 151 de la Constituci\u00f3n, a efectos de su tramitaci\u00f3n, por el procedimiento establecido en dicho art\u00edculo?<\/div>\n<div dir=\"auto\">\u00a0<\/div>\n<\/div>\n<div class=\"x11i5rnm xat24cr x1mh8g0r x1vvkbs xtlvy1s x126k92a\" style=\"text-align: justify;\">\n<div dir=\"auto\">Ese ni\u00f1o fue creciendo y mostrando unas cualidades personales a lo largo de su trayectoria vital, que hoy en su 50 aniversario, han hecho que sus amigos quieran que sea el protagonista de nuestra Gacetilla.<\/div>\n<div dir=\"auto\">\u00a0<\/div>\n<\/div>\n<div class=\"x11i5rnm xat24cr x1mh8g0r x1vvkbs xtlvy1s x126k92a\" style=\"text-align: justify;\">\n<div dir=\"auto\">Y no les faltan motivos, pues Jos\u00e9 Luis Alcauce D\u00edaz, \u201cCanalo\u201d por padre, \u201cSeisdeos\u201d por madre, que as\u00ed es como se llama nuestro protagonista, se lo merece. Altruista y servicial con sus semejantes, desde muy joven mostr\u00f3 un enorme don de palabra y lo demostraba a diario en aquellos programas de Radio Il\u00edberis que realizaba y lo sigue haciendo, en cuantos actos en los que se le requiere su presencia. Galas deportivas, culturales o solidarias son presentadas con desparpajo y saber estar por Jos\u00e9 Luis.<\/div>\n<div dir=\"auto\">\u00a0<\/div>\n<\/div>\n<div class=\"x11i5rnm xat24cr x1mh8g0r x1vvkbs xtlvy1s x126k92a\" style=\"text-align: justify;\">\n<div dir=\"auto\">Animador y divulgador de las tradiciones locales, es cr\u00edtico con las injusticias, pero a su vez divertido y ocurrente. Son muchas las cualidades en positivo las que posee Jos\u00e9 Luis y no es que lo digan sus amigos, quienes me han pasado una enorme lista de calificativos que lo definen. Yo tambi\u00e9n he recibido su cari\u00f1o y me ha prestado su colaboraci\u00f3n cuando se lo he solicitado.<\/div>\n<div dir=\"auto\">\u00a0<\/div>\n<\/div>\n<div class=\"x11i5rnm xat24cr x1mh8g0r x1vvkbs xtlvy1s x126k92a\" style=\"text-align: justify;\">\n<div dir=\"auto\">Orgulloso de sus ra\u00edces, lleva Atarfe por bandera. Y que siga siendo as\u00ed, al menos otros 50 a\u00f1os m\u00e1s.<\/div>\n<div dir=\"auto\">\u00a0<\/div>\n<\/div>\n<div class=\"x11i5rnm xat24cr x1mh8g0r x1vvkbs xtlvy1s x126k92a\" style=\"text-align: justify;\">\n<div dir=\"auto\">Aquel 28 de febrero de 1980, en Atarfe, con un censo de 6.990 electores, acudi\u00f3 a votar el 67,37% (4.709 personas) y se abstuvo el 32,63% (2.281 personas). Hubo 12 votos nulos (0,25%) y 265 en blanco (5,64%). El 92,34% de los votos, es decir 4.337 votaron SI a la pregunta y el 2,02% (95 votos) fue para el NO.<\/div>\n<div dir=\"auto\">Atarfe apost\u00f3 por la Autonom\u00eda de Andaluc\u00eda.<\/div>\n<div dir=\"auto\">\u00a0<\/div>\n<\/div>\n<div class=\"x11i5rnm xat24cr x1mh8g0r x1vvkbs xtlvy1s x126k92a\">\n<div dir=\"auto\" style=\"text-align: justify;\"><strong>Gacetilla y curiosidades elvirenses.<\/strong><\/div>\n<\/div>\n<\/div>\n<\/div>\n<\/div>\n<div dir=\"auto\">\u00a0<\/div>\n<div id=\"jsc_c_df\" class=\"x1iorvi4 x1pi30zi x1swvt13 x1l90r2v\" data-ad-comet-preview=\"message\" data-ad-preview=\"message\">\n<div class=\"x78zum5 xdt5ytf xz62fqu x16ldp7u\">\n<div dir=\"auto\"><a href=\"https:\/\/i0.wp.com\/miradordeatarfe.es\/wp-content\/uploads\/2023\/03\/WhatsApp-Image-2023-03-03-at-19.53.55.jpeg?ssl=1\"><img data-recalc-dims=\"1\" loading=\"lazy\" decoding=\"async\" class=\"alignnone wp-image-59665 size-full\" src=\"https:\/\/i0.wp.com\/miradordeatarfe.es\/wp-content\/uploads\/2023\/03\/WhatsApp-Image-2023-03-03-at-19.53.55.jpeg?resize=640%2C480&#038;ssl=1\" alt=\"\" width=\"640\" height=\"480\" srcset=\"https:\/\/i0.wp.com\/miradordeatarfe.es\/wp-content\/uploads\/2023\/03\/WhatsApp-Image-2023-03-03-at-19.53.55.jpeg?w=1600&amp;ssl=1 1600w, https:\/\/i0.wp.com\/miradordeatarfe.es\/wp-content\/uploads\/2023\/03\/WhatsApp-Image-2023-03-03-at-19.53.55.jpeg?resize=300%2C225&amp;ssl=1 300w, https:\/\/i0.wp.com\/miradordeatarfe.es\/wp-content\/uploads\/2023\/03\/WhatsApp-Image-2023-03-03-at-19.53.55.jpeg?resize=1024%2C769&amp;ssl=1 1024w, https:\/\/i0.wp.com\/miradordeatarfe.es\/wp-content\/uploads\/2023\/03\/WhatsApp-Image-2023-03-03-at-19.53.55.jpeg?resize=768%2C576&amp;ssl=1 768w, https:\/\/i0.wp.com\/miradordeatarfe.es\/wp-content\/uploads\/2023\/03\/WhatsApp-Image-2023-03-03-at-19.53.55.jpeg?resize=1536%2C1153&amp;ssl=1 1536w, https:\/\/i0.wp.com\/miradordeatarfe.es\/wp-content\/uploads\/2023\/03\/WhatsApp-Image-2023-03-03-at-19.53.55.jpeg?resize=1320%2C991&amp;ssl=1 1320w\" sizes=\"auto, (max-width: 640px) 100vw, 640px\" \/><\/a><\/div>\n<div class=\"xu06os2 x1ok221b\">\n<div class=\"x11i5rnm xat24cr x1mh8g0r x1vvkbs xtlvy1s x126k92a\">\n<div dir=\"auto\"><a href=\"https:\/\/i0.wp.com\/miradordeatarfe.es\/wp-content\/uploads\/2023\/02\/245002359_6278603238878399_8042008003478513276_n.jpg?ssl=1\"><img data-recalc-dims=\"1\" loading=\"lazy\" decoding=\"async\" class=\"alignnone wp-image-59594 size-full\" src=\"https:\/\/i0.wp.com\/miradordeatarfe.es\/wp-content\/uploads\/2023\/02\/245002359_6278603238878399_8042008003478513276_n.jpg?resize=640%2C295&#038;ssl=1\" alt=\"\" width=\"640\" height=\"295\" srcset=\"https:\/\/i0.wp.com\/miradordeatarfe.es\/wp-content\/uploads\/2023\/02\/245002359_6278603238878399_8042008003478513276_n.jpg?w=1389&amp;ssl=1 1389w, https:\/\/i0.wp.com\/miradordeatarfe.es\/wp-content\/uploads\/2023\/02\/245002359_6278603238878399_8042008003478513276_n.jpg?resize=300%2C138&amp;ssl=1 300w, https:\/\/i0.wp.com\/miradordeatarfe.es\/wp-content\/uploads\/2023\/02\/245002359_6278603238878399_8042008003478513276_n.jpg?resize=1024%2C472&amp;ssl=1 1024w, https:\/\/i0.wp.com\/miradordeatarfe.es\/wp-content\/uploads\/2023\/02\/245002359_6278603238878399_8042008003478513276_n.jpg?resize=768%2C354&amp;ssl=1 768w, https:\/\/i0.wp.com\/miradordeatarfe.es\/wp-content\/uploads\/2023\/02\/245002359_6278603238878399_8042008003478513276_n.jpg?resize=1320%2C608&amp;ssl=1 1320w\" sizes=\"auto, (max-width: 640px) 100vw, 640px\" \/><\/a><\/div>\n<\/div>\n<\/div>\n<\/div>\n<\/div>\n<\/div>\n","protected":false},"excerpt":{"rendered":"<p>La Bandera Blanca y Verde vuelve tras siglos de guerra a decir paz y esperanza&#8230;<\/p>\n","protected":false},"author":1,"featured_media":59592,"comment_status":"closed","ping_status":"closed","sticky":false,"template":"","format":"standard","meta":{"_coblocks_attr":"","_coblocks_dimensions":"","_coblocks_responsive_height":"","_coblocks_accordion_ie_support":"","jetpack_post_was_ever_published":false,"_jetpack_newsletter_access":"","_jetpack_dont_email_post_to_subs":false,"_jetpack_newsletter_tier_id":0,"_jetpack_memberships_contains_paywalled_content":false,"_jetpack_memberships_contains_paid_content":false,"footnotes":"","jetpack_publicize_message":"","jetpack_publicize_feature_enabled":true,"jetpack_social_post_already_shared":true,"jetpack_social_options":{"image_generator_settings":{"template":"highway","default_image_id":0,"enabled":false},"version":2}},"categories":[2,1161,1225,38,44,6539,15],"tags":[10081],"class_list":["post-59591","post","type-post","status-publish","format-standard","has-post-thumbnail","hentry","category-atarfe","category-ciudadania","category-ha-de-atarfe","category-opinion-de-jose-enrique-granados","category-noticias-de-hoy","category-personajes-de-ataref","category-ultimas-noticias","tag-jose-luis-alcauce"],"jetpack_publicize_connections":[],"jetpack_featured_media_url":"https:\/\/i0.wp.com\/miradordeatarfe.es\/wp-content\/uploads\/2023\/02\/1538031365972.jpeg?fit=400%2C400&ssl=1","jetpack_likes_enabled":true,"jetpack_sharing_enabled":true,"_links":{"self":[{"href":"https:\/\/miradordeatarfe.es\/index.php?rest_route=\/wp\/v2\/posts\/59591","targetHints":{"allow":["GET"]}}],"collection":[{"href":"https:\/\/miradordeatarfe.es\/index.php?rest_route=\/wp\/v2\/posts"}],"about":[{"href":"https:\/\/miradordeatarfe.es\/index.php?rest_route=\/wp\/v2\/types\/post"}],"author":[{"embeddable":true,"href":"https:\/\/miradordeatarfe.es\/index.php?rest_route=\/wp\/v2\/users\/1"}],"replies":[{"embeddable":true,"href":"https:\/\/miradordeatarfe.es\/index.php?rest_route=%2Fwp%2Fv2%2Fcomments&post=59591"}],"version-history":[{"count":4,"href":"https:\/\/miradordeatarfe.es\/index.php?rest_route=\/wp\/v2\/posts\/59591\/revisions"}],"predecessor-version":[{"id":59666,"href":"https:\/\/miradordeatarfe.es\/index.php?rest_route=\/wp\/v2\/posts\/59591\/revisions\/59666"}],"wp:featuredmedia":[{"embeddable":true,"href":"https:\/\/miradordeatarfe.es\/index.php?rest_route=\/wp\/v2\/media\/59592"}],"wp:attachment":[{"href":"https:\/\/miradordeatarfe.es\/index.php?rest_route=%2Fwp%2Fv2%2Fmedia&parent=59591"}],"wp:term":[{"taxonomy":"category","embeddable":true,"href":"https:\/\/miradordeatarfe.es\/index.php?rest_route=%2Fwp%2Fv2%2Fcategories&post=59591"},{"taxonomy":"post_tag","embeddable":true,"href":"https:\/\/miradordeatarfe.es\/index.php?rest_route=%2Fwp%2Fv2%2Ftags&post=59591"}],"curies":[{"name":"wp","href":"https:\/\/api.w.org\/{rel}","templated":true}]}}