{"id":59625,"date":"2023-03-05T10:33:18","date_gmt":"2023-03-05T09:33:18","guid":{"rendered":"https:\/\/miradordeatarfe.es\/?p=59625"},"modified":"2023-03-04T19:41:26","modified_gmt":"2023-03-04T18:41:26","slug":"de-consejera-a-concejala-por-juan-de-dios-villanueva-roa","status":"publish","type":"post","link":"https:\/\/miradordeatarfe.es\/?p=59625","title":{"rendered":"\u00abDe consejera a concejala\u00bb por Juan de Dios Villanueva Roa"},"content":{"rendered":"<h3 style=\"text-align: justify;\">Pareciera que la Junta de Andaluc\u00eda se presentase a las elecciones municipales de la ciudad de Granada y alrededores.<\/h3>\n<p style=\"text-align: justify;\">No s\u00e9 qu\u00e9 pensaran de esto en el resto de comarcas andaluzas. Tener a una consejera de la Junta dedicada a promocionarse en carteles puestos en marquesinas de la propia Junta y consejer\u00eda en una ciudad deja en evidencia las intenciones de un gobierno que se entiende deber\u00eda ser para todos. No me sirve que se diga que esto ha sido siempre igual, porque esto nunca fue as\u00ed. Y si alguien lo hizo antes desde una instituci\u00f3n hacia otra de unidad territorial menor, mal hecho.<\/p>\n<p style=\"text-align: justify;\">Quisiera saber los proyectos tan concienzudamente se\u00f1alados que la consejera del ramo est\u00e1 presentando en el resto de Andaluc\u00eda. No s\u00e9 lo que pensar\u00e1n Jos\u00e9 Torres Hurtado o Isabel Nieto, sus compa\u00f1eros en aquel extinto gobierno municipal que acab\u00f3 con la polic\u00eda en la casa del alcalde y a\u00fan vivo en los juzgados. No s\u00e9 lo que pensar\u00e1n al ver el trato tan diferente que la vida y que su partido, y que los actos amparados aparentemente por una misma comisi\u00f3n de gobierno les han dado a unos y a otra.<\/p>\n<p style=\"text-align: justify;\">Yo estoy sorprendido con todos estos proyectos que nos anuncia la consejera. Lo que ya me escama un poco es saber qui\u00e9n los ejecutar\u00e1 cuando ella sea concejal del ayuntamiento nazar\u00ed.<br \/>\nAh\u00ed puede estar la madre del cordero. Por ahora, todo son anuncios y fotograf\u00edas, planos y dedos se\u00f1alando este o aquel carril, carretera, viaducto o placeta. Este es el modelo de futuro, obras, muchas obras. Luego buscaremos a las personas.<\/p>\n","protected":false},"excerpt":{"rendered":"<p>Pareciera que la Junta de Andaluc\u00eda se presentase a las elecciones municipales de la ciudad&#8230;<\/p>\n","protected":false},"author":1,"featured_media":59626,"comment_status":"closed","ping_status":"closed","sticky":false,"template":"","format":"standard","meta":{"_coblocks_attr":"","_coblocks_dimensions":"","_coblocks_responsive_height":"","_coblocks_accordion_ie_support":"","jetpack_post_was_ever_published":false,"_jetpack_newsletter_access":"","_jetpack_dont_email_post_to_subs":false,"_jetpack_newsletter_tier_id":0,"_jetpack_memberships_contains_paywalled_content":false,"_jetpack_memberships_contains_paid_content":false,"footnotes":"","jetpack_publicize_message":"","jetpack_publicize_feature_enabled":true,"jetpack_social_post_already_shared":true,"jetpack_social_options":{"image_generator_settings":{"template":"highway","default_image_id":0,"enabled":false},"version":2}},"categories":[1161,9772,44,7671,15],"tags":[10085,3008],"class_list":["post-59625","post","type-post","status-publish","format-standard","has-post-thumbnail","hentry","category-ciudadania","category-opinion-de-juan-de-dios-villanueva","category-noticias-de-hoy","category-politica","category-ultimas-noticias","tag-carazo","tag-obras"],"jetpack_publicize_connections":[],"jetpack_featured_media_url":"https:\/\/i0.wp.com\/miradordeatarfe.es\/wp-content\/uploads\/2023\/03\/1677756000472CarazoAzulejera_Est.jpg?fit=930%2C548&ssl=1","jetpack_likes_enabled":true,"jetpack_sharing_enabled":true,"_links":{"self":[{"href":"https:\/\/miradordeatarfe.es\/index.php?rest_route=\/wp\/v2\/posts\/59625","targetHints":{"allow":["GET"]}}],"collection":[{"href":"https:\/\/miradordeatarfe.es\/index.php?rest_route=\/wp\/v2\/posts"}],"about":[{"href":"https:\/\/miradordeatarfe.es\/index.php?rest_route=\/wp\/v2\/types\/post"}],"author":[{"embeddable":true,"href":"https:\/\/miradordeatarfe.es\/index.php?rest_route=\/wp\/v2\/users\/1"}],"replies":[{"embeddable":true,"href":"https:\/\/miradordeatarfe.es\/index.php?rest_route=%2Fwp%2Fv2%2Fcomments&post=59625"}],"version-history":[{"count":1,"href":"https:\/\/miradordeatarfe.es\/index.php?rest_route=\/wp\/v2\/posts\/59625\/revisions"}],"predecessor-version":[{"id":59627,"href":"https:\/\/miradordeatarfe.es\/index.php?rest_route=\/wp\/v2\/posts\/59625\/revisions\/59627"}],"wp:featuredmedia":[{"embeddable":true,"href":"https:\/\/miradordeatarfe.es\/index.php?rest_route=\/wp\/v2\/media\/59626"}],"wp:attachment":[{"href":"https:\/\/miradordeatarfe.es\/index.php?rest_route=%2Fwp%2Fv2%2Fmedia&parent=59625"}],"wp:term":[{"taxonomy":"category","embeddable":true,"href":"https:\/\/miradordeatarfe.es\/index.php?rest_route=%2Fwp%2Fv2%2Fcategories&post=59625"},{"taxonomy":"post_tag","embeddable":true,"href":"https:\/\/miradordeatarfe.es\/index.php?rest_route=%2Fwp%2Fv2%2Ftags&post=59625"}],"curies":[{"name":"wp","href":"https:\/\/api.w.org\/{rel}","templated":true}]}}