{"id":5964,"date":"2016-01-12T08:09:18","date_gmt":"2016-01-12T08:09:18","guid":{"rendered":"http:\/\/miradordeatarfe.es\/?p=5964"},"modified":"2016-01-12T08:09:18","modified_gmt":"2016-01-12T08:09:18","slug":"ocho-anos-de-inhabilitacion-para-el-exalcalde-de-atarfe-tomas-ruiz","status":"publish","type":"post","link":"https:\/\/miradordeatarfe.es\/?p=5964","title":{"rendered":"Ocho a\u00f1os de inhabilitaci\u00f3n para el exalcalde de Atarfe Tom\u00e1s Ruiz"},"content":{"rendered":"<p class=\"entradilla_noticia\">La Secci\u00f3n Primera de la Audiencia Provincial de Granada ha condenado a ocho a\u00f1os, seis meses y un d\u00eda de inhabilitaci\u00f3n especial para el ejercicio de cargo p\u00fablico al exalcalde de <strong>Atarfe<\/strong>, el socialista Tom\u00e1s Ruiz Maeso, por prevaricar en la contrataci\u00f3n de personal municipal sin seguir los tr\u00e1mites previstos en la ley.Uno de los contratos ilegales fue para el actual portavoz del PSOE en el Ayuntamiento de Atarfe.<!--more--><\/p>\n<p>&nbsp;<\/p>\n<div class=\"contenedor\">\n<p>&nbsp;<\/p>\n<p>En la sentencia, los magistrados consideran que \u201cno se ofrece duda alguna\u201d de que Ruiz Maeso cometi\u00f3 un delito de prevaricaci\u00f3n continuada cometido por funcionario p\u00fablico, por adoptar decisiones en las que no ten\u00eda \u201ccompetencia alguna\u201d, ya que le correspond\u00edan a la Seguridad Social.<\/p>\n<p>Los hechos se remontan al 18 de diciembre de 2012, cuando el exregidor dict\u00f3 una resoluci\u00f3n en la que se acordaba la jubilaci\u00f3n a tiempo parcial de un trabajador como director de contrataci\u00f3n y compras y, al mismo tiempo, se contrataba para ocupar dicho puesto, mediante un contrato de relevo, a otra persona que con anterioridad hab\u00eda desempe\u00f1ado su labor en la empresa p\u00fablica \u2018Proyecto de Atarfe S.A.\u2019.<\/p>\n<p>Este contrato se firm\u00f3 \u201csin tramitar previamente ning\u00fan expediente administrativo y obviando\u201d lo establecido en el Real Decreto de Medidas Urgentes en Materia Presupuestaria para la Correcci\u00f3n del D\u00e9ficit, el cual establec\u00eda la necesidad de declarar la excepcionalidad de cada una de las contrataciones efectuadas y justificar la urgencia de llevarlas a cabo. Asimismo, y seg\u00fan los jueces, se prescindi\u00f3 de los principios de igualdad, m\u00e9rito y capacidad que debe presidir toda contrataci\u00f3n p\u00fablica, lo cual fue advertido, por el secretario del Ayuntamiento de Atarfe.<\/p>\n<p>El secretario tambi\u00e9n advirti\u00f3 de la contrataci\u00f3n para ocupar el puesto de T\u00e9cnico Inform\u00e1tico a tiempo completo mediante contrato de relevo, con efectos a partir del 1 de enero, al que es hoy actual portavoz del grupo municipal del PSOE, \u00d3scar Gonz\u00e1lez, quien tambi\u00e9n era trabajador de Proyecto Atarfe. El 10 de enero, el interventor, teniendo conocimiento de estas dos contrataciones, emiti\u00f3 dos informes, uno por cada contrataci\u00f3n, en los que suscrib\u00eda las irregularidades advertidas por el secretario.<\/p>\n<p>Pero, a pesar de los informes del secretario y de las notas de reparo puestas por el interventor, el mismo 10 de enero Ruiz Maeso no s\u00f3lo no suspendi\u00f3 la tramitaci\u00f3n de los expedientes (\u201cque no exist\u00edan\u201d, seg\u00fan consta en el fallo) \u201csino que sigui\u00f3 adelante en su pretensi\u00f3n dictando dos providencias en las que ordenaba el pago de los haberes salariales a los trabajadores afectados\u201d.<\/p>\n<p>\u201cFrente al c\u00famulo de arbitrariedades\u201d, para la Secci\u00f3n Primera \u201cno puede servir de excusa\u201d el que todo ello ten\u00eda como objetivo el ahorrar gastos al Ayuntamiento como, seg\u00fan el acusado ocurri\u00f3. \u201cAceptemos a efectos ret\u00f3ricos la realidad de ese ahorro. No se ve qu\u00e9 diferencia, en relaci\u00f3n con \u00e9l, habr\u00eda habido entre haber sido respetada la legalidad en la contrataci\u00f3n y no haberlo sido\u201d, se\u00f1alan los magistrados, que adem\u00e1s creen que \u201cla consecuci\u00f3n de un ahorro de gastos no justifica sustituir la legalidad vigente por las decisiones que a cada uno le parezcan oportunas\u201d.<\/p>\n<p>Adem\u00e1s, ven \u201cmuy dif\u00edcil de creer\u201d que fuese ahorrar gastos \u201clo que condujo a la celebraci\u00f3n de esos contratos\u201d porque adem\u00e1s el mismo d\u00eda 18 de diciembre el secretario del Ayuntamiento de Atarfe \u201celeva un detallado informe al acusado poniendo de manifiesto las ilegalidades existentes\u201d.<\/p>\n<p>\u201cSea como fuere las resoluciones por las que se declar\u00f3 la jubilaci\u00f3n parcial de unos trabajadores y se contrat\u00f3 a otros para cubrir esas jubilaciones fueron manifiestamente arbitrarias. (\u2026) Cuando se act\u00faa as\u00ed y el resultado es una injusticia, entendiendo por injusticia la lesi\u00f3n de un derecho o del inter\u00e9s colectivo, se realiza el tipo objetivo de la prevaricaci\u00f3n\u201d, concluyen para condenar al procesado.<\/p>\n<p><a href=\"http:\/\/www.ahoragranada.com\/?portada=area-metropolitana\/atarfe\">http:\/\/www.ahoragranada.com\/?portada=area-metropolitana\/atarfe<\/a><\/p>\n<\/div>\n","protected":false},"excerpt":{"rendered":"<p>La Secci\u00f3n Primera de la Audiencia Provincial de Granada ha condenado a ocho a\u00f1os, seis&#8230;<\/p>\n","protected":false},"author":1,"featured_media":5965,"comment_status":"closed","ping_status":"closed","sticky":false,"template":"","format":"standard","meta":{"_coblocks_attr":"","_coblocks_dimensions":"","_coblocks_responsive_height":"","_coblocks_accordion_ie_support":"","jetpack_post_was_ever_published":false,"_jetpack_newsletter_access":"","_jetpack_dont_email_post_to_subs":false,"_jetpack_newsletter_tier_id":0,"_jetpack_memberships_contains_paywalled_content":false,"_jetpack_memberships_contains_paid_content":false,"footnotes":"","jetpack_publicize_message":"","jetpack_publicize_feature_enabled":true,"jetpack_social_post_already_shared":false,"jetpack_social_options":{"image_generator_settings":{"template":"highway","default_image_id":0,"enabled":false},"version":2}},"categories":[2,186,44,15],"tags":[898,81,2006,1084],"class_list":["post-5964","post","type-post","status-publish","format-standard","has-post-thumbnail","hentry","category-atarfe","category-instituciones","category-noticias-de-hoy","category-ultimas-noticias","tag-alcalde","tag-atarfe","tag-contratar","tag-funcionarios"],"jetpack_publicize_connections":[],"jetpack_featured_media_url":"https:\/\/i0.wp.com\/miradordeatarfe.es\/wp-content\/uploads\/2016\/01\/Alcalde-de-Atarfe-958x538.jpg?fit=958%2C538&ssl=1","jetpack_likes_enabled":true,"jetpack_sharing_enabled":true,"_links":{"self":[{"href":"https:\/\/miradordeatarfe.es\/index.php?rest_route=\/wp\/v2\/posts\/5964","targetHints":{"allow":["GET"]}}],"collection":[{"href":"https:\/\/miradordeatarfe.es\/index.php?rest_route=\/wp\/v2\/posts"}],"about":[{"href":"https:\/\/miradordeatarfe.es\/index.php?rest_route=\/wp\/v2\/types\/post"}],"author":[{"embeddable":true,"href":"https:\/\/miradordeatarfe.es\/index.php?rest_route=\/wp\/v2\/users\/1"}],"replies":[{"embeddable":true,"href":"https:\/\/miradordeatarfe.es\/index.php?rest_route=%2Fwp%2Fv2%2Fcomments&post=5964"}],"version-history":[{"count":1,"href":"https:\/\/miradordeatarfe.es\/index.php?rest_route=\/wp\/v2\/posts\/5964\/revisions"}],"predecessor-version":[{"id":5966,"href":"https:\/\/miradordeatarfe.es\/index.php?rest_route=\/wp\/v2\/posts\/5964\/revisions\/5966"}],"wp:featuredmedia":[{"embeddable":true,"href":"https:\/\/miradordeatarfe.es\/index.php?rest_route=\/wp\/v2\/media\/5965"}],"wp:attachment":[{"href":"https:\/\/miradordeatarfe.es\/index.php?rest_route=%2Fwp%2Fv2%2Fmedia&parent=5964"}],"wp:term":[{"taxonomy":"category","embeddable":true,"href":"https:\/\/miradordeatarfe.es\/index.php?rest_route=%2Fwp%2Fv2%2Fcategories&post=5964"},{"taxonomy":"post_tag","embeddable":true,"href":"https:\/\/miradordeatarfe.es\/index.php?rest_route=%2Fwp%2Fv2%2Ftags&post=5964"}],"curies":[{"name":"wp","href":"https:\/\/api.w.org\/{rel}","templated":true}]}}