{"id":5970,"date":"2016-01-13T09:17:18","date_gmt":"2016-01-13T09:17:18","guid":{"rendered":"http:\/\/miradordeatarfe.es\/?p=5970"},"modified":"2016-01-13T09:14:06","modified_gmt":"2016-01-13T09:14:06","slug":"atarfe-encuesta-para-conocer-el-interes-por-los-huertos-urbanos","status":"publish","type":"post","link":"https:\/\/miradordeatarfe.es\/?p=5970","title":{"rendered":"ATARFE: Encuesta para conocer el inter\u00e9s por los huertos urbanos"},"content":{"rendered":"<p><span class=\"contenidos_titulo\"><br \/>\n<\/span><span class=\"contenidos_subtitulo\">El gobierno municipal pone en marcha una encuesta para determinar la demanda de personas o colectivos sociales que quieren cultivar una parcela cedida por el Ayuntamiento.<\/span><br \/>\n<!--more--><\/p>\n<div>Si eres vecino de Atarfe y quieres cultivar tu propio huerto a t\u00edtulo particular o bien a trav\u00e9s de un colectivo social, ya puedes rellenar la siguiente\u00a0<a class=\"enlaces_contenidos\" href=\"https:\/\/docs.google.com\/forms\/d\/1MTfWPDdJ_9IXc0oxwcNzsxVdScFNnbJvBJMJQv09cCY\/viewform\" target=\"_blank\"><strong>encuesta\u00a0<\/strong><\/a>(pinchad sobre el enlace) que ha puesto en marcha el Ayuntamiento para tratar de determinar la demanda y el inter\u00e9s que despierta entre los ciudadanos este tipo de proyectos.<\/div>\n<div><\/div>\n<div>El gobierno municipal quiere poner en marcha a lo largo de este a\u00f1o el programa de participaci\u00f3n de los Huertos Urbanos Ecol\u00f3gicos, una alternativa ideada para apoyar la econom\u00eda familiar de los desempleados y, al mismo tiempo, una opci\u00f3n de ocio saludable que contribuya a retomar el contacto con la naturaleza, promoviendo la utilizaci\u00f3n de t\u00e9cnicas respetuosas con el medio ambiente y acercando a los ciudadanos la posibilidad de consumir alimentos ecol\u00f3gicos cultivados por ellos mismos.<\/div>\n<div><\/div>\n<div>Para ello es necesario conocer cu\u00e1ntos particulares o colectivos sociales, principales destinatarios de esta iniciativa, est\u00e1is interesados en disponer de huerto. En funci\u00f3n de la demanda, el Ayuntamiento ceder\u00e1 terreno y lo dividir\u00e1 en peque\u00f1as parcelas para que los interesados, que no tienen por qu\u00e9 contar con conocimientos o experiencia previa, obtengan de ellas hortalizas y ornamentales para autoconsumo.<\/div>\n<div><\/div>\n<div>Tambi\u00e9n se prestar\u00e1 asesoramiento t\u00e9cnico y apoyo a las personas que participen en el proyecto de Huertos Sociales y Ecol\u00f3gicos.<\/div>\n<div><\/div>\n<div>Esta encuesta va dirigida a todas aquellas personas o colectivos que puedan estar interesados. El Ayuntamiento de Atarfe garantiza la absoluta confidencialidad de los datos que aqu\u00ed se solicitan, de car\u00e1cter meramente orientativos, que no ser\u00e1n utilizados para ning\u00fan otro fin.<\/div>\n<div><\/div>\n<div><a class=\"enlaces_contenidos\" href=\"https:\/\/docs.google.com\/forms\/d\/1MTfWPDdJ_9IXc0oxwcNzsxVdScFNnbJvBJMJQv09cCY\/viewform\" target=\"_blank\"><strong>Enlace a la encuesta<\/strong><\/a>.<\/div>\n<p>&nbsp;<\/p>\n<div align=\"right\"><a href=\"http:\/\/www.ciudadatarfe.com\/index.php\"><img data-recalc-dims=\"1\" decoding=\"async\" src=\"https:\/\/i0.wp.com\/www.ciudadatarfe.com\/imagenes\/boton_volver.gif?w=640\" alt=\"Volver al Listado\" align=\"absmiddle\" border=\"0\" \/><\/a><\/div>\n","protected":false},"excerpt":{"rendered":"<p>El gobierno municipal pone en marcha una encuesta para determinar la demanda de personas o&#8230;<\/p>\n","protected":false},"author":1,"featured_media":5971,"comment_status":"closed","ping_status":"closed","sticky":false,"template":"","format":"standard","meta":{"_coblocks_attr":"","_coblocks_dimensions":"","_coblocks_responsive_height":"","_coblocks_accordion_ie_support":"","jetpack_post_was_ever_published":false,"_jetpack_newsletter_access":"","_jetpack_dont_email_post_to_subs":false,"_jetpack_newsletter_tier_id":0,"_jetpack_memberships_contains_paywalled_content":false,"_jetpack_memberships_contains_paid_content":false,"footnotes":"","jetpack_publicize_message":"","jetpack_publicize_feature_enabled":true,"jetpack_social_post_already_shared":false,"jetpack_social_options":{"image_generator_settings":{"template":"highway","default_image_id":0,"enabled":false},"version":2}},"categories":[2,1161,44,15],"tags":[65,703,2007],"class_list":["post-5970","post","type-post","status-publish","format-standard","has-post-thumbnail","hentry","category-atarfe","category-ciudadania","category-noticias-de-hoy","category-ultimas-noticias","tag-economia","tag-encuesta","tag-huertos"],"jetpack_publicize_connections":[],"jetpack_featured_media_url":"https:\/\/i0.wp.com\/miradordeatarfe.es\/wp-content\/uploads\/2016\/01\/Ecologicos-urbanos_TINIMA20130803_0351_5.jpg?fit=627%2C352&ssl=1","jetpack_likes_enabled":true,"jetpack_sharing_enabled":true,"_links":{"self":[{"href":"https:\/\/miradordeatarfe.es\/index.php?rest_route=\/wp\/v2\/posts\/5970","targetHints":{"allow":["GET"]}}],"collection":[{"href":"https:\/\/miradordeatarfe.es\/index.php?rest_route=\/wp\/v2\/posts"}],"about":[{"href":"https:\/\/miradordeatarfe.es\/index.php?rest_route=\/wp\/v2\/types\/post"}],"author":[{"embeddable":true,"href":"https:\/\/miradordeatarfe.es\/index.php?rest_route=\/wp\/v2\/users\/1"}],"replies":[{"embeddable":true,"href":"https:\/\/miradordeatarfe.es\/index.php?rest_route=%2Fwp%2Fv2%2Fcomments&post=5970"}],"version-history":[{"count":1,"href":"https:\/\/miradordeatarfe.es\/index.php?rest_route=\/wp\/v2\/posts\/5970\/revisions"}],"predecessor-version":[{"id":5972,"href":"https:\/\/miradordeatarfe.es\/index.php?rest_route=\/wp\/v2\/posts\/5970\/revisions\/5972"}],"wp:featuredmedia":[{"embeddable":true,"href":"https:\/\/miradordeatarfe.es\/index.php?rest_route=\/wp\/v2\/media\/5971"}],"wp:attachment":[{"href":"https:\/\/miradordeatarfe.es\/index.php?rest_route=%2Fwp%2Fv2%2Fmedia&parent=5970"}],"wp:term":[{"taxonomy":"category","embeddable":true,"href":"https:\/\/miradordeatarfe.es\/index.php?rest_route=%2Fwp%2Fv2%2Fcategories&post=5970"},{"taxonomy":"post_tag","embeddable":true,"href":"https:\/\/miradordeatarfe.es\/index.php?rest_route=%2Fwp%2Fv2%2Ftags&post=5970"}],"curies":[{"name":"wp","href":"https:\/\/api.w.org\/{rel}","templated":true}]}}