{"id":5977,"date":"2016-01-13T06:16:28","date_gmt":"2016-01-13T06:16:28","guid":{"rendered":"http:\/\/miradordeatarfe.es\/?p=5977"},"modified":"2016-01-12T19:23:14","modified_gmt":"2016-01-12T19:23:14","slug":"maxima-expectacion-ante-una-posible-senal-de-ondas-gravitacionales","status":"publish","type":"post","link":"https:\/\/miradordeatarfe.es\/?p=5977","title":{"rendered":"M\u00e1xima expectaci\u00f3n ante una posible se\u00f1al de ondas gravitacionales"},"content":{"rendered":"<div class=\"encabezado \">\n<div class=\"hgroup\">\n<div id=\"subtitulo_noticia\">\n<p>El fen\u00f3meno fue predicho por Einstein en 1916 pero a\u00fan no ha sido demostrado,La \u00faltima gran predicci\u00f3n de Albert Einstein sobre el universo puede estar a punto de confirmarse.<\/p>\n<\/div>\n<\/div>\n<\/div>\n<p><!--more--><\/p>\n<div class=\"columna_texto\">\n<div id=\"cuerpo_noticia\" class=\"cuerpo_noticia\">\n<p dir=\"ltr\" style=\"text-align: justify;\">Esa al menos es la sensaci\u00f3n entre buena parte de la comunidad cient\u00edfica especializada en ondas gravitacionales, curvas en el espacio-tiempo generadas por los fen\u00f3menos m\u00e1s violentos del cosmos. Su existencia es una consecuencia natural de la teor\u00eda general de la relatividad y as\u00ed lo explic\u00f3 Einstein en 1916. Un siglo despu\u00e9s, nadie ha conseguido demostrar que ten\u00eda raz\u00f3n (ni tampoco lo contrario).<\/p>\n<p dir=\"ltr\" style=\"text-align: justify;\">En un tuit enviado ayer, el f\u00edsico te\u00f3rico Lawrence Krauss, de la Universidad Estatal de Arizona, anunci\u00f3 que las ondas gravitacionales habr\u00edan sido captadas por primera vez por el experimento LIGO, en EE UU. \u201cMi rumor sobre LIGO ha sido confirmado por fuentes independientes\u201d, escribi\u00f3 el cient\u00edfico, que no forma parte de la colaboraci\u00f3n entre universi<\/p>\n<p><!--more--><\/p>\n<p dir=\"ltr\" style=\"text-align: justify;\">dades y centros investigaci\u00f3n a cargo de este megaproyecto de la f\u00edsica.<\/p>\n<p dir=\"ltr\" style=\"text-align: justify;\">La predicci\u00f3n de Krauss no tiene confirmaci\u00f3n oficial. Sin embargo la comunidad cient\u00edfica lleva esperando un anuncio como este desde hace meses. Esto se debe en gran parte a que LIGO ha aumentado recientemente su sensibilidad.<\/p>\n<p dir=\"ltr\" style=\"text-align: justify;\">En juego est\u00e1 uno de los hallazgos m\u00e1s importantes que pueden hacerse en f\u00edsica. Los astr\u00f3nomos, la humanidad, ganar\u00eda un sentido m\u00e1s para observar el cosmos gracias a estas ondas. Hasta ahora nuestra \u00fanica gu\u00eda en el cosmos ha sido la luz. Las ondas de gravedad permitir\u00edan <em>escuchar<\/em> al universo por primera vez y lograrlo bien merece un Premio Nobel.<\/p>\n<p dir=\"ltr\" style=\"text-align: justify;\">Las ondas gravitacionales son resultado de los mayores cataclismos del universo, por ejemplo la colisi\u00f3n de dos agujeros negros. Hasta ahora estos eventos han sucedido tan lejos que las ondas que producen, muy atenuadas, son indetectables cuando llegan a la Tierra. Hace unas semanas, Kip Thorne, experto en agujeros negros y uno de los padres de LIGO, explic\u00f3 a <em>Materia<\/em> por qu\u00e9 hay tantas expectativas puestas en este experimento. \u201cEstos detectores [&#8230;] son tan sensibles que pueden captar un choque de agujeros negros a 1.000 millones de a\u00f1os luz de la Tierra, es decir, un d\u00e9cimo de la distancia hasta el l\u00edmite del universo observable\u201d, y a\u00f1ad\u00eda: \u201cSi tenemos suerte, captaremos algo en la primera b\u00fasqueda\u201d. Esa primera tanda de observaciones termina precisamente hoy.<\/p>\n<div id=\"sumario_1|html\" class=\"derecha\" style=\"text-align: justify;\">\n<p><a name=\"sumario_1\"><\/a><\/p>\n<p class=\"texto_grande\">Hasta ahora nuestra \u00fanica gu\u00eda en el cosmos ha sido la luz. Las ondas de gravedad permitir\u00edan &#8216;escuchar&#8217; al universo por primera vez<\/p>\n<\/div>\n<p dir=\"ltr\" style=\"text-align: justify;\">LIGO es una tela de ara\u00f1a de tecnolog\u00eda punta. Sus hilos son de luz l\u00e1ser y recorren los m\u00e1s de 3.000 kil\u00f3metros que hay entre sus dos detectores, uno en el estado de Washington y el otro en Luisiana. Si las ondas gravitacionales atraviesan la zona de observaci\u00f3n, el haz de luz modificar\u00eda ligeramente su posici\u00f3n, lo que permitir\u00eda detectarlas. El pasado septiembre el experimento comenz\u00f3 a tomar datos despu\u00e9s de una importante renovaci\u00f3n para aumentar su sensibilidad. Ten\u00eda previsto parar en diciembre, pero algo hizo que sus responsables lo hayan mantenido en marcha. Y lo han hecho justo hasta hoy, cuando oficialmente termina la recogida de datos en este primer run, o tanda de observaciones.<\/p>\n<p dir=\"ltr\" style=\"text-align: justify;\">El rumor de Krauss no puede ser m\u00e1s oportuno, pero, por ahora, no es m\u00e1s que eso. Gabriela Gonz\u00e1lez, investigadora de la Universidad Estatal de Luisiana y portavoz de LIGO, ha dicho que la recogida de datos a\u00fan est\u00e1 en marcha y que por ahora no hay ning\u00fan descubrimiento que anunciar. \u201cNos lleva tiempo analizar, interpretar y revisar los resultados\u201d, ha dicho en declaraciones a <em>The Guardian.<\/em><\/p>\n<p dir=\"ltr\" style=\"text-align: justify;\">El equipo lleva analizando sus datos desde septiembre y a\u00fan est\u00e1 en esa tarea. Si hay cualquier resultado positivo lo enviar\u00e1n a una revista cient\u00edfica para que sea analizado por expertos independientes y solo despu\u00e9s se har\u00eda un anuncio p\u00fablico. Todo esto puede llevar hasta seis meses, seg\u00fan fuentes de LIGO.<\/p>\n<p dir=\"ltr\" style=\"text-align: justify;\">La cautela es preceptiva porque las ondas gravitacionales ya protagonizaron el mayor fiasco cient\u00edfico de los \u00faltimos a\u00f1os. Sucedi\u00f3 en marzo de 2014, cuando una colaboraci\u00f3n cient\u00edfica liderada desde EE UU anunci\u00f3 sin datos suficientes el descubrimiento de ondas gravitacionales primordiales, en este caso causadas por el Big Bang que dio comienzo al universo. El hallazgo no resisti\u00f3 la revisi\u00f3n cient\u00edfica y ha quedado en suspenso.<\/p>\n<p dir=\"ltr\" style=\"text-align: justify;\">El LIGO tiene previsto hacer reformas para comenzar una nueva tanda de observaciones en junio, con una sensibilidad a\u00fan mayor. Y en esa ronda se le unir\u00e1 VIRGO, el observatorio europeo que tambi\u00e9n ha sido mejorado para la ocasi\u00f3n. De ah\u00ed que muchos expertos conf\u00eden en que este a\u00f1o se escuche por primera vez el sonido del universo que predijo Einstein hace 100 a\u00f1os.<\/p>\n<\/div>\n<\/div>\n","protected":false},"excerpt":{"rendered":"<p>El fen\u00f3meno fue predicho por Einstein en 1916 pero a\u00fan no ha sido demostrado,La \u00faltima&#8230;<\/p>\n","protected":false},"author":1,"featured_media":5979,"comment_status":"closed","ping_status":"closed","sticky":false,"template":"","format":"standard","meta":{"_coblocks_attr":"","_coblocks_dimensions":"","_coblocks_responsive_height":"","_coblocks_accordion_ie_support":"","jetpack_post_was_ever_published":false,"_jetpack_newsletter_access":"","_jetpack_dont_email_post_to_subs":false,"_jetpack_newsletter_tier_id":0,"_jetpack_memberships_contains_paywalled_content":false,"_jetpack_memberships_contains_paid_content":false,"footnotes":"","jetpack_publicize_message":"","jetpack_publicize_feature_enabled":true,"jetpack_social_post_already_shared":false,"jetpack_social_options":{"image_generator_settings":{"template":"highway","default_image_id":0,"enabled":false},"version":2}},"categories":[186,44,15],"tags":[577,865,2008,101],"class_list":["post-5977","post","type-post","status-publish","format-standard","has-post-thumbnail","hentry","category-instituciones","category-noticias-de-hoy","category-ultimas-noticias","tag-astronomia","tag-ciencia-investigadora-feminismo","tag-teoria-relatividad-fisica","tag-universo"],"jetpack_publicize_connections":[],"jetpack_featured_media_url":"https:\/\/i0.wp.com\/miradordeatarfe.es\/wp-content\/uploads\/2016\/01\/agu.jpg?fit=560%2C389&ssl=1","jetpack_likes_enabled":true,"jetpack_sharing_enabled":true,"_links":{"self":[{"href":"https:\/\/miradordeatarfe.es\/index.php?rest_route=\/wp\/v2\/posts\/5977","targetHints":{"allow":["GET"]}}],"collection":[{"href":"https:\/\/miradordeatarfe.es\/index.php?rest_route=\/wp\/v2\/posts"}],"about":[{"href":"https:\/\/miradordeatarfe.es\/index.php?rest_route=\/wp\/v2\/types\/post"}],"author":[{"embeddable":true,"href":"https:\/\/miradordeatarfe.es\/index.php?rest_route=\/wp\/v2\/users\/1"}],"replies":[{"embeddable":true,"href":"https:\/\/miradordeatarfe.es\/index.php?rest_route=%2Fwp%2Fv2%2Fcomments&post=5977"}],"version-history":[{"count":2,"href":"https:\/\/miradordeatarfe.es\/index.php?rest_route=\/wp\/v2\/posts\/5977\/revisions"}],"predecessor-version":[{"id":5980,"href":"https:\/\/miradordeatarfe.es\/index.php?rest_route=\/wp\/v2\/posts\/5977\/revisions\/5980"}],"wp:featuredmedia":[{"embeddable":true,"href":"https:\/\/miradordeatarfe.es\/index.php?rest_route=\/wp\/v2\/media\/5979"}],"wp:attachment":[{"href":"https:\/\/miradordeatarfe.es\/index.php?rest_route=%2Fwp%2Fv2%2Fmedia&parent=5977"}],"wp:term":[{"taxonomy":"category","embeddable":true,"href":"https:\/\/miradordeatarfe.es\/index.php?rest_route=%2Fwp%2Fv2%2Fcategories&post=5977"},{"taxonomy":"post_tag","embeddable":true,"href":"https:\/\/miradordeatarfe.es\/index.php?rest_route=%2Fwp%2Fv2%2Ftags&post=5977"}],"curies":[{"name":"wp","href":"https:\/\/api.w.org\/{rel}","templated":true}]}}