{"id":59771,"date":"2023-03-11T11:04:35","date_gmt":"2023-03-11T10:04:35","guid":{"rendered":"https:\/\/miradordeatarfe.es\/?p=59771"},"modified":"2023-03-08T11:13:52","modified_gmt":"2023-03-08T10:13:52","slug":"atarfeno-del-mundo-de-la-ciencia-victor-alche-ramirez","status":"publish","type":"post","link":"https:\/\/miradordeatarfe.es\/?p=59771","title":{"rendered":"ATARFE\u00d1O DEL MUNDO DE LA CIENCIA: V\u00cdCTOR ALCH\u00c9 RAM\u00cdREZ"},"content":{"rendered":"<h3>V\u00edctor Alch\u00e9 Ram\u00edrez.\u00a0 Doctor en Medicina, y sobre todo, m\u00e9dico de familia.<\/h3>\n<p style=\"text-align: justify;\">Aunque es un t\u00f3pico comenzar diciendo: \u201crecuerdo cuando era joven\u201d\u2026, en esta ocasi\u00f3n me voy a permitir comenzar as\u00ed, y mi memoria revive frases impositivas, generalmente de mis mayores, mi familia, los amigos de mis padres, en las que se intu\u00eda una\u00a0especie de orden.<\/p>\n<p style=\"text-align: justify;\">\u201cT\u00fa,\u00a0lo\u00a0que\u00a0tienes\u00a0que\u00a0hacer es\u00a0estudiar,\u00a0para\u00a0labrarte\u00a0un futuro\u201d.<\/p>\n<p>Han pasado muchos a\u00f1os, y la experiencia me ha ense\u00f1ado que una frase as\u00ed no va a motivar una iniciativa en nadie que la escuche, es por tanto que optar\u00e9 por otra estrategia. Por supuesto que deseo que vosotros, j\u00f3venes en capacidad de decidir vuestro futuro abrac\u00e9is la ciencia para formar parte de vuestro futuro, pero antes que nada, es mejor argumentar\u00a0en\u00a0favor\u00a0de\u00a0que\u00a0lo\u00a0que\u00a0realmente\u00a0os\u00a0har\u00e1\u00a0felices,\u00a0es\u00a0trabajar\u00a0en\u00a0lo\u00a0que\u00a0dese\u00e1is,\u00a0sea\u00a0cual sea, la l\u00ednea de conocimiento elegida.<\/p>\n<p style=\"text-align: justify;\">El caso que mejor, conozco, y del que me encuentro m\u00e1s capacitado para hablar, es del m\u00edo. Para m\u00ed, el conocimiento cient\u00edfico, ha representado una herramienta crucial para mi desarrollo vital. Si me permit\u00eds establecer un paralelismo entre mi vida y la de los superh\u00e9roes de animaci\u00f3n, mis superpoderes\u00a0has sido el estudio y el saber, y me han servido\u00a0con el tiempo, para vencer mi timidez, ayudarme a relacionarme de forma satisfactoria con la\u00a0sociedad, a tener amigos y compa\u00f1eros de trabajo, a disfrutar mientras realizas tu trabajo.<\/p>\n<p style=\"text-align: justify;\">Tambi\u00e9n,\u00a0por\u00a0qu\u00e9\u00a0no,\u00a0a\u00a0tener\u00a0una\u00a0remuneraci\u00f3n\u00a0digna\u00a0(siempre\u00a0mejorable,\u00a0claro),\u00a0que\u00a0nos\u00a0permita un encaje adecuado en esta sociedad, y alg\u00fan capricho.<\/p>\n<p style=\"text-align: justify;\">El desarrollo hist\u00f3rico de la ciencia nos ha hecho disponer cada vez con herramientas\u00a0para conseguir dar respuestas a nuestras preguntas,\u00a0y en eso consiste nuestro trabajo, en tener\u00a0dudas, en formularnos cuestiones y hacer lo que est\u00e9 en nuestra mano para darles respuesta.<\/p>\n<p style=\"text-align: justify;\">No puedo tener m\u00e1s que razonamientos a favor de ese modo de vida, y es por tanto que simplemente os recomiendo que consider\u00e9is esa posibilidad de futuro.\u00a0 Ha sido un placer hablaros.<\/p>\n<p><a href=\"https:\/\/i0.wp.com\/miradordeatarfe.es\/wp-content\/uploads\/2023\/03\/Fundadores-Allergenome_De-izqda-a-derecha_Antonio-Jesus-Castro-Juan-de-Dios-Alche-y-Victor-Alche.1-800x600-1.jpg?ssl=1\"><img data-recalc-dims=\"1\" loading=\"lazy\" decoding=\"async\" class=\"alignnone wp-image-59774 size-full\" src=\"https:\/\/i0.wp.com\/miradordeatarfe.es\/wp-content\/uploads\/2023\/03\/Fundadores-Allergenome_De-izqda-a-derecha_Antonio-Jesus-Castro-Juan-de-Dios-Alche-y-Victor-Alche.1-800x600-1.jpg?resize=640%2C480&#038;ssl=1\" alt=\"\" width=\"640\" height=\"480\" srcset=\"https:\/\/i0.wp.com\/miradordeatarfe.es\/wp-content\/uploads\/2023\/03\/Fundadores-Allergenome_De-izqda-a-derecha_Antonio-Jesus-Castro-Juan-de-Dios-Alche-y-Victor-Alche.1-800x600-1.jpg?w=800&amp;ssl=1 800w, https:\/\/i0.wp.com\/miradordeatarfe.es\/wp-content\/uploads\/2023\/03\/Fundadores-Allergenome_De-izqda-a-derecha_Antonio-Jesus-Castro-Juan-de-Dios-Alche-y-Victor-Alche.1-800x600-1.jpg?resize=300%2C225&amp;ssl=1 300w, https:\/\/i0.wp.com\/miradordeatarfe.es\/wp-content\/uploads\/2023\/03\/Fundadores-Allergenome_De-izqda-a-derecha_Antonio-Jesus-Castro-Juan-de-Dios-Alche-y-Victor-Alche.1-800x600-1.jpg?resize=768%2C576&amp;ssl=1 768w\" sizes=\"auto, (max-width: 640px) 100vw, 640px\" \/><\/a><\/p>\n<p>Fundadores de \u2018Allergenome\u2019. De izquierda a derecha: Antonio Jesu\u0301s Castro, Juan de Dios Alche\u0301 y Vi\u0301ctor Alche\u0301.<\/p>\n<p>FOTO : FUNDACI\u00d3N DESCUBRE<\/p>\n","protected":false},"excerpt":{"rendered":"<p>V\u00edctor Alch\u00e9 Ram\u00edrez.\u00a0 Doctor en Medicina, y sobre todo, m\u00e9dico de familia. Aunque es un&#8230;<\/p>\n","protected":false},"author":1,"featured_media":59772,"comment_status":"closed","ping_status":"closed","sticky":false,"template":"","format":"standard","meta":{"_coblocks_attr":"","_coblocks_dimensions":"","_coblocks_responsive_height":"","_coblocks_accordion_ie_support":"","jetpack_post_was_ever_published":false,"_jetpack_newsletter_access":"","_jetpack_dont_email_post_to_subs":false,"_jetpack_newsletter_tier_id":0,"_jetpack_memberships_contains_paywalled_content":false,"_jetpack_memberships_contains_paid_content":false,"footnotes":"","jetpack_publicize_message":"","jetpack_publicize_feature_enabled":true,"jetpack_social_post_already_shared":false,"jetpack_social_options":{"image_generator_settings":{"template":"highway","default_image_id":0,"enabled":false},"version":2}},"categories":[2,187,9597,44,6539,15],"tags":[10108,10107],"class_list":["post-59771","post","type-post","status-publish","format-standard","has-post-thumbnail","hentry","category-atarfe","category-centros-educativos","category-cientificos-atarfenos","category-noticias-de-hoy","category-personajes-de-ataref","category-ultimas-noticias","tag-medicina-familiar","tag-victor-alche"],"jetpack_publicize_connections":[],"jetpack_featured_media_url":"https:\/\/i0.wp.com\/miradordeatarfe.es\/wp-content\/uploads\/2023\/03\/Imagen2.png?fit=275%2C230&ssl=1","jetpack_likes_enabled":true,"jetpack_sharing_enabled":true,"_links":{"self":[{"href":"https:\/\/miradordeatarfe.es\/index.php?rest_route=\/wp\/v2\/posts\/59771","targetHints":{"allow":["GET"]}}],"collection":[{"href":"https:\/\/miradordeatarfe.es\/index.php?rest_route=\/wp\/v2\/posts"}],"about":[{"href":"https:\/\/miradordeatarfe.es\/index.php?rest_route=\/wp\/v2\/types\/post"}],"author":[{"embeddable":true,"href":"https:\/\/miradordeatarfe.es\/index.php?rest_route=\/wp\/v2\/users\/1"}],"replies":[{"embeddable":true,"href":"https:\/\/miradordeatarfe.es\/index.php?rest_route=%2Fwp%2Fv2%2Fcomments&post=59771"}],"version-history":[{"count":2,"href":"https:\/\/miradordeatarfe.es\/index.php?rest_route=\/wp\/v2\/posts\/59771\/revisions"}],"predecessor-version":[{"id":59775,"href":"https:\/\/miradordeatarfe.es\/index.php?rest_route=\/wp\/v2\/posts\/59771\/revisions\/59775"}],"wp:featuredmedia":[{"embeddable":true,"href":"https:\/\/miradordeatarfe.es\/index.php?rest_route=\/wp\/v2\/media\/59772"}],"wp:attachment":[{"href":"https:\/\/miradordeatarfe.es\/index.php?rest_route=%2Fwp%2Fv2%2Fmedia&parent=59771"}],"wp:term":[{"taxonomy":"category","embeddable":true,"href":"https:\/\/miradordeatarfe.es\/index.php?rest_route=%2Fwp%2Fv2%2Fcategories&post=59771"},{"taxonomy":"post_tag","embeddable":true,"href":"https:\/\/miradordeatarfe.es\/index.php?rest_route=%2Fwp%2Fv2%2Ftags&post=59771"}],"curies":[{"name":"wp","href":"https:\/\/api.w.org\/{rel}","templated":true}]}}