{"id":59861,"date":"2023-03-15T11:00:29","date_gmt":"2023-03-15T10:00:29","guid":{"rendered":"https:\/\/miradordeatarfe.es\/?p=59861"},"modified":"2023-03-15T09:28:25","modified_gmt":"2023-03-15T08:28:25","slug":"golfos-y-puteros-por-juan-de-dios-villanueva-roa","status":"publish","type":"post","link":"https:\/\/miradordeatarfe.es\/?p=59861","title":{"rendered":"\u00abGolfos y puteros\u00bb por  Juan de Dios Villanueva Roa"},"content":{"rendered":"<h3 style=\"text-align: justify;\">Pues eso, que en plena cuaresma nos pilla, uno pensar\u00eda que desprevenidos, el asunto este del tito Berni y del pap\u00e1.Y alucina en blanco y negro.<\/h3>\n<p style=\"text-align: justify;\">\u00a0 Es brutal que sigan pasando estas cosas de siglos pasados. Son de todos los tiempos, en el XXII tambi\u00e9n ocurrir\u00e1n, aunque seguramente ni usted ni yo estaremos ya para verlas.<\/p>\n<p style=\"text-align: justify;\">Antes de elaborar unas listas, incluso la del Mercadona, habr\u00eda que pasar test de capacidad, situar la l\u00ednea en unos m\u00ednimos m\u00ednimamente altos. No puede ser que de cuando en cuando se cuelen estos bribones que tanto da\u00f1o hacen a la Democracia y a sus propios compa\u00f1eros que se est\u00e1n dejando la piel en su trabajo, porque creen en una funci\u00f3n p\u00fablica que luego estos algarrobos sinverg\u00fcenzas echan por tierra en cajas de zapatos, rid\u00edculos pantalones cortos, mordidas que se quedan a la postre en <em>paluegos<\/em>\u00a0y estancias sexuales que vienen a compensar deficiencias carnales de toda la vida.<\/p>\n<p style=\"text-align: justify;\">No solo en el PSOE, tampoco solo (hoy sin tilde) en el PP, que ah\u00ed est\u00e1 metido con su l\u00edder canario y con su diarreico extreme\u00f1o. A poco que se escarbe salen estos golfos glotones, puteros y caraduras por todas las esquinas.<\/p>\n<p style=\"text-align: justify;\">Pero cuidado, no son todos los que al servicio p\u00fablico se dedican como algunos interesados pregonan, son esa mancha que echa por tierra la labor de una inmensa mayor\u00eda que est\u00e1n horas y horas trabajando por el bien p\u00fablico. En este caso se deber\u00eda decir que viven en todos las plazas, pero en absoluto que todos los que est\u00e1n lo son. Control seguimiento, evaluaci\u00f3n, eso est\u00e1 faltando desde el primer d\u00eda en el sistema interno de los partidos, de todos<\/p>\n","protected":false},"excerpt":{"rendered":"<p>Pues eso, que en plena cuaresma nos pilla, uno pensar\u00eda que desprevenidos, el asunto este&#8230;<\/p>\n","protected":false},"author":1,"featured_media":59862,"comment_status":"closed","ping_status":"closed","sticky":false,"template":"","format":"standard","meta":{"_coblocks_attr":"","_coblocks_dimensions":"","_coblocks_responsive_height":"","_coblocks_accordion_ie_support":"","jetpack_post_was_ever_published":false,"_jetpack_newsletter_access":"","_jetpack_dont_email_post_to_subs":false,"_jetpack_newsletter_tier_id":0,"_jetpack_memberships_contains_paywalled_content":false,"_jetpack_memberships_contains_paid_content":false,"footnotes":"","jetpack_publicize_message":"","jetpack_publicize_feature_enabled":true,"jetpack_social_post_already_shared":false,"jetpack_social_options":{"image_generator_settings":{"template":"highway","default_image_id":0,"enabled":false},"version":2}},"categories":[1161,9772,44,7671,15],"tags":[10129,66,1384,10128],"class_list":["post-59861","post","type-post","status-publish","format-standard","has-post-thumbnail","hentry","category-ciudadania","category-opinion-de-juan-de-dios-villanueva","category-noticias-de-hoy","category-politica","category-ultimas-noticias","tag-entramados","tag-fraude","tag-guardia-civil","tag-tito-berni"],"jetpack_publicize_connections":[],"jetpack_featured_media_url":"https:\/\/i0.wp.com\/miradordeatarfe.es\/wp-content\/uploads\/2023\/03\/combo-tito-kUv-U190791139270np-624x385%40RC.jpg?fit=624%2C385&ssl=1","jetpack_likes_enabled":true,"jetpack_sharing_enabled":true,"_links":{"self":[{"href":"https:\/\/miradordeatarfe.es\/index.php?rest_route=\/wp\/v2\/posts\/59861","targetHints":{"allow":["GET"]}}],"collection":[{"href":"https:\/\/miradordeatarfe.es\/index.php?rest_route=\/wp\/v2\/posts"}],"about":[{"href":"https:\/\/miradordeatarfe.es\/index.php?rest_route=\/wp\/v2\/types\/post"}],"author":[{"embeddable":true,"href":"https:\/\/miradordeatarfe.es\/index.php?rest_route=\/wp\/v2\/users\/1"}],"replies":[{"embeddable":true,"href":"https:\/\/miradordeatarfe.es\/index.php?rest_route=%2Fwp%2Fv2%2Fcomments&post=59861"}],"version-history":[{"count":1,"href":"https:\/\/miradordeatarfe.es\/index.php?rest_route=\/wp\/v2\/posts\/59861\/revisions"}],"predecessor-version":[{"id":59863,"href":"https:\/\/miradordeatarfe.es\/index.php?rest_route=\/wp\/v2\/posts\/59861\/revisions\/59863"}],"wp:featuredmedia":[{"embeddable":true,"href":"https:\/\/miradordeatarfe.es\/index.php?rest_route=\/wp\/v2\/media\/59862"}],"wp:attachment":[{"href":"https:\/\/miradordeatarfe.es\/index.php?rest_route=%2Fwp%2Fv2%2Fmedia&parent=59861"}],"wp:term":[{"taxonomy":"category","embeddable":true,"href":"https:\/\/miradordeatarfe.es\/index.php?rest_route=%2Fwp%2Fv2%2Fcategories&post=59861"},{"taxonomy":"post_tag","embeddable":true,"href":"https:\/\/miradordeatarfe.es\/index.php?rest_route=%2Fwp%2Fv2%2Ftags&post=59861"}],"curies":[{"name":"wp","href":"https:\/\/api.w.org\/{rel}","templated":true}]}}