{"id":59902,"date":"2023-03-15T11:32:42","date_gmt":"2023-03-15T10:32:42","guid":{"rendered":"https:\/\/miradordeatarfe.es\/?p=59902"},"modified":"2023-10-21T19:52:16","modified_gmt":"2023-10-21T17:52:16","slug":"la-diputacion-trabaja-en-la-conservacion-del-yacimiento-de-medina-elvira-en-atarfe","status":"publish","type":"post","link":"https:\/\/miradordeatarfe.es\/?p=59902","title":{"rendered":"ATARFE: La Diputaci\u00f3n trabaja en la conservaci\u00f3n del yacimiento de Medina Elvira, en Atarfe"},"content":{"rendered":"<header class=\"pg-head\">\n<h3 style=\"text-align: justify;\">La instituci\u00f3n act\u00faa en el marco del Programa Provincial de Conservaci\u00f3n y Uso del Patrimonio Arqueol\u00f3gico y Paleontol\u00f3gico<\/h3>\n<\/header>\n<div class=\"pg-body\">\n<div class=\"mce-body \">\n<p class=\"mce\" style=\"text-align: justify;\">La Diputaci\u00f3n de Granada trabaja en la excavaci\u00f3n y conservaci\u00f3n del yacimiento de Medina Elvira, en el municipio de Atarfe, en el marco del Programa de Conservaci\u00f3n y Uso del Patrimonio Arqueol\u00f3gico y Paleontol\u00f3gico Rural.<\/p>\n<p class=\"mce\" style=\"text-align: justify;\">La inversi\u00f3n asciende a 28.314 euros, de los que 20.000 corresponden a la subvenci\u00f3n de la Diputaci\u00f3n de Granada, y el resto los aporta el Ayuntamiento de Atarfe, seg\u00fan ha precisado este domingo la instituci\u00f3n provincial en una nota.<\/p>\n<p class=\"mce\" style=\"text-align: justify;\">El diputado de Obras P\u00fablicas y Vivienda, Jos\u00e9 Mar\u00eda Villegas, y el alcalde de Atarfe, Pedro Mart\u00ednez, han visitado la zona y han explicado que el yacimiento (Madinat Ilbira) es un espacio de \u00abgran importancia hist\u00f3rica y patrimonial a todos los niveles, conocido y reconocido desde el siglo XIX\u00bb.<\/p>\n<p class=\"mce\" style=\"text-align: justify;\">Destaca por su pasado de \u00e9poca romana y posterior, especialmente en \u00e9poca altomedieval isl\u00e1mica, cuando fue la capital de la Kura de Ilbira, coincidiendo con el Emirato y el Califato Omeya, hasta que fue abandonada en el siglo XI a favor de la fundaci\u00f3n de la ciudad de Granada.<\/p>\n<p class=\"mce\" style=\"text-align: justify;\">En los \u00faltimos a\u00f1os se han desarrollado muchas intervenciones arqueol\u00f3gicas y un proyecto de investigaci\u00f3n denominado &#8216;Madinat Ilbira como predecesora de Granada&#8217;, si bien son pocos los restos visibles de la antigua ciudad, por lo que el \u00abreto\u00bb que se ha planteado el Ayuntamiento con el apoyo de los investigadores de la Universidad de Granada y de la Diputaci\u00f3n a trav\u00e9s del Programa de Conservaci\u00f3n y Uso del Patrimonio Arqueol\u00f3gico y Paleontol\u00f3gico es \u00abponer en valor las evidencias hist\u00f3ricas de este n\u00facleo urbano para su conocimiento y disfrute por la ciudadan\u00eda, y para contribuir a la promoci\u00f3n del municipio\u00bb, ha apuntado Villegas.<\/p>\n<p class=\"mce\" style=\"text-align: justify;\">La actuaci\u00f3n se centra en continuar con sondeos y cortes arqueol\u00f3gicos en un punto en los que una prospecci\u00f3n geof\u00edsica indicaba la existencia de importantes estructuras de alg\u00fan edificio de car\u00e1cter p\u00fablico que pudieran corresponder con una mezquita u otra construcci\u00f3n.<\/p>\n<p class=\"mce\" style=\"text-align: justify;\">Seg\u00fan ha avanzado Villegas, los restos que se encuentren formar\u00e1n parte del parque arqueol\u00f3gico para la visita a la ciudad antigua. Adem\u00e1s, el Ayuntamiento ha solicitado acogerse a una nueva convocatoria del programa provincial de conservaci\u00f3n para continuar con el proyecto.<\/p>\n<h2><small><\/small><small class=\"author\">R.L. <\/small><\/h2>\n<p>FOTO: La Diputaci\u00f3n trabaja en la conservaci\u00f3n del yacimiento de Medina Elvira, en Atarfe <wbr \/><\/p>\n<p>https:\/\/www.granadahoy.com\/provincia\/Diputacion-conservacion-Medina-Elvira-Atarfe_0_1774022979.html?utm_source=whatsapp.com&#038;utm_medium=socialshare&#038;utm_campaign=mobile_web<\/p>\n<\/div>\n<\/div>\n","protected":false},"excerpt":{"rendered":"<p>La instituci\u00f3n act\u00faa en el marco del Programa Provincial de Conservaci\u00f3n y Uso del Patrimonio&#8230;<\/p>\n","protected":false},"author":1,"featured_media":59903,"comment_status":"closed","ping_status":"closed","sticky":false,"template":"","format":"standard","meta":{"_coblocks_attr":"","_coblocks_dimensions":"","_coblocks_responsive_height":"","_coblocks_accordion_ie_support":"","jetpack_post_was_ever_published":false,"_jetpack_newsletter_access":"","_jetpack_dont_email_post_to_subs":false,"_jetpack_newsletter_tier_id":0,"_jetpack_memberships_contains_paywalled_content":false,"_jetpack_memberships_contains_paid_content":false,"footnotes":"","jetpack_publicize_message":"","jetpack_publicize_feature_enabled":true,"jetpack_social_post_already_shared":false,"jetpack_social_options":{"image_generator_settings":{"template":"highway","default_image_id":0,"enabled":false},"version":2}},"categories":[12,5359,10431],"tags":[3814,3363,79],"class_list":["post-59902","post","type-post","status-publish","format-standard","has-post-thumbnail","hentry","category-cultura","category-madinat-ilbira","category-medina-elvira-2","tag-diputacion-provincial","tag-madinat-ilvira","tag-medina-elvira"],"jetpack_publicize_connections":[],"jetpack_featured_media_url":"https:\/\/i0.wp.com\/miradordeatarfe.es\/wp-content\/uploads\/2023\/03\/Diputacion-conservacion-Medina-Elvira-Atarfe_1774032765_179000909_667x375.jpg?fit=667%2C375&ssl=1","jetpack_likes_enabled":true,"jetpack_sharing_enabled":true,"_links":{"self":[{"href":"https:\/\/miradordeatarfe.es\/index.php?rest_route=\/wp\/v2\/posts\/59902","targetHints":{"allow":["GET"]}}],"collection":[{"href":"https:\/\/miradordeatarfe.es\/index.php?rest_route=\/wp\/v2\/posts"}],"about":[{"href":"https:\/\/miradordeatarfe.es\/index.php?rest_route=\/wp\/v2\/types\/post"}],"author":[{"embeddable":true,"href":"https:\/\/miradordeatarfe.es\/index.php?rest_route=\/wp\/v2\/users\/1"}],"replies":[{"embeddable":true,"href":"https:\/\/miradordeatarfe.es\/index.php?rest_route=%2Fwp%2Fv2%2Fcomments&post=59902"}],"version-history":[{"count":2,"href":"https:\/\/miradordeatarfe.es\/index.php?rest_route=\/wp\/v2\/posts\/59902\/revisions"}],"predecessor-version":[{"id":59911,"href":"https:\/\/miradordeatarfe.es\/index.php?rest_route=\/wp\/v2\/posts\/59902\/revisions\/59911"}],"wp:featuredmedia":[{"embeddable":true,"href":"https:\/\/miradordeatarfe.es\/index.php?rest_route=\/wp\/v2\/media\/59903"}],"wp:attachment":[{"href":"https:\/\/miradordeatarfe.es\/index.php?rest_route=%2Fwp%2Fv2%2Fmedia&parent=59902"}],"wp:term":[{"taxonomy":"category","embeddable":true,"href":"https:\/\/miradordeatarfe.es\/index.php?rest_route=%2Fwp%2Fv2%2Fcategories&post=59902"},{"taxonomy":"post_tag","embeddable":true,"href":"https:\/\/miradordeatarfe.es\/index.php?rest_route=%2Fwp%2Fv2%2Ftags&post=59902"}],"curies":[{"name":"wp","href":"https:\/\/api.w.org\/{rel}","templated":true}]}}