{"id":5991,"date":"2016-01-14T09:00:46","date_gmt":"2016-01-14T09:00:46","guid":{"rendered":"http:\/\/miradordeatarfe.es\/?p=5991"},"modified":"2016-01-14T10:23:52","modified_gmt":"2016-01-14T10:23:52","slug":"caparacena-celebra-el-fin-de-semana-sus-fiestas-de-san-anton","status":"publish","type":"post","link":"https:\/\/miradordeatarfe.es\/?p=5991","title":{"rendered":"Caparacena celebra el fin de semana sus fiestas de San Ant\u00f3n"},"content":{"rendered":"<p><span class=\"contenidos_titulo\"><br \/>\n<\/span><span class=\"contenidos_subtitulo\">Un amplio programa de actividades dirigido a ni\u00f1os y mayores se pondr\u00e1 en marcha a partir del viernes 15 y se prolongar\u00e1 hasta el domingo 17, d\u00eda de la procesi\u00f3n por las calles de la pedan\u00eda.<br \/>\n<\/span><br \/>\n<!--more--><\/p>\n<p><strong>Caparacena <\/strong>celebra este fin de semana, del 15 al 17 de enero, las<strong> fiestas de San Ant\u00f3n<\/strong> con un programa de actividades completo y variado (consulta el PDF al final del art\u00edculo) para el disfrute de ni\u00f1os y mayores. Un buen momento para dejar a un lado las preocupaciones y compartir un rato agradable\u00a0en buena compa\u00f1\u00eda.<\/p>\n<p>Este a\u00f1o el preg\u00f3n de las fiestas tendr\u00e1 lugar el viernes 15, a las 20 horas, y correr\u00e1 a cargo de <strong>Mar\u00eda del Carmen Flores Mart\u00edn<\/strong>. A continuaci\u00f3n se rendir\u00e1 un homenaje a los mayores en la Casa de la Cultura, se llevar\u00e1 a cabo la cena de convivencia con los vecinos y se desarrollar\u00e1 la tradicional verbena popular.<\/p>\n<p>El s\u00e1bado 16, tras el repique de campanas y disparos de cohetes a primera hora de la ma\u00f1ana, se pondr\u00e1 en marcha el programa de actividades, muchas de ellas dirigidas a los m\u00e1s peque\u00f1os. Destacamos tambi\u00e9n la degustaci\u00f3n de aceites, queso y bacalao, la cata de vino y corte de jam\u00f3n, y la primera muestra de comidas populares. Concursos, exhibiciones y la tradicional verbena popular cierran la programaci\u00f3n del s\u00e1bado.<\/p>\n<p>El domingo 17 presenta una intensa actividad pero sobresale la organizaci\u00f3n de<strong> una gran paella popular en la Plaza de la Iglesia<\/strong> y la posterior solemne misa, a la que le seguir\u00e1 la procesi\u00f3n en honor del patr\u00f3n San Ant\u00f3n con el acompa\u00f1amiento de la Banda Municipal de M\u00fasica Ciudad Atarfe. El concierto de pasodobles, la entrega de premios y la verbena posterior pondr\u00e1 fin a unas fiestas populares muy queridas por todos los vecinos de Atarfe.<\/p>\n<p>En el saluda que se incluye en el programa de fiestas, <strong>el equipo de gobierno de Atarfe que preside el alcalde Francisco Rodr\u00edguez Quesada<\/strong> ha fecilitado a los vecinos por sus fiestas, adem\u00e1s de reconocer la \u00abdif\u00edcil y desinteresada\u00bb labor que realiza\u00a0 Tambi\u00e9n informa a los vecinos que la delicada situaci\u00f3n del Ayuntamiento, con una deuda muy elevada, ha obligado a reducir este a\u00f1o la aportaci\u00f3n econ\u00f3mica a las fiestas, una dif\u00edcil pero obligada decisi\u00f3n que se espera suplir \u00abcon la colaboraci\u00f3n de todos para recuperar el sentido originario de las fiestas\u00bb.<\/p>\n<p>\u00abDurante el resto del a\u00f1o seguiremos intentando afrontar vuestras peticiones y necesidades de forma progresiva\u00bb, subraya el equipo de gobierno, al tiempo que desea unas felices fiestas.<\/p>\n<p>En el siguiente archivo en formato PDF puedes consultar todas las actividades de la programaci\u00f3n de las fiestas de Caparacena y los horarios:<\/p>\n<p>&nbsp;<\/p>\n<div class=\"contenedor_contenidos_extra\">FICHEROS ADJUNTOS<\/p>\n<p><img data-recalc-dims=\"1\" decoding=\"async\" src=\"https:\/\/i0.wp.com\/www.ciudadatarfe.com\/imagenes\/pdf_fondogris.jpg?w=640\" alt=\"\" align=\"absmiddle\" border=\"0\" \/><img data-recalc-dims=\"1\" loading=\"lazy\" decoding=\"async\" src=\"https:\/\/i0.wp.com\/www.ciudadatarfe.com\/imagenes\/espacio.gif?resize=8%2C18\" alt=\"\" width=\"8\" height=\"18\" align=\"absmiddle\" border=\"0\" \/><a class=\"contenidos_extra_enlacesinteres_txt\" href=\"http:\/\/www.ciudadatarfe.com\/data\/ficherosadjuntos_contenidosweb\/contenidos_1466_1063_20160113131340.pdf\" target=\"_blank\">Programa de fiestas de Caparacena 2016<\/a><span class=\"contenidos_extra_enlacesinteres_url\"> [378,33 Kb] <\/span><br \/>\n<img data-recalc-dims=\"1\" loading=\"lazy\" decoding=\"async\" src=\"https:\/\/i0.wp.com\/www.ciudadatarfe.com\/imagenes\/espacio.gif?resize=1%2C5\" alt=\"\" width=\"1\" height=\"5\" border=\"0\" \/><\/div>\n","protected":false},"excerpt":{"rendered":"<p>Un amplio programa de actividades dirigido a ni\u00f1os y mayores se pondr\u00e1 en marcha a&#8230;<\/p>\n","protected":false},"author":1,"featured_media":5992,"comment_status":"closed","ping_status":"closed","sticky":false,"template":"","format":"standard","meta":{"_coblocks_attr":"","_coblocks_dimensions":"","_coblocks_responsive_height":"","_coblocks_accordion_ie_support":"","jetpack_post_was_ever_published":false,"_jetpack_newsletter_access":"","_jetpack_dont_email_post_to_subs":false,"_jetpack_newsletter_tier_id":0,"_jetpack_memberships_contains_paywalled_content":false,"_jetpack_memberships_contains_paid_content":false,"footnotes":"","jetpack_publicize_message":"","jetpack_publicize_feature_enabled":true,"jetpack_social_post_already_shared":false,"jetpack_social_options":{"image_generator_settings":{"template":"highway","default_image_id":0,"enabled":false},"version":2}},"categories":[2,1161,186,44,15],"tags":[81,864,2021,1333],"class_list":["post-5991","post","type-post","status-publish","format-standard","has-post-thumbnail","hentry","category-atarfe","category-ciudadania","category-instituciones","category-noticias-de-hoy","category-ultimas-noticias","tag-atarfe","tag-ayuntamiento","tag-capareca","tag-fiestas"],"jetpack_publicize_connections":[],"jetpack_featured_media_url":"https:\/\/i0.wp.com\/miradordeatarfe.es\/wp-content\/uploads\/2016\/01\/1466_1790_20160113134135.jpg?fit=442%2C295&ssl=1","jetpack_likes_enabled":true,"jetpack_sharing_enabled":true,"_links":{"self":[{"href":"https:\/\/miradordeatarfe.es\/index.php?rest_route=\/wp\/v2\/posts\/5991","targetHints":{"allow":["GET"]}}],"collection":[{"href":"https:\/\/miradordeatarfe.es\/index.php?rest_route=\/wp\/v2\/posts"}],"about":[{"href":"https:\/\/miradordeatarfe.es\/index.php?rest_route=\/wp\/v2\/types\/post"}],"author":[{"embeddable":true,"href":"https:\/\/miradordeatarfe.es\/index.php?rest_route=\/wp\/v2\/users\/1"}],"replies":[{"embeddable":true,"href":"https:\/\/miradordeatarfe.es\/index.php?rest_route=%2Fwp%2Fv2%2Fcomments&post=5991"}],"version-history":[{"count":1,"href":"https:\/\/miradordeatarfe.es\/index.php?rest_route=\/wp\/v2\/posts\/5991\/revisions"}],"predecessor-version":[{"id":5993,"href":"https:\/\/miradordeatarfe.es\/index.php?rest_route=\/wp\/v2\/posts\/5991\/revisions\/5993"}],"wp:featuredmedia":[{"embeddable":true,"href":"https:\/\/miradordeatarfe.es\/index.php?rest_route=\/wp\/v2\/media\/5992"}],"wp:attachment":[{"href":"https:\/\/miradordeatarfe.es\/index.php?rest_route=%2Fwp%2Fv2%2Fmedia&parent=5991"}],"wp:term":[{"taxonomy":"category","embeddable":true,"href":"https:\/\/miradordeatarfe.es\/index.php?rest_route=%2Fwp%2Fv2%2Fcategories&post=5991"},{"taxonomy":"post_tag","embeddable":true,"href":"https:\/\/miradordeatarfe.es\/index.php?rest_route=%2Fwp%2Fv2%2Ftags&post=5991"}],"curies":[{"name":"wp","href":"https:\/\/api.w.org\/{rel}","templated":true}]}}