{"id":59978,"date":"2023-03-17T11:00:55","date_gmt":"2023-03-17T10:00:55","guid":{"rendered":"https:\/\/miradordeatarfe.es\/?p=59978"},"modified":"2023-03-17T11:20:48","modified_gmt":"2023-03-17T10:20:48","slug":"la-atarfena-carolina-peula-premiada-por-su-meritos","status":"publish","type":"post","link":"https:\/\/miradordeatarfe.es\/?p=59978","title":{"rendered":"LA ATARFE\u00d1A CAROLINA P\u00c9ULA PREMIADA POR SU M\u00c9RITOS"},"content":{"rendered":"<div class=\"\" dir=\"auto\">\n<div id=\"jsc_c_n9\" class=\"x1iorvi4 x1pi30zi x1swvt13 x1l90r2v\" data-ad-comet-preview=\"message\" data-ad-preview=\"message\">\n<div class=\"x78zum5 xdt5ytf xz62fqu x16ldp7u\">\n<div class=\"xu06os2 x1ok221b\">\n<div class=\"x11i5rnm xat24cr x1mh8g0r x1vvkbs xdj266r x126k92a\">\n<h3 dir=\"auto\" style=\"text-align: justify;\">De nuevo una atarfe\u00f1a en el \u00e1mbito deportivo nos representa con excelencia.<\/h3>\n<div dir=\"auto\" style=\"text-align: justify;\"><strong>CAROLINA PEULA<\/strong>\u00a0 nuestra vecina, fue premiada en Sevilla\u00a0 \u00abpor sus extraordinarios m\u00e9ritos en la alta competici\u00f3n representando los m\u00e1s elevados valores del movimiento ol\u00edmpico\u00bb.<\/div>\n<div dir=\"auto\" style=\"text-align: justify;\">\n<p>Atarfe se enorgullece de tener a una campeona deportiva en sus filas! <strong>Carolina P\u00e9ula ha sido premiada en Sevilla por sus extraordinarios m\u00e9ritos en la alta competici\u00f3n , representando los valores m\u00e1s elevados del movimiento ol\u00edmpico<\/strong>. Carolina, una atarfe\u00f1a nacida y criada en Atarfe , ha logrado un gran \u00e9xito en el mundo del deporte gracias a su arduo trabajo y dedicaci\u00f3n.<\/p>\n<div class=\"block block-layout-builder block-field-blocknodenoticiafield-noticia-texto-completo\">\n<div class=\"content\">\n<div class=\"clearfix text-formatted field field--name-field-noticia-texto-completo field--type-text-long field--label-hidden field__item\">\n<p><a href=\"https:\/\/i0.wp.com\/miradordeatarfe.es\/wp-content\/uploads\/2023\/03\/335874950_1702828946805727_850522486394015525_n.jpg?ssl=1\"><img data-recalc-dims=\"1\" loading=\"lazy\" decoding=\"async\" class=\"alignnone wp-image-59979 size-full\" src=\"https:\/\/i0.wp.com\/miradordeatarfe.es\/wp-content\/uploads\/2023\/03\/335874950_1702828946805727_850522486394015525_n.jpg?resize=526%2C789&#038;ssl=1\" alt=\"\" width=\"526\" height=\"789\" srcset=\"https:\/\/i0.wp.com\/miradordeatarfe.es\/wp-content\/uploads\/2023\/03\/335874950_1702828946805727_850522486394015525_n.jpg?w=526&amp;ssl=1 526w, https:\/\/i0.wp.com\/miradordeatarfe.es\/wp-content\/uploads\/2023\/03\/335874950_1702828946805727_850522486394015525_n.jpg?resize=200%2C300&amp;ssl=1 200w\" sizes=\"auto, (max-width: 526px) 100vw, 526px\" \/><\/a><\/p>\n<\/div>\n<\/div>\n<\/div>\n<p>El premio de Carolina no es una casualidad, sino el resultado de a\u00f1os de entrenamiento y esfuerzo en su disciplina. Esta atarfe\u00f1a tiene grandes posibilidades de representar a Espa\u00f1a en futuras Olimpiadas, lo que ser\u00eda un orgullo no solo para su ciudad natal, sino para todo el pa\u00eds.<\/p>\n<p>El<strong> Club Atletismo y Monta\u00f1a de Atarfe<\/strong> tambi\u00e9n merece un reconocimiento por su papel en el desarrollo de la carrera deportiva de Carolina. Su compromiso y apoyo han sido fundamentales para ayudar a la joven deportista a alcanzar su m\u00e1ximo potencial<\/p>\n<p>\u00a0<a href=\"https:\/\/i0.wp.com\/miradordeatarfe.es\/wp-content\/uploads\/2023\/03\/ATLETISMO.jpg?ssl=1\"><img data-recalc-dims=\"1\" loading=\"lazy\" decoding=\"async\" class=\"alignnone wp-image-59984 size-full\" src=\"https:\/\/i0.wp.com\/miradordeatarfe.es\/wp-content\/uploads\/2023\/03\/ATLETISMO.jpg?resize=640%2C360&#038;ssl=1\" alt=\"\" width=\"640\" height=\"360\" srcset=\"https:\/\/i0.wp.com\/miradordeatarfe.es\/wp-content\/uploads\/2023\/03\/ATLETISMO.jpg?w=960&amp;ssl=1 960w, https:\/\/i0.wp.com\/miradordeatarfe.es\/wp-content\/uploads\/2023\/03\/ATLETISMO.jpg?resize=300%2C169&amp;ssl=1 300w, https:\/\/i0.wp.com\/miradordeatarfe.es\/wp-content\/uploads\/2023\/03\/ATLETISMO.jpg?resize=768%2C432&amp;ssl=1 768w\" sizes=\"auto, (max-width: 640px) 100vw, 640px\" \/><\/a><\/p>\n<p>Los vecinos\/as de Atarfe nos sentimos orgullosos de contar con una representante tan excepcional en el mundo del deporte. <strong>\u00a1Muchas Felicidades, Carolina!<\/strong><\/p>\n<div dir=\"auto\">Como ha rese\u00f1ado el Ayuntamiento en su facebook : <em>\u00abEsto no es fruto de la casualidad, s\u00ed no del un trabajo y esfuerzo. Caro sigue as\u00ed y a ver si podemos verte representando a Espa\u00f1a en unas olimpiadas.\u00bb<\/em><\/div>\n<div dir=\"auto\">\u00a0<\/div>\n<div dir=\"auto\"><a href=\"https:\/\/i0.wp.com\/miradordeatarfe.es\/wp-content\/uploads\/2023\/03\/336013895_1165770894141807_5896882405509533363_n.jpg?ssl=1\"><img data-recalc-dims=\"1\" loading=\"lazy\" decoding=\"async\" class=\"alignnone wp-image-59981 size-full\" src=\"https:\/\/i0.wp.com\/miradordeatarfe.es\/wp-content\/uploads\/2023\/03\/336013895_1165770894141807_5896882405509533363_n.jpg?resize=600%2C338&#038;ssl=1\" alt=\"\" width=\"600\" height=\"338\" srcset=\"https:\/\/i0.wp.com\/miradordeatarfe.es\/wp-content\/uploads\/2023\/03\/336013895_1165770894141807_5896882405509533363_n.jpg?w=600&amp;ssl=1 600w, https:\/\/i0.wp.com\/miradordeatarfe.es\/wp-content\/uploads\/2023\/03\/336013895_1165770894141807_5896882405509533363_n.jpg?resize=300%2C169&amp;ssl=1 300w\" sizes=\"auto, (max-width: 600px) 100vw, 600px\" \/><\/a><\/div>\n<p>El acto ha tenido lugar en el auditorio de CaixaForum Sevilla y ha contado, adem\u00e1s, con la presencia del secretario general para el Deporte, Jos\u00e9 Mar\u00eda Arrabal; las directoras generales de Sistemas y Valores del Deporte y Eventos e Instalaciones Deportivas, Mar\u00eda de Nova e Isabel S\u00e1nchez, respectivamente; la delegada territorial de Turismo, Cultura y Deporte en Sevilla, Minerva Salas; y representantes de las empresas patronas de la Fundaci\u00f3n (Fundaci\u00f3n Cruzcampo, Fundaci\u00f3n Cajasol, Coca-Cola Europacific Partners y ONCE), socios institucionales como el Ayuntamiento de Dos Hermanas y ayuntamientos colaboradores como los de La Rinconada y Torredelcampo, y federaciones deportivas andaluzas<\/p>\n<\/div>\n<div dir=\"auto\" style=\"text-align: justify;\"><a href=\"https:\/\/i0.wp.com\/miradordeatarfe.es\/wp-content\/uploads\/2023\/03\/150323d_0.jpg?ssl=1\"><img data-recalc-dims=\"1\" loading=\"lazy\" decoding=\"async\" class=\"alignnone wp-image-59980 size-full\" src=\"https:\/\/i0.wp.com\/miradordeatarfe.es\/wp-content\/uploads\/2023\/03\/150323d_0.jpg?resize=640%2C426&#038;ssl=1\" alt=\"\" width=\"640\" height=\"426\" srcset=\"https:\/\/i0.wp.com\/miradordeatarfe.es\/wp-content\/uploads\/2023\/03\/150323d_0.jpg?w=1024&amp;ssl=1 1024w, https:\/\/i0.wp.com\/miradordeatarfe.es\/wp-content\/uploads\/2023\/03\/150323d_0.jpg?resize=300%2C200&amp;ssl=1 300w, https:\/\/i0.wp.com\/miradordeatarfe.es\/wp-content\/uploads\/2023\/03\/150323d_0.jpg?resize=768%2C512&amp;ssl=1 768w\" sizes=\"auto, (max-width: 640px) 100vw, 640px\" \/><\/a><\/div>\n<div dir=\"auto\" style=\"text-align: justify;\">\u00a0<\/div>\n<div dir=\"auto\" style=\"text-align: justify;\">ATARFE SE SIENTE ORGULLOSA DE SUS REPRESENTANTES.<\/div>\n<div dir=\"auto\" style=\"text-align: justify;\">\u00a0<\/div>\n<div dir=\"auto\" style=\"text-align: justify;\">\u00a0<\/div>\n<div dir=\"auto\" style=\"text-align: justify;\">\u00a0<\/div>\n<div dir=\"auto\" style=\"text-align: justify;\">\u00a0<\/div>\n<\/div>\n<\/div>\n<\/div>\n<\/div>\n<\/div>\n","protected":false},"excerpt":{"rendered":"<p>De nuevo una atarfe\u00f1a en el \u00e1mbito deportivo nos representa con excelencia. CAROLINA PEULA\u00a0 nuestra&#8230;<\/p>\n","protected":false},"author":1,"featured_media":59982,"comment_status":"closed","ping_status":"closed","sticky":false,"template":"","format":"standard","meta":{"_coblocks_attr":"","_coblocks_dimensions":"","_coblocks_responsive_height":"","_coblocks_accordion_ie_support":"","jetpack_post_was_ever_published":false,"_jetpack_newsletter_access":"","_jetpack_dont_email_post_to_subs":false,"_jetpack_newsletter_tier_id":0,"_jetpack_memberships_contains_paywalled_content":false,"_jetpack_memberships_contains_paid_content":false,"footnotes":"","jetpack_publicize_message":"","jetpack_publicize_feature_enabled":true,"jetpack_social_post_already_shared":false,"jetpack_social_options":{"image_generator_settings":{"template":"highway","default_image_id":0,"enabled":false},"version":2}},"categories":[2,1161,182,44,6539,15],"tags":[81,7007,10152],"class_list":["post-59978","post","type-post","status-publish","format-standard","has-post-thumbnail","hentry","category-atarfe","category-ciudadania","category-deportes","category-noticias-de-hoy","category-personajes-de-ataref","category-ultimas-noticias","tag-atarfe","tag-carolina-peula","tag-club-de-atletismo-y-montana"],"jetpack_publicize_connections":[],"jetpack_featured_media_url":"https:\/\/i0.wp.com\/miradordeatarfe.es\/wp-content\/uploads\/2023\/03\/caro.png?fit=671%2C565&ssl=1","jetpack_likes_enabled":true,"jetpack_sharing_enabled":true,"_links":{"self":[{"href":"https:\/\/miradordeatarfe.es\/index.php?rest_route=\/wp\/v2\/posts\/59978","targetHints":{"allow":["GET"]}}],"collection":[{"href":"https:\/\/miradordeatarfe.es\/index.php?rest_route=\/wp\/v2\/posts"}],"about":[{"href":"https:\/\/miradordeatarfe.es\/index.php?rest_route=\/wp\/v2\/types\/post"}],"author":[{"embeddable":true,"href":"https:\/\/miradordeatarfe.es\/index.php?rest_route=\/wp\/v2\/users\/1"}],"replies":[{"embeddable":true,"href":"https:\/\/miradordeatarfe.es\/index.php?rest_route=%2Fwp%2Fv2%2Fcomments&post=59978"}],"version-history":[{"count":2,"href":"https:\/\/miradordeatarfe.es\/index.php?rest_route=\/wp\/v2\/posts\/59978\/revisions"}],"predecessor-version":[{"id":59985,"href":"https:\/\/miradordeatarfe.es\/index.php?rest_route=\/wp\/v2\/posts\/59978\/revisions\/59985"}],"wp:featuredmedia":[{"embeddable":true,"href":"https:\/\/miradordeatarfe.es\/index.php?rest_route=\/wp\/v2\/media\/59982"}],"wp:attachment":[{"href":"https:\/\/miradordeatarfe.es\/index.php?rest_route=%2Fwp%2Fv2%2Fmedia&parent=59978"}],"wp:term":[{"taxonomy":"category","embeddable":true,"href":"https:\/\/miradordeatarfe.es\/index.php?rest_route=%2Fwp%2Fv2%2Fcategories&post=59978"},{"taxonomy":"post_tag","embeddable":true,"href":"https:\/\/miradordeatarfe.es\/index.php?rest_route=%2Fwp%2Fv2%2Ftags&post=59978"}],"curies":[{"name":"wp","href":"https:\/\/api.w.org\/{rel}","templated":true}]}}