{"id":59987,"date":"2023-03-19T10:30:02","date_gmt":"2023-03-19T09:30:02","guid":{"rendered":"https:\/\/miradordeatarfe.es\/?p=59987"},"modified":"2023-03-19T18:41:04","modified_gmt":"2023-03-19T17:41:04","slug":"atarfe-revitalizar-el-centro-del-municipio-por-jose-enrique-granados","status":"publish","type":"post","link":"https:\/\/miradordeatarfe.es\/?p=59987","title":{"rendered":"\u00abATARFE REVITALIZAR EL CENTRO DEL MUNICIPIO\u00bb por  Jos\u00e9 Enrique Granados"},"content":{"rendered":"<div class=\"\" dir=\"auto\">\n<div id=\"jsc_c_149\" class=\"x1iorvi4 x1pi30zi x1swvt13 x1l90r2v\" data-ad-comet-preview=\"message\" data-ad-preview=\"message\">\n<div class=\"x78zum5 xdt5ytf xz62fqu x16ldp7u\">\n<div class=\"xu06os2 x1ok221b\">\n<div class=\"x11i5rnm xat24cr x1mh8g0r x1vvkbs xdj266r x126k92a\">\n<h3 dir=\"auto\" style=\"text-align: justify;\">La calle Real que es la m\u00e1s grande de aquella villa y, como si dij\u00e9remos, la columna vertebral que sirve a las otras de engaste y punto de partida estaba materialmente cubierta de jinetes franceses y de caballos. (Bail\u00e9n; Benito P\u00e9rez Gald\u00f3s)<\/h3>\n<\/div>\n<div class=\"x11i5rnm xat24cr x1mh8g0r x1vvkbs xtlvy1s x126k92a\" style=\"text-align: justify;\">\n<div dir=\"auto\">No son jinetes franceses y caballos como apuntaba el novelista grancanario en sus Episodios Nacionales. Es la gente que en masa acudi\u00f3 a celebrar las fiestas carnestolendas el pasado 19 de febrero. Semanas m\u00e1s tardes, como consecuencia de la celebraci\u00f3n del Mercado Medieval, la gente se volvi\u00f3 a echar a la calle y abarrot\u00f3 nuestra calle Real, llen\u00e1ndola de vida y alegr\u00eda.<\/div>\n<\/div>\n<div class=\"x11i5rnm xat24cr x1mh8g0r x1vvkbs xtlvy1s x126k92a\" style=\"text-align: justify;\">\n<div dir=\"auto\">\u00a0<\/div>\n<div dir=\"auto\">Hago esta reflexi\u00f3n invitando a un debate moderado y tranquilo en el que se analice la importancia de restringir el tr\u00e1fico en esta calle para poder celebrar actividades musicales, deportivas o culturales. Y ahora que se acercan las elecciones municipales, ser\u00eda importante que en los programas electorales de los partidos concurrentes se plantearan entre otras cosas, <strong>un plan director que revitalice el centro de nuestro pueblo, incluyendo el fomento del comercio, la peatonalizaci\u00f3n de la calle Real al menos los festivos y fines de semana, la recuperaci\u00f3n de espacios urbanos perdidos para la ciudadan\u00eda, homogeneizaci\u00f3n del mobiliario urbano, luminosos, terrazas y veladores, entre otras cosas.<\/strong><\/div>\n<div dir=\"auto\">\u00a0<\/div>\n<\/div>\n<div class=\"x11i5rnm xat24cr x1mh8g0r x1vvkbs xtlvy1s x126k92a\" style=\"text-align: justify;\">\n<div dir=\"auto\">Nuestra identidad lleva impl\u00edcita la vida en la calle; hag\u00e1mosla realidad. Abracemos la calle y como Luis Eduardo Aute dec\u00eda del mar, la calle nos est\u00e1 esperando, a poco tiempo del sue\u00f1o, s\u00f3lo es cuesti\u00f3n de unos pasos, esos que reprime el miedo; vayamos pues, a abrazarlo, como un amante que vuelve, de un tiempo que nos robaron, ese que nos pertenece.<\/div>\n<\/div>\n<div class=\"x11i5rnm xat24cr x1mh8g0r x1vvkbs xtlvy1s x126k92a\" style=\"text-align: justify;\">\n<div dir=\"auto\">Octavio Ruano, uso de tus fant\u00e1sticas fotograf\u00edas, esta que como dice el refranero: \u201cuna imagen vale m\u00e1s que mil palabras.<\/div>\n<\/div>\n<div class=\"x11i5rnm xat24cr x1mh8g0r x1vvkbs xtlvy1s x126k92a\">\n<div dir=\"auto\" style=\"text-align: justify;\">\u00a0<\/div>\n<div dir=\"auto\"><strong>Gacetilla y curiosidades elvirenses.<\/strong><\/div>\n<\/div>\n<\/div>\n<\/div>\n<div dir=\"auto\">\u00a0<\/div>\n<div class=\"x78zum5 xdt5ytf xz62fqu x16ldp7u\">\n<div class=\"xu06os2 x1ok221b\">\n<div class=\"x11i5rnm xat24cr x1mh8g0r x1vvkbs xtlvy1s x126k92a\">\n<div dir=\"auto\">\u00a0<\/div>\n<\/div>\n<\/div>\n<\/div>\n<div dir=\"auto\">\n<div class=\"tiled-gallery type-rectangular tiled-gallery-unresized\" data-original-width=\"640\" data-carousel-extra='null' itemscope itemtype=\"http:\/\/schema.org\/ImageGallery\" > <div class=\"gallery-row\" style=\"width: 640px; height: 425px;\" data-original-width=\"640\" data-original-height=\"425\" > <div class=\"gallery-group images-1\" style=\"width: 320px; height: 425px;\" data-original-width=\"320\" data-original-height=\"425\" > <div class=\"tiled-gallery-item tiled-gallery-item-large\" itemprop=\"associatedMedia\" itemscope itemtype=\"http:\/\/schema.org\/ImageObject\"> <a href=\"https:\/\/miradordeatarfe.es\/?attachment_id=59990\" border=\"0\" itemprop=\"url\"> <meta itemprop=\"width\" content=\"316\"> <meta itemprop=\"height\" content=\"421\"> <img decoding=\"async\" class=\"\" data-attachment-id=\"59990\" data-orig-file=\"https:\/\/miradordeatarfe.es\/wp-content\/uploads\/2023\/03\/1679049031131-scaled.jpg\" data-orig-size=\"1920,2560\" data-comments-opened=\"\" data-image-meta=\"{&quot;aperture&quot;:&quot;0&quot;,&quot;credit&quot;:&quot;&quot;,&quot;camera&quot;:&quot;--&quot;,&quot;caption&quot;:&quot;&quot;,&quot;created_timestamp&quot;:&quot;1677938968&quot;,&quot;copyright&quot;:&quot;&quot;,&quot;focal_length&quot;:&quot;0&quot;,&quot;iso&quot;:&quot;0&quot;,&quot;shutter_speed&quot;:&quot;1&quot;,&quot;title&quot;:&quot;&quot;,&quot;orientation&quot;:&quot;0&quot;}\" data-image-title=\"1679049031131\" data-image-description=\"\" data-medium-file=\"https:\/\/i0.wp.com\/miradordeatarfe.es\/wp-content\/uploads\/2023\/03\/1679049031131-scaled.jpg?fit=225%2C300&#038;ssl=1\" data-large-file=\"https:\/\/i0.wp.com\/miradordeatarfe.es\/wp-content\/uploads\/2023\/03\/1679049031131-scaled.jpg?fit=640%2C853&#038;ssl=1\" src=\"https:\/\/i0.wp.com\/miradordeatarfe.es\/wp-content\/uploads\/2023\/03\/1679049031131-scaled.jpg?w=316&#038;h=421&#038;ssl=1\" srcset=\"https:\/\/i0.wp.com\/miradordeatarfe.es\/wp-content\/uploads\/2023\/03\/1679049031131-scaled.jpg?w=1920&amp;ssl=1 1920w, https:\/\/i0.wp.com\/miradordeatarfe.es\/wp-content\/uploads\/2023\/03\/1679049031131-scaled.jpg?resize=225%2C300&amp;ssl=1 225w, https:\/\/i0.wp.com\/miradordeatarfe.es\/wp-content\/uploads\/2023\/03\/1679049031131-scaled.jpg?resize=768%2C1024&amp;ssl=1 768w, https:\/\/i0.wp.com\/miradordeatarfe.es\/wp-content\/uploads\/2023\/03\/1679049031131-scaled.jpg?resize=1152%2C1536&amp;ssl=1 1152w, https:\/\/i0.wp.com\/miradordeatarfe.es\/wp-content\/uploads\/2023\/03\/1679049031131-scaled.jpg?resize=1536%2C2048&amp;ssl=1 1536w, https:\/\/i0.wp.com\/miradordeatarfe.es\/wp-content\/uploads\/2023\/03\/1679049031131-scaled.jpg?resize=1320%2C1760&amp;ssl=1 1320w\" width=\"316\" height=\"421\" loading=\"lazy\" data-original-width=\"316\" data-original-height=\"421\" itemprop=\"http:\/\/schema.org\/image\" title=\"1679049031131\" alt=\"1679049031131\" style=\"width: 316px; height: 421px;\" \/> <\/a> <\/div> <\/div> <!-- close group --> <div class=\"gallery-group images-1\" style=\"width: 320px; height: 425px;\" data-original-width=\"320\" data-original-height=\"425\" > <div class=\"tiled-gallery-item tiled-gallery-item-large\" itemprop=\"associatedMedia\" itemscope itemtype=\"http:\/\/schema.org\/ImageObject\"> <a href=\"https:\/\/miradordeatarfe.es\/?attachment_id=59991\" border=\"0\" itemprop=\"url\"> <meta itemprop=\"width\" content=\"316\"> <meta itemprop=\"height\" content=\"421\"> <img decoding=\"async\" class=\"\" data-attachment-id=\"59991\" data-orig-file=\"https:\/\/miradordeatarfe.es\/wp-content\/uploads\/2023\/03\/1679049031146-scaled.jpg\" data-orig-size=\"1920,2560\" data-comments-opened=\"\" data-image-meta=\"{&quot;aperture&quot;:&quot;0&quot;,&quot;credit&quot;:&quot;&quot;,&quot;camera&quot;:&quot;--&quot;,&quot;caption&quot;:&quot;&quot;,&quot;created_timestamp&quot;:&quot;1677938938&quot;,&quot;copyright&quot;:&quot;&quot;,&quot;focal_length&quot;:&quot;0&quot;,&quot;iso&quot;:&quot;0&quot;,&quot;shutter_speed&quot;:&quot;1&quot;,&quot;title&quot;:&quot;&quot;,&quot;orientation&quot;:&quot;0&quot;}\" data-image-title=\"1679049031146\" data-image-description=\"\" data-medium-file=\"https:\/\/i0.wp.com\/miradordeatarfe.es\/wp-content\/uploads\/2023\/03\/1679049031146-scaled.jpg?fit=225%2C300&#038;ssl=1\" data-large-file=\"https:\/\/i0.wp.com\/miradordeatarfe.es\/wp-content\/uploads\/2023\/03\/1679049031146-scaled.jpg?fit=640%2C853&#038;ssl=1\" src=\"https:\/\/i0.wp.com\/miradordeatarfe.es\/wp-content\/uploads\/2023\/03\/1679049031146-scaled.jpg?w=316&#038;h=421&#038;ssl=1\" srcset=\"https:\/\/i0.wp.com\/miradordeatarfe.es\/wp-content\/uploads\/2023\/03\/1679049031146-scaled.jpg?w=1920&amp;ssl=1 1920w, https:\/\/i0.wp.com\/miradordeatarfe.es\/wp-content\/uploads\/2023\/03\/1679049031146-scaled.jpg?resize=225%2C300&amp;ssl=1 225w, https:\/\/i0.wp.com\/miradordeatarfe.es\/wp-content\/uploads\/2023\/03\/1679049031146-scaled.jpg?resize=768%2C1024&amp;ssl=1 768w, https:\/\/i0.wp.com\/miradordeatarfe.es\/wp-content\/uploads\/2023\/03\/1679049031146-scaled.jpg?resize=1152%2C1536&amp;ssl=1 1152w, https:\/\/i0.wp.com\/miradordeatarfe.es\/wp-content\/uploads\/2023\/03\/1679049031146-scaled.jpg?resize=1536%2C2048&amp;ssl=1 1536w, https:\/\/i0.wp.com\/miradordeatarfe.es\/wp-content\/uploads\/2023\/03\/1679049031146-scaled.jpg?resize=1320%2C1760&amp;ssl=1 1320w\" width=\"316\" height=\"421\" loading=\"lazy\" data-original-width=\"316\" data-original-height=\"421\" itemprop=\"http:\/\/schema.org\/image\" title=\"1679049031146\" alt=\"1679049031146\" style=\"width: 316px; height: 421px;\" \/> <\/a> <\/div> <\/div> <!-- close group --> <\/div> <!-- close row --> <div class=\"gallery-row\" style=\"width: 640px; height: 481px;\" data-original-width=\"640\" data-original-height=\"481\" > <div class=\"gallery-group images-1\" style=\"width: 640px; height: 481px;\" data-original-width=\"640\" data-original-height=\"481\" > <div class=\"tiled-gallery-item tiled-gallery-item-large\" itemprop=\"associatedMedia\" itemscope itemtype=\"http:\/\/schema.org\/ImageObject\"> <a href=\"https:\/\/miradordeatarfe.es\/?attachment_id=59992\" border=\"0\" itemprop=\"url\"> <meta itemprop=\"width\" content=\"636\"> <meta itemprop=\"height\" content=\"477\"> <img decoding=\"async\" class=\"\" data-attachment-id=\"59992\" data-orig-file=\"https:\/\/miradordeatarfe.es\/wp-content\/uploads\/2023\/03\/1679049031158-scaled.jpg\" data-orig-size=\"2560,1920\" data-comments-opened=\"\" data-image-meta=\"{&quot;aperture&quot;:&quot;0&quot;,&quot;credit&quot;:&quot;&quot;,&quot;camera&quot;:&quot;--&quot;,&quot;caption&quot;:&quot;&quot;,&quot;created_timestamp&quot;:&quot;1677938929&quot;,&quot;copyright&quot;:&quot;&quot;,&quot;focal_length&quot;:&quot;0&quot;,&quot;iso&quot;:&quot;0&quot;,&quot;shutter_speed&quot;:&quot;1&quot;,&quot;title&quot;:&quot;&quot;,&quot;orientation&quot;:&quot;1&quot;}\" data-image-title=\"1679049031158\" data-image-description=\"\" data-medium-file=\"https:\/\/i0.wp.com\/miradordeatarfe.es\/wp-content\/uploads\/2023\/03\/1679049031158-scaled.jpg?fit=300%2C225&#038;ssl=1\" data-large-file=\"https:\/\/i0.wp.com\/miradordeatarfe.es\/wp-content\/uploads\/2023\/03\/1679049031158-scaled.jpg?fit=640%2C480&#038;ssl=1\" src=\"https:\/\/i0.wp.com\/miradordeatarfe.es\/wp-content\/uploads\/2023\/03\/1679049031158-scaled.jpg?w=636&#038;h=477&#038;ssl=1\" srcset=\"https:\/\/i0.wp.com\/miradordeatarfe.es\/wp-content\/uploads\/2023\/03\/1679049031158-scaled.jpg?w=2560&amp;ssl=1 2560w, https:\/\/i0.wp.com\/miradordeatarfe.es\/wp-content\/uploads\/2023\/03\/1679049031158-scaled.jpg?resize=300%2C225&amp;ssl=1 300w, https:\/\/i0.wp.com\/miradordeatarfe.es\/wp-content\/uploads\/2023\/03\/1679049031158-scaled.jpg?resize=1024%2C768&amp;ssl=1 1024w, https:\/\/i0.wp.com\/miradordeatarfe.es\/wp-content\/uploads\/2023\/03\/1679049031158-scaled.jpg?resize=768%2C576&amp;ssl=1 768w, https:\/\/i0.wp.com\/miradordeatarfe.es\/wp-content\/uploads\/2023\/03\/1679049031158-scaled.jpg?resize=1536%2C1152&amp;ssl=1 1536w, https:\/\/i0.wp.com\/miradordeatarfe.es\/wp-content\/uploads\/2023\/03\/1679049031158-scaled.jpg?resize=2048%2C1536&amp;ssl=1 2048w, https:\/\/i0.wp.com\/miradordeatarfe.es\/wp-content\/uploads\/2023\/03\/1679049031158-scaled.jpg?resize=1320%2C990&amp;ssl=1 1320w, https:\/\/i0.wp.com\/miradordeatarfe.es\/wp-content\/uploads\/2023\/03\/1679049031158-scaled.jpg?w=1920&amp;ssl=1 1920w\" width=\"636\" height=\"477\" loading=\"lazy\" data-original-width=\"636\" data-original-height=\"477\" itemprop=\"http:\/\/schema.org\/image\" title=\"1679049031158\" alt=\"1679049031158\" style=\"width: 636px; height: 477px;\" \/> <\/a> <\/div> <\/div> <!-- close group --> <\/div> <!-- close row --> <\/div>\n<\/div>\n<\/div>\n<\/div>\n","protected":false},"excerpt":{"rendered":"<p>La calle Real que es la m\u00e1s grande de aquella villa y, como si dij\u00e9remos,&#8230;<\/p>\n","protected":false},"author":1,"featured_media":59989,"comment_status":"closed","ping_status":"closed","sticky":false,"template":"","format":"standard","meta":{"_coblocks_attr":"","_coblocks_dimensions":"","_coblocks_responsive_height":"","_coblocks_accordion_ie_support":"","jetpack_post_was_ever_published":false,"_jetpack_newsletter_access":"","_jetpack_dont_email_post_to_subs":false,"_jetpack_newsletter_tier_id":0,"_jetpack_memberships_contains_paywalled_content":false,"_jetpack_memberships_contains_paid_content":false,"footnotes":"","jetpack_publicize_message":"","jetpack_publicize_feature_enabled":true,"jetpack_social_post_already_shared":false,"jetpack_social_options":{"image_generator_settings":{"template":"highway","default_image_id":0,"enabled":false},"version":2}},"categories":[2,7725,6916,1161,186,38,44,15],"tags":[1467,10153,5570],"class_list":["post-59987","post","type-post","status-publish","format-standard","has-post-thumbnail","hentry","category-atarfe","category-atarfe-sostenible","category-ayuntamiento-de-atarfe","category-ciudadania","category-instituciones","category-opinion-de-jose-enrique-granados","category-noticias-de-hoy","category-ultimas-noticias","tag-actividades","tag-centro-de-atarfe","tag-mercadillo"],"jetpack_publicize_connections":[],"jetpack_featured_media_url":"https:\/\/i0.wp.com\/miradordeatarfe.es\/wp-content\/uploads\/2023\/03\/333977376_3379122549022391_8221466482987389021_n-1.jpg?fit=810%2C540&ssl=1","jetpack_likes_enabled":true,"jetpack_sharing_enabled":true,"_links":{"self":[{"href":"https:\/\/miradordeatarfe.es\/index.php?rest_route=\/wp\/v2\/posts\/59987","targetHints":{"allow":["GET"]}}],"collection":[{"href":"https:\/\/miradordeatarfe.es\/index.php?rest_route=\/wp\/v2\/posts"}],"about":[{"href":"https:\/\/miradordeatarfe.es\/index.php?rest_route=\/wp\/v2\/types\/post"}],"author":[{"embeddable":true,"href":"https:\/\/miradordeatarfe.es\/index.php?rest_route=\/wp\/v2\/users\/1"}],"replies":[{"embeddable":true,"href":"https:\/\/miradordeatarfe.es\/index.php?rest_route=%2Fwp%2Fv2%2Fcomments&post=59987"}],"version-history":[{"count":2,"href":"https:\/\/miradordeatarfe.es\/index.php?rest_route=\/wp\/v2\/posts\/59987\/revisions"}],"predecessor-version":[{"id":59994,"href":"https:\/\/miradordeatarfe.es\/index.php?rest_route=\/wp\/v2\/posts\/59987\/revisions\/59994"}],"wp:featuredmedia":[{"embeddable":true,"href":"https:\/\/miradordeatarfe.es\/index.php?rest_route=\/wp\/v2\/media\/59989"}],"wp:attachment":[{"href":"https:\/\/miradordeatarfe.es\/index.php?rest_route=%2Fwp%2Fv2%2Fmedia&parent=59987"}],"wp:term":[{"taxonomy":"category","embeddable":true,"href":"https:\/\/miradordeatarfe.es\/index.php?rest_route=%2Fwp%2Fv2%2Fcategories&post=59987"},{"taxonomy":"post_tag","embeddable":true,"href":"https:\/\/miradordeatarfe.es\/index.php?rest_route=%2Fwp%2Fv2%2Ftags&post=59987"}],"curies":[{"name":"wp","href":"https:\/\/api.w.org\/{rel}","templated":true}]}}