{"id":6009,"date":"2016-01-17T09:45:58","date_gmt":"2016-01-17T09:45:58","guid":{"rendered":"http:\/\/miradordeatarfe.es\/?p=6009"},"modified":"2016-01-17T10:50:40","modified_gmt":"2016-01-17T10:50:40","slug":"la-justicia-europea-pide-estimar-los-casos-individuales-de-clausulas-suelo","status":"publish","type":"post","link":"https:\/\/miradordeatarfe.es\/?p=6009","title":{"rendered":"La justicia europea pide estimar los casos individuales de cl\u00e1usulas suelo"},"content":{"rendered":"<div class=\"encabezado \">\n<div class=\"hgroup\">\n<div id=\"subtitulo_noticia\">\n<p>El abogado general del Tribunal de Justicia de la UE cree que las causas colectivas no anulan el derecho individual a reclamar<\/p>\n<\/div>\n<\/div>\n<\/div>\n<p><!--more--><\/p>\n<div class=\"columna_texto\">\n<div id=\"cuerpo_noticia\" class=\"cuerpo_noticia\">\n<p style=\"text-align: justify;\">Europa da un nuevo espaldarazo a los consumidores espa\u00f1oles en la pugna por las cl\u00e1usulas suelo de la banca. El Tribunal Europeo de Justicia es partidario de estimar \u2013y juzgar por separado- las reclamaciones individuales relativas a esta exigencia en los pr\u00e9stamos hipotecarios aunque exista una causa colectiva pendiente de resoluci\u00f3n. Esa es la opini\u00f3n del abogado general del tribunal, divulgada esta ma\u00f1ana. Aunque habr\u00e1 que esperar a la sentencia definitiva, este organismo suele ratificar en un 80% las opiniones del abogado.<\/p>\n<p style=\"text-align: justify;\">El caso se origin\u00f3 a ra\u00edz de una pregunta de un juzgado de Barcelona, donde se presentaron dos acciones individuales que ped\u00edan la nulidad de las cl\u00e1usulas suelo que aplicaron dos cajas (Caixabank y Catalunya Caixa) por considerarlas abusivas. Los bancos pidieron la suspensi\u00f3n de esos procedimientos porque existe uno colectivo presentado por la asociaci\u00f3n de usuarios de banca Adicae en Madrid que a\u00fan no se ha resuelto. El juez de Barcelona elev\u00f3 la cuesti\u00f3n al tribunal europeo para que dictaminara sobre la legalidad de esa demanda.<\/p>\n<p style=\"text-align: justify;\">Tras examinarlo, el abogado general, el polaco Maciej Szpunar, cree que entre las reclamaciones individuales y las colectivas \u201cexiste una relaci\u00f3n de complementariedad\u201d y, por tanto, no se puede invocar la causa general para anular las particulares. Recuerda, asimismo, que la directiva europea relativa a las cl\u00e1usulas abusivas obliga a los Estados a contemplar en su ordenamiento \u201ccon car\u00e1cter principal, acciones individuales\u201d y solo despu\u00e9s, \u201ccon car\u00e1cter complementario, acciones colectivas de cesaci\u00f3n, que no pueden sustituir a las acciones individuales ni obstaculizarlas\u201d.<\/p>\n<p style=\"text-align: justify;\">El abogado aclara tambi\u00e9n que la suspensi\u00f3n de una acci\u00f3n individual en caso de que exista otra colectiva no es obligatoria, sino que \u201ctiene car\u00e1cter facultativo\u201d y, en todo caso, el consumidor debe poder desvincularse de las decisiones aplicadas a la general y defender su caso por separado.<\/p>\n<p style=\"text-align: justify;\">Las instituciones europeas asestan as\u00ed otro golpe hacia una pr\u00e1ctica, la de fijar cl\u00e1usulas suelo abusivas a los pr\u00e9stamos hipotecarios, que ha dejado al menos a 15.000 personas afectadas, seg\u00fan las representadas en la causa abierta por Adicae. En octubre del a\u00f1o pasado, la Comisi\u00f3n Europea pidi\u00f3 en un informe anular la sentencia del Tribunal Supremo espa\u00f1ol que imped\u00eda a los afectados recuperar las cantidades abonadas de m\u00e1s desde el inicio del cr\u00e9dito. El tribunal espa\u00f1ol dictamin\u00f3 que la devoluci\u00f3n se produjera desde el momento cuando se dict\u00f3 la sentencia, en mayo de 2013.<\/p>\n<\/div>\n<\/div>\n","protected":false},"excerpt":{"rendered":"<p>El abogado general del Tribunal de Justicia de la UE cree que las causas colectivas&#8230;<\/p>\n","protected":false},"author":1,"featured_media":6011,"comment_status":"closed","ping_status":"closed","sticky":false,"template":"","format":"standard","meta":{"_coblocks_attr":"","_coblocks_dimensions":"","_coblocks_responsive_height":"","_coblocks_accordion_ie_support":"","jetpack_post_was_ever_published":false,"_jetpack_newsletter_access":"","_jetpack_dont_email_post_to_subs":false,"_jetpack_newsletter_tier_id":0,"_jetpack_memberships_contains_paywalled_content":false,"_jetpack_memberships_contains_paid_content":false,"footnotes":"","jetpack_publicize_message":"","jetpack_publicize_feature_enabled":true,"jetpack_social_post_already_shared":false,"jetpack_social_options":{"image_generator_settings":{"template":"highway","default_image_id":0,"enabled":false},"version":2}},"categories":[186,44,15],"tags":[752,1345,686,1053,292],"class_list":["post-6009","post","type-post","status-publish","format-standard","has-post-thumbnail","hentry","category-instituciones","category-noticias-de-hoy","category-ultimas-noticias","tag-clausulas-suelo","tag-consumidores","tag-desahucios","tag-europa","tag-justicia"],"jetpack_publicize_connections":[],"jetpack_featured_media_url":"https:\/\/i0.wp.com\/miradordeatarfe.es\/wp-content\/uploads\/2016\/01\/DESA.jpg?fit=560%2C300&ssl=1","jetpack_likes_enabled":true,"jetpack_sharing_enabled":true,"_links":{"self":[{"href":"https:\/\/miradordeatarfe.es\/index.php?rest_route=\/wp\/v2\/posts\/6009","targetHints":{"allow":["GET"]}}],"collection":[{"href":"https:\/\/miradordeatarfe.es\/index.php?rest_route=\/wp\/v2\/posts"}],"about":[{"href":"https:\/\/miradordeatarfe.es\/index.php?rest_route=\/wp\/v2\/types\/post"}],"author":[{"embeddable":true,"href":"https:\/\/miradordeatarfe.es\/index.php?rest_route=\/wp\/v2\/users\/1"}],"replies":[{"embeddable":true,"href":"https:\/\/miradordeatarfe.es\/index.php?rest_route=%2Fwp%2Fv2%2Fcomments&post=6009"}],"version-history":[{"count":1,"href":"https:\/\/miradordeatarfe.es\/index.php?rest_route=\/wp\/v2\/posts\/6009\/revisions"}],"predecessor-version":[{"id":6012,"href":"https:\/\/miradordeatarfe.es\/index.php?rest_route=\/wp\/v2\/posts\/6009\/revisions\/6012"}],"wp:featuredmedia":[{"embeddable":true,"href":"https:\/\/miradordeatarfe.es\/index.php?rest_route=\/wp\/v2\/media\/6011"}],"wp:attachment":[{"href":"https:\/\/miradordeatarfe.es\/index.php?rest_route=%2Fwp%2Fv2%2Fmedia&parent=6009"}],"wp:term":[{"taxonomy":"category","embeddable":true,"href":"https:\/\/miradordeatarfe.es\/index.php?rest_route=%2Fwp%2Fv2%2Fcategories&post=6009"},{"taxonomy":"post_tag","embeddable":true,"href":"https:\/\/miradordeatarfe.es\/index.php?rest_route=%2Fwp%2Fv2%2Ftags&post=6009"}],"curies":[{"name":"wp","href":"https:\/\/api.w.org\/{rel}","templated":true}]}}