{"id":6013,"date":"2016-01-17T10:22:00","date_gmt":"2016-01-17T10:22:00","guid":{"rendered":"http:\/\/miradordeatarfe.es\/?p=6013"},"modified":"2016-01-17T10:51:01","modified_gmt":"2016-01-17T10:51:01","slug":"el-hueco-por-juan-alfredo-bellon","status":"publish","type":"post","link":"https:\/\/miradordeatarfe.es\/?p=6013","title":{"rendered":"EL HUECO  Por Juan Alfredo Bell\u00f3n"},"content":{"rendered":"<p><span style=\"font-size: medium;\"><i><b>EL HUECO\u00a0 <\/b><\/i><b>Por Juan Alfredo Bell\u00f3n. Para\u00a0 EL MIRADOR DE ATARFE\u00a0 del domingo 17-01-2016<\/b><\/span><!--more--><\/p>\n<p style=\"text-align: justify;\">\n<p style=\"text-align: justify;\">\u00a0\u00a0\u00a0\u00a0\u00a0\u00a0\u00a0\u00a0\u00a0\u00a0\u00a0 <span style=\"font-size: medium;\">Andando como andamos hacia arriba, por la Cuesta de Enero y por la pendiente Constitucional, no nos queda otro remedio que la resignaci\u00f3n para remontarlas con la m\u00ednima solvencia: hemos de resignarnos para hacer frente a sendas cascadas paralelas, solo que al rev\u00e9s, la de las\u00a0 facturas navide\u00f1as y la de los se\u00f1alamientos del calendario sociopol\u00edtico constitucional, regional y nacional y, por si fuera poco, los del judicial. Tanto es as\u00ed que nos estamos volviendo <\/span><span style=\"font-size: medium;\"><i>culibajos <\/i><\/span><span style=\"font-size: medium;\">y se nos van aponer los gl\u00fateos y los b\u00edceps inferiores como morcones de Huelva por lo mucho\u00a0 hincar los talones en la pendiente, apretando el comp\u00e1s del paso, para ejercitar el arte de la remontada.<\/span><\/p>\n<p style=\"text-align: justify;\">\u00a0\u00a0\u00a0\u00a0\u00a0\u00a0\u00a0\u00a0\u00a0\u00a0\u00a0 <span style=\"font-size: medium;\">Es como nadar contra corriente en las cataratas de Ni\u00e1gara o en las de Iguaz\u00fa, sin lugar para el desaliento, eso s\u00ed, pero tampoco para\u00a0 la autocomplacencia, porque la mies es mucha, los operarios pocos y las adversidades infinitas e incontables: cuando no nos crecen los enanos se nos engurru\u00f1en los gigantes, se nos solidifica el vino y se nos lic\u00faa la fuerza de voluntad con la que hemos de hacer frente a las adversidades de este <\/span><span style=\"font-size: medium;\"><i>Laberinto de Fortuna <\/i><\/span><span style=\"font-size: medium;\">en que andamos inmersos mientras nos sube otra vez desaforadamente, no la bilirrubina sino la prima de riesgo, se empercude hasta lo impensable el conflicto catal\u00e1n, se embrolla en tierras Baleares la vista judicial del caso N\u00f3os, en las madrile\u00f1as el caso Arena y en las malague\u00f1as el de la recalificaci\u00f3n urban\u00edstica dolosa de los terrenos del chalet de Sean Conery, el mejor de los 007, que acab\u00f3 cayendo en las propias redes de la corrupci\u00f3n urban\u00edstica marbell\u00ed merced al <\/span><span style=\"font-size: medium;\"><i>talento <\/i><\/span><span style=\"font-size: medium;\">de Juan Antonio Roca y de un Juli\u00e1n Mu\u00f1oz muy demacrado y abandonado ya a su suerte por la Pantoja mientras que el actor escoc\u00e9s se ha sacudido la acci\u00f3n de la Justicia carg\u00e1ndosela a su pareja y consiguiendo para su causa nacionalista la realizaci\u00f3n de unas consulta independentista a la brit\u00e1nica, en cuya votaci\u00f3n ganaron todos demostrando no ser tan fiero el le\u00f3n del separatismo como lo pintaban ni tan mameluco el gobierno central como lo concibe nuestro Presidente espa\u00f1ol y su ministro del Interior, que solo piensa en la Guerra Civil y en la milicia y \u00ab<\/span><span style=\"font-size: medium;\"><i>Fuas y Cueros de Segrdad del Estao\u00bb [<\/i><\/span><span style=\"font-size: medium;\">dicho as\u00ed<\/span><span style=\"font-size: medium;\"><i>] <\/i><\/span><span style=\"font-size: medium;\">para contentar las ansias centralistas del franquismo redivivo. Como si en Escocia hubieran encerrado a toda su poblaci\u00f3n nacionalista en la Torre de Londres y la hubieran puesto a tocar lamentos l\u00edricos con las sus gaitas gallegas,\u00a0 de esas que le endulzaban el volunto nost\u00e1lgico a Fraga y ahora a Rajoy.\u00a0 <\/span><\/p>\n<p style=\"text-align: justify;\">\u00a0\u00a0\u00a0\u00a0\u00a0\u00a0\u00a0\u00a0\u00a0\u00a0\u00a0 <span style=\"font-size: medium;\">Y todo ello nos dibuja un panorama de agujero negro en la barriga, una sima insondable,\u00a0 un hueco fr\u00edo y doloroso cuya huella nos inmoviliza y entontece m\u00e1s de lo que ya lo est\u00e1bamos de por s\u00ed y de por nos, mientras pensamos en que Pachi L\u00f3pez, que tanto triunf\u00f3 en Euskadi como lendakari con el apoyo t\u00e1cito del PP, pueda pastorear a los diputados levantiscos y vencer por consunci\u00f3n a los almog\u00e1vares mediterr\u00e1neos contra los que hasta ahora nos ha ido tan bien tore\u00e1ndolos a la gallega, con la pol\u00edtica aznarista del palo y la zanahoria y de hablar catal\u00e1n en la intimidad. \u00ab\u00a1Arriba Espa\u00f1a y Catalu\u00f1a!\u00bb como dir\u00eda Dolores L\u00f3pez, la senadora y ex-alcaldesa de Valverde del Camino y secretaria General del PP andaluz, metiendo los botos hasta las ingles y alcanzando un\u00a0 record maestro de la estulticia pol\u00edtica y otro transparente de v\u00e9rsele los pinreles, el culo y las intenciones.\u00a0 \u00a1Arriba!<\/span><\/p>\n<p style=\"text-align: justify;\">\u00a0\u00a0\u00a0\u00a0\u00a0\u00a0\u00a0\u00a0\u00a0\u00a0\u00a0 <span style=\"font-size: medium;\">Y seg\u00fan van las cosas, no habr\u00e1 mejor marco que el de los ya inminentes Carnavales para definir, como en C\u00e1diz, la situaci\u00f3n nacional e internacional: <\/span><span style=\"font-size: medium;\"><i>\u00a1Chevichev, Chevichev! \/ Chevichev te quiero: \/ t\u00fa trajiste la ilusi\u00f3n \/ de la Copa de f\u00fatbol \/ a este C\u00e1diz pinturero<\/i><\/span><span style=\"font-size: medium;\">. Eso mismo les cantaremos a nuestros pol\u00edticos, jueces y fiscales m\u00e1s consecuentes con la filosof\u00eda del buen pactar (no \u00abpastar\u00bb, claro) desde Granada, cuna y sepultura de aquel Mart\u00ednez de la Rosa, hombre de pactos y de letras a quien se apodaba en esta su ciudad natal <\/span><span style=\"font-size: medium;\"><i>Rosita la Pastelera, <\/i><\/span><span style=\"font-size: medium;\">reflejando la cualidad de tener tan buena restauraci\u00f3n de dulces y confites en esta tierra que riegan Darro y Genil de cosuno, o sea de com\u00fan acuerdo.<\/span><\/p>\n<p style=\"text-align: justify;\">\u00a0\u00a0\u00a0\u00a0\u00a0\u00a0\u00a0\u00a0\u00a0\u00a0\u00a0 <span style=\"font-size: medium;\">Y si no, para ilustrar este hueco ancestral y su sonido, ah\u00ed est\u00e1 la teor\u00eda del ruido que pueden acabar haciendo las ondas gravitacionales que, para Einstein, reproducir\u00edan el ruido c\u00f3smico de la colisi\u00f3n entre dos agujeros negros: el de la doctrina de FAES y el de el cacumen esdr\u00fajulo de Rajoy, seg\u00fan tiene convenientemente explicado y predicho el Peque\u00f1o Nicol\u00e1s. <\/span><\/p>\n","protected":false},"excerpt":{"rendered":"<p>EL HUECO\u00a0 Por Juan Alfredo Bell\u00f3n. Para\u00a0 EL MIRADOR DE ATARFE\u00a0 del domingo 17-01-2016<\/p>\n","protected":false},"author":1,"featured_media":6014,"comment_status":"closed","ping_status":"closed","sticky":false,"template":"","format":"standard","meta":{"_coblocks_attr":"","_coblocks_dimensions":"","_coblocks_responsive_height":"","_coblocks_accordion_ie_support":"","jetpack_post_was_ever_published":false,"_jetpack_newsletter_access":"","_jetpack_dont_email_post_to_subs":false,"_jetpack_newsletter_tier_id":0,"_jetpack_memberships_contains_paywalled_content":false,"_jetpack_memberships_contains_paid_content":false,"footnotes":"","jetpack_publicize_message":"","jetpack_publicize_feature_enabled":true,"jetpack_social_post_already_shared":false,"jetpack_social_options":{"image_generator_settings":{"template":"highway","default_image_id":0,"enabled":false},"version":2}},"categories":[36,44,15],"tags":[2025,2024,2026,688],"class_list":["post-6013","post","type-post","status-publish","format-standard","has-post-thumbnail","hentry","category-opinion-de-juan-alfredo-bellon","category-noticias-de-hoy","category-ultimas-noticias","tag-constitucional","tag-enero","tag-juicios","tag-pactos"],"jetpack_publicize_connections":[],"jetpack_featured_media_url":"https:\/\/i0.wp.com\/miradordeatarfe.es\/wp-content\/uploads\/2016\/01\/%C3%ADndice.jpeg?fit=259%2C194&ssl=1","jetpack_likes_enabled":true,"jetpack_sharing_enabled":true,"_links":{"self":[{"href":"https:\/\/miradordeatarfe.es\/index.php?rest_route=\/wp\/v2\/posts\/6013","targetHints":{"allow":["GET"]}}],"collection":[{"href":"https:\/\/miradordeatarfe.es\/index.php?rest_route=\/wp\/v2\/posts"}],"about":[{"href":"https:\/\/miradordeatarfe.es\/index.php?rest_route=\/wp\/v2\/types\/post"}],"author":[{"embeddable":true,"href":"https:\/\/miradordeatarfe.es\/index.php?rest_route=\/wp\/v2\/users\/1"}],"replies":[{"embeddable":true,"href":"https:\/\/miradordeatarfe.es\/index.php?rest_route=%2Fwp%2Fv2%2Fcomments&post=6013"}],"version-history":[{"count":1,"href":"https:\/\/miradordeatarfe.es\/index.php?rest_route=\/wp\/v2\/posts\/6013\/revisions"}],"predecessor-version":[{"id":6015,"href":"https:\/\/miradordeatarfe.es\/index.php?rest_route=\/wp\/v2\/posts\/6013\/revisions\/6015"}],"wp:featuredmedia":[{"embeddable":true,"href":"https:\/\/miradordeatarfe.es\/index.php?rest_route=\/wp\/v2\/media\/6014"}],"wp:attachment":[{"href":"https:\/\/miradordeatarfe.es\/index.php?rest_route=%2Fwp%2Fv2%2Fmedia&parent=6013"}],"wp:term":[{"taxonomy":"category","embeddable":true,"href":"https:\/\/miradordeatarfe.es\/index.php?rest_route=%2Fwp%2Fv2%2Fcategories&post=6013"},{"taxonomy":"post_tag","embeddable":true,"href":"https:\/\/miradordeatarfe.es\/index.php?rest_route=%2Fwp%2Fv2%2Ftags&post=6013"}],"curies":[{"name":"wp","href":"https:\/\/api.w.org\/{rel}","templated":true}]}}