{"id":60153,"date":"2023-03-25T09:00:17","date_gmt":"2023-03-25T08:00:17","guid":{"rendered":"https:\/\/miradordeatarfe.es\/?p=60153"},"modified":"2023-03-23T16:49:20","modified_gmt":"2023-03-23T15:49:20","slug":"el-virgen-de-las-nieves-adapta-una-sala-de-espera-para-visitar-a-pacientes-uci-por-la-demanda-de-una-familia","status":"publish","type":"post","link":"https:\/\/miradordeatarfe.es\/?p=60153","title":{"rendered":"El Virgen de las Nieves adapta una sala de espera para visitar a pacientes UCI por la demanda de una familia"},"content":{"rendered":"<h3 class=\"v-a-sub-t\" style=\"text-align: justify;\">Los afectados, que llevan un mes con un allegado ingresado, hab\u00edan presentado hasta siete reclamaciones y una denuncia al juzgado<\/h3>\n<p class=\"v-p\" style=\"text-align: justify;\">El Hospital Universitario Virgen de las Nieves ha adecuado una sala de espera para los familiares de pacientes ingresados en la Unidad de Cuidados Intensivos (UCI). La decisi\u00f3n ha sido tomada a raiz de la presi\u00f3n ejercida por una familia de Alcal\u00e1 la Real (Ja\u00e9n), que hab\u00eda denunciado la falta de un espacio de este tipo, llegando a presentar hasta siete reclamaciones y una denuncia al juzgado.<\/p>\n<p class=\"v-p\" style=\"text-align: justify;\">El comit\u00e9 covid del hospital ha decidido en su \u00faltima reuni\u00f3n dar una soluci\u00f3n a esta problem\u00e1tica, ofreciendo una sala de espera para tal fin. Est\u00e1 situada en la planta baja del Hospital General y es provisional, ya que est\u00e1n trabajando en el dise\u00f1o \u00abde una m\u00e1s amplia y mejorada, que estar\u00e1 lista en unas semanas\u00bb.<\/p>\n<div class=\"v-c-cmp v-n-mrg\" style=\"text-align: justify;\">\n<h3 class=\"v-d-cmp-sub-hl\">Un alivio<\/h3>\n<\/div>\n<p class=\"v-p\" style=\"text-align: justify;\">La familia de Alcal\u00e1 la Real lleva casi un mes acudiendo a la UCI: van y vienen desde su pueblo a diario. Uno de los suyos est\u00e1 ingresado por una miopat\u00eda metab\u00f3lica, una dolencia que le causa problemas musculares e insuficiencia respiratoria y renal. Las visitas dentro de la UCI son de 13.00 a 13.45 horas, y de 20.00 a 20.45 horas. En esas m\u00e1s de seis horas entre entrada y entrada, los jienenses ten\u00edan que \u00abestar tirados en la calle\u00bb al no haber un lugar acondicionado, seg\u00fan denunciaron a IDEAL.<\/p>\n<p class=\"v-p\" style=\"text-align: justify;\">To\u00f1i Castillo, cu\u00f1ada del ingresado, hab\u00eda registrado hasta siete reclamaciones al hospital y una denuncia ante el juzgado. \u00abNos mandan a nuestra casa, a unos cincuenta kil\u00f3metros de Granada, y si no nos dicen que nos vayamos a la calle. Tenemos que estar con temperaturas bajo cero y lluvia, mis dos cu\u00f1adas han cogido una bronquiolitis\u00bb, se\u00f1al\u00f3 hace dos semanas. Ahora, tras la instalaci\u00f3n de la nueva UCI, su calidad de vida ha mejorado sustancialmente: \u00abDamos las gracias a los que nos han escuchado, porque ahora podemos estar dentro del hospital, sentados y sin pasar fr\u00edo\u00bb, concluye To\u00f1i. Ahora podr\u00e1n centrarse en lo realmente importante: estar unidos para acompa\u00f1ar a su familiar en estos duros momentos.<\/p>\n<p><strong><a href=\"https:\/\/www.ideal.es\/autor\/laura-velasco-1652.html\">Laura Velasco<\/a><\/strong><\/p>\n<article class=\"v-a v-a--d v-a--d-bs v-a--p-b\">\n<div class=\"v-a-img-c v-a-img-c--fw-xs\">\n<figure class=\"v-a-fig\"><figcaption class=\"v-fc\"><span class=\"v-fc__text\">FOTO: Sala de espera provisional para familiares de pacientes ingresados en la UCI.<\/span> <span class=\"v-fc__ath\">IDEAL<\/span><\/figcaption><\/figure>\n<\/div>\n<div class=\"v-a-info-c \">\n<p class=\"v-a-t\">https:\/\/www.ideal.es\/granada\/virgen-nieves-adapta-sala-espera-visitar-pacientes-20230322235818-nt.html<a class=\"v-mdl-ath__fig-link\" title=\"Laura Velasco\" href=\"https:\/\/www.ideal.es\/autor\/laura-velasco-1652.html\">\u00a0<\/a><\/p>\n<\/div>\n<\/article>\n<div class=\"v-d v-d--ab-c v-d--bs\">\n<div class=\"v-mdl-ath\" data-voc-component=\"viewport-not-visible\">\n<div class=\"v-mdl-ath__c v-mdl-ath__c--1\">\n<div class=\"v-mdl-ath__info\">\n<p class=\"v-mdl-ath__p v-mdl-ath__p--name\"><strong><a href=\"https:\/\/www.ideal.es\/autor\/laura-velasco-1652.html\">\u00a0 <\/a><\/strong><\/p>\n<\/div>\n<\/div>\n<\/div>\n<\/div>\n","protected":false},"excerpt":{"rendered":"<p>Los afectados, que llevan un mes con un allegado ingresado, hab\u00edan presentado hasta siete reclamaciones&#8230;<\/p>\n","protected":false},"author":1,"featured_media":60154,"comment_status":"closed","ping_status":"closed","sticky":false,"template":"","format":"standard","meta":{"_coblocks_attr":"","_coblocks_dimensions":"","_coblocks_responsive_height":"","_coblocks_accordion_ie_support":"","jetpack_post_was_ever_published":false,"_jetpack_newsletter_access":"","_jetpack_dont_email_post_to_subs":false,"_jetpack_newsletter_tier_id":0,"_jetpack_memberships_contains_paywalled_content":false,"_jetpack_memberships_contains_paid_content":false,"footnotes":"","jetpack_publicize_message":"","jetpack_publicize_feature_enabled":true,"jetpack_social_post_already_shared":false,"jetpack_social_options":{"image_generator_settings":{"template":"highway","default_image_id":0,"enabled":false},"version":2}},"categories":[1161,44,15,10],"tags":[1847,5676],"class_list":["post-60153","post","type-post","status-publish","format-standard","has-post-thumbnail","hentry","category-ciudadania","category-noticias-de-hoy","category-ultimas-noticias","category-salud","tag-uci","tag-virgen-de-las-nieves"],"jetpack_publicize_connections":[],"jetpack_featured_media_url":"https:\/\/i0.wp.com\/miradordeatarfe.es\/wp-content\/uploads\/2023\/03\/sala-espera-uci-758x531-1.jpg?fit=758%2C426&ssl=1","jetpack_likes_enabled":true,"jetpack_sharing_enabled":true,"_links":{"self":[{"href":"https:\/\/miradordeatarfe.es\/index.php?rest_route=\/wp\/v2\/posts\/60153","targetHints":{"allow":["GET"]}}],"collection":[{"href":"https:\/\/miradordeatarfe.es\/index.php?rest_route=\/wp\/v2\/posts"}],"about":[{"href":"https:\/\/miradordeatarfe.es\/index.php?rest_route=\/wp\/v2\/types\/post"}],"author":[{"embeddable":true,"href":"https:\/\/miradordeatarfe.es\/index.php?rest_route=\/wp\/v2\/users\/1"}],"replies":[{"embeddable":true,"href":"https:\/\/miradordeatarfe.es\/index.php?rest_route=%2Fwp%2Fv2%2Fcomments&post=60153"}],"version-history":[{"count":1,"href":"https:\/\/miradordeatarfe.es\/index.php?rest_route=\/wp\/v2\/posts\/60153\/revisions"}],"predecessor-version":[{"id":60155,"href":"https:\/\/miradordeatarfe.es\/index.php?rest_route=\/wp\/v2\/posts\/60153\/revisions\/60155"}],"wp:featuredmedia":[{"embeddable":true,"href":"https:\/\/miradordeatarfe.es\/index.php?rest_route=\/wp\/v2\/media\/60154"}],"wp:attachment":[{"href":"https:\/\/miradordeatarfe.es\/index.php?rest_route=%2Fwp%2Fv2%2Fmedia&parent=60153"}],"wp:term":[{"taxonomy":"category","embeddable":true,"href":"https:\/\/miradordeatarfe.es\/index.php?rest_route=%2Fwp%2Fv2%2Fcategories&post=60153"},{"taxonomy":"post_tag","embeddable":true,"href":"https:\/\/miradordeatarfe.es\/index.php?rest_route=%2Fwp%2Fv2%2Ftags&post=60153"}],"curies":[{"name":"wp","href":"https:\/\/api.w.org\/{rel}","templated":true}]}}