{"id":60164,"date":"2023-03-28T11:00:00","date_gmt":"2023-03-28T09:00:00","guid":{"rendered":"https:\/\/miradordeatarfe.es\/?p=60164"},"modified":"2023-04-20T11:52:33","modified_gmt":"2023-04-20T09:52:33","slug":"voto-telematico-y-ugr-por-juan-de-dios-villanueva-roa","status":"publish","type":"post","link":"https:\/\/miradordeatarfe.es\/?p=60164","title":{"rendered":"\u00abVOTO TELEM\u00c1TICO Y UGR\u00bb por Juan de Dios Villanueva Roa"},"content":{"rendered":"<h3 style=\"text-align: justify;\">Se aproximan elecciones en la universidad granadina. La Junta de Personal Docente y el Comit\u00e9 de Empresa, que representan a los miles de profesores y profesoras de la instituci\u00f3n e investigadores, ser\u00e1n elegidas a final de abril.<\/h3>\n<p style=\"text-align: justify;\">En mayo, tambi\u00e9n ser\u00e1 elegida la persona que ocupe el puesto en el rectorado tras los mandatos de Do\u00f1a Pilar Aranda. Estamos en el final del primer cuarto del siglo XXI, hablamos una universidad situada entre las cuatro primeras de Espa\u00f1a y las 300 del mundo (hay m\u00e1s de 17.000). Hablamos de una instituci\u00f3n con tres sedes<br \/>\nen dos continentes, la \u00fanica de Espa\u00f1a.<\/p>\n<p style=\"text-align: justify;\">Estos procesos electorales centrar\u00e1n gran parte de las sinergias del personal afectado y parece l\u00f3gico, parece, solo parece, que a la hora de votar se aplique la experiencia adquirida y acumulada durante los \u00faltimos a\u00f1os en lo referido al uso de voto telem\u00e1tico para elegir representantes sindicales y rector o rectora. Y esto por algunas<br \/>\nrazones.<\/p>\n<p style=\"text-align: justify;\">La primera, por coherencia, pues si se firman actas, se mantienen todo tipo de reuniones, se imparten clases\u2026, parece natural que se pueda votar tambi\u00e9n. Como natural lo es por la enorme cantidad de papel, tiempo y dinero que ahorrar\u00eda este proceso.<\/p>\n<p style=\"text-align: justify;\">Tiempo, que\u00a0 es lo que no tenga tal vez el profesorado que est\u00e9 fuera o que deba ir expresamente a las facultades a depositar un voto, acci\u00f3n que podr\u00eda desarrollar desde el mismo ordenador en el que trabaja para la instituci\u00f3n y para el alumnado y desde el que firma sus actas, elemento sagrado en el proceso educativo. Habr\u00eda que justificar muy bien una negativa a este voto en los tiempos en los que estamos y presumiendo de lo que se presume.<\/p>\n<p>FOTO: EL PLURAL<\/p>\n","protected":false},"excerpt":{"rendered":"<p>Se aproximan elecciones en la universidad granadina. La Junta de Personal Docente y el Comit\u00e9&#8230;<\/p>\n","protected":false},"author":1,"featured_media":60165,"comment_status":"closed","ping_status":"closed","sticky":false,"template":"","format":"standard","meta":{"_coblocks_attr":"","_coblocks_dimensions":"","_coblocks_responsive_height":"","_coblocks_accordion_ie_support":"","jetpack_post_was_ever_published":false,"_jetpack_newsletter_access":"","_jetpack_dont_email_post_to_subs":false,"_jetpack_newsletter_tier_id":0,"_jetpack_memberships_contains_paywalled_content":false,"_jetpack_memberships_contains_paid_content":false,"footnotes":"","jetpack_publicize_message":"","jetpack_publicize_feature_enabled":true,"jetpack_social_post_already_shared":false,"jetpack_social_options":{"image_generator_settings":{"template":"highway","default_image_id":0,"enabled":false},"version":2}},"categories":[1161,9772,44,7671,6920,15],"tags":[2213,10176],"class_list":["post-60164","post","type-post","status-publish","format-standard","has-post-thumbnail","hentry","category-ciudadania","category-opinion-de-juan-de-dios-villanueva","category-noticias-de-hoy","category-politica","category-tecnologia","category-ultimas-noticias","tag-ugr","tag-voto-telematico"],"jetpack_publicize_connections":[],"jetpack_featured_media_url":"https:\/\/i0.wp.com\/miradordeatarfe.es\/wp-content\/uploads\/2023\/03\/voto.jpeg?fit=275%2C183&ssl=1","jetpack_likes_enabled":true,"jetpack_sharing_enabled":true,"_links":{"self":[{"href":"https:\/\/miradordeatarfe.es\/index.php?rest_route=\/wp\/v2\/posts\/60164","targetHints":{"allow":["GET"]}}],"collection":[{"href":"https:\/\/miradordeatarfe.es\/index.php?rest_route=\/wp\/v2\/posts"}],"about":[{"href":"https:\/\/miradordeatarfe.es\/index.php?rest_route=\/wp\/v2\/types\/post"}],"author":[{"embeddable":true,"href":"https:\/\/miradordeatarfe.es\/index.php?rest_route=\/wp\/v2\/users\/1"}],"replies":[{"embeddable":true,"href":"https:\/\/miradordeatarfe.es\/index.php?rest_route=%2Fwp%2Fv2%2Fcomments&post=60164"}],"version-history":[{"count":1,"href":"https:\/\/miradordeatarfe.es\/index.php?rest_route=\/wp\/v2\/posts\/60164\/revisions"}],"predecessor-version":[{"id":60166,"href":"https:\/\/miradordeatarfe.es\/index.php?rest_route=\/wp\/v2\/posts\/60164\/revisions\/60166"}],"wp:featuredmedia":[{"embeddable":true,"href":"https:\/\/miradordeatarfe.es\/index.php?rest_route=\/wp\/v2\/media\/60165"}],"wp:attachment":[{"href":"https:\/\/miradordeatarfe.es\/index.php?rest_route=%2Fwp%2Fv2%2Fmedia&parent=60164"}],"wp:term":[{"taxonomy":"category","embeddable":true,"href":"https:\/\/miradordeatarfe.es\/index.php?rest_route=%2Fwp%2Fv2%2Fcategories&post=60164"},{"taxonomy":"post_tag","embeddable":true,"href":"https:\/\/miradordeatarfe.es\/index.php?rest_route=%2Fwp%2Fv2%2Ftags&post=60164"}],"curies":[{"name":"wp","href":"https:\/\/api.w.org\/{rel}","templated":true}]}}