{"id":60171,"date":"2023-03-25T09:33:54","date_gmt":"2023-03-25T08:33:54","guid":{"rendered":"https:\/\/miradordeatarfe.es\/?p=60171"},"modified":"2023-03-23T16:50:20","modified_gmt":"2023-03-23T15:50:20","slug":"cambio-de-hora-debemos-adelantar-o-retrasar-los-relojes","status":"publish","type":"post","link":"https:\/\/miradordeatarfe.es\/?p=60171","title":{"rendered":"Cambio de hora: \u00bfdebemos adelantar o retrasar los relojes?"},"content":{"rendered":"<h3 class=\"single-new-category\" style=\"text-align: justify;\">El horario de verano llega el este domingo, 26 de marzo, con el objetivo de ahorrar energ\u00eda y aprovechar la luz del d\u00eda<\/h3>\n<p style=\"text-align: justify;\">Este<strong> domingo 26 de marzo<\/strong>, los europeos tendr\u00e1n el<strong> primer cambio de hora de 2023<\/strong>. Siempre que este momento llega, surge la misma pregunta: &#8216;\u00bfDebemos adelantar o retrasar nuestros relojes?&#8217;. <\/p>\n<p style=\"text-align: justify;\">Para entrar en el <strong>horario de verano<\/strong>, es necesario <strong>adelantar los relojes en una hora<\/strong>, es decir, dormiremos una hora menos: a las <strong>02:00 horas de la madrugada pasar\u00e1n a ser las 3:00<\/strong>. En el caso de las Islas Canarias, se adelantar\u00e1n los relojes a la 01:00 para dejar atr\u00e1s el horario de invierno en vigor desde el 30 de octubre de 2022.\u00a0<\/p>\n<p style=\"text-align: justify;\">De hecho, el a\u00f1o pasado, el Ministerio de la Presidencia public\u00f3 una orden ministerial que establece las fechas del cambio de hora para los pr\u00f3ximos cuatro a\u00f1os, por tanto la pr\u00e1ctica debe permanecer vigente, al menos, <strong>hasta 2026<\/strong>.<\/p>\n<div class=\"code-block code-block-70b1b7fc60ecf882f79eef3c3eb82c3d code-block-40\" style=\"text-align: justify;\"><ins id=\"revive-0-4\" data-revive-zoneid=\"36\" data-revive-id=\"3675e576db6d1cc6cb6554b6e5954dc7\" data-revive-seq=\"4\" data-revive-loaded=\"1\"><\/p>\n<div id=\"beacon_be841cab64\"><img loading=\"lazy\" decoding=\"async\" src=\"https:\/\/granadadigitaladserver.granadadigital.es\/www\/delivery\/lg.php?bannerid=0&amp;campaignid=0&amp;zoneid=36&amp;loc=https%3A%2F%2Fwww.granadadigital.es%2Fcambio-hora-adelantar-retrasar-relojes%2F&amp;referer=https%3A%2F%2Fwww.granadadigital.es%2F&amp;cb=be841cab64\" alt=\"\" width=\"0\" height=\"0\" \/><b>\u00bfPor qu\u00e9 se cambia la hora?\u00a0<\/b><\/div>\n<p><\/ins><\/div>\n<p style=\"text-align: justify;\">El primer cambio de hora se aplic\u00f3 el 30 de abril de 1916 en Alemania y Austria, pero la medida<strong> lleg\u00f3 a Espa\u00f1a en 1918<\/strong>, resultado de la publicaci\u00f3n de un decreto como medida para ahorrar carb\u00f3n. La pr\u00e1ctica se repiti\u00f3 a lo largo de los a\u00f1os, pero no de una forma fija u ordenada. <\/p>\n<p style=\"text-align: justify;\">Con la llegada de la crisis del petr\u00f3leo en 1974, muchos pa\u00edses, incluyendo Espa\u00f1a, adoptaron nuevamente los cambios y, desde entonces, los miembros de la Uni\u00f3n Europea adelantan y retrasan sus relojes<strong> dos veces al a\u00f1o<\/strong> con el objetivo de promover el <strong>ahorro de energ\u00eda<\/strong> y aprovechar al m\u00e1ximo la luz del sol. <\/p>\n<p style=\"text-align: justify;\">Esta es una tem\u00e1tica que genera pol\u00e9mica y <strong>divide opiniones<\/strong>. En 2018, el Centro de Investigaciones Superiores (CIS) hizo un estudio y descubri\u00f3 que el <strong>65% de los espa\u00f1oles<\/strong> encuestados estaban <strong>a favor<\/strong> de mantener el horario de verano.\u00a0<\/p>\n<p style=\"text-align: justify;\">Por otro lado, la Comisi\u00f3n de Investigaci\u00f3n y Energ\u00eda del Parlamento Europeo divulg\u00f3, tambi\u00e9n en 2018, un informe que dec\u00eda que, aunque haya ahorros en los cambios estacionales de hora, estos <strong>son m\u00ednimos<\/strong> y que no hay seguridad sobre los verdaderos beneficios que la pr\u00e1ctica ofrece a los Estados miembros.\u00a0<\/p>\n<h3 style=\"text-align: justify;\"><b>\u00bfTengo que cambiar la hora de todos los dispositivos a mano?<\/b><\/h3>\n<p style=\"text-align: justify;\">Para evitar madrugones innecesarios (en el caso del horario de invierno) o retrasos (en el de verano), es importante saber cu\u00e1les son los aparatos que hacen los cambios de hora por cuenta propia y aquellos que necesitan de ayuda.\u00a0<\/p>\n<p style=\"text-align: justify;\">As\u00ed, todos los objetos que tienen la indicaci\u00f3n de la hora y <strong>no est\u00e9n conectados a internet<\/strong> deben ser cambiados a mano. Es el caso de los despertadores anal\u00f3gicos, relojes de pared y hasta determinados electrodom\u00e9sticos. Por otro lado, aquellos dispositivos con un sistema operativo moderno son capaces de<strong> adaptarse al nuevo horario<\/strong> y no hace falta preocuparse con ellos.\u00a0<\/p>\n","protected":false},"excerpt":{"rendered":"<p>El horario de verano llega el este domingo, 26 de marzo, con el objetivo de&#8230;<\/p>\n","protected":false},"author":1,"featured_media":60172,"comment_status":"closed","ping_status":"closed","sticky":false,"template":"","format":"standard","meta":{"_coblocks_attr":"","_coblocks_dimensions":"","_coblocks_responsive_height":"","_coblocks_accordion_ie_support":"","jetpack_post_was_ever_published":false,"_jetpack_newsletter_access":"","_jetpack_dont_email_post_to_subs":false,"_jetpack_newsletter_tier_id":0,"_jetpack_memberships_contains_paywalled_content":false,"_jetpack_memberships_contains_paid_content":false,"footnotes":"","jetpack_publicize_message":"","jetpack_publicize_feature_enabled":true,"jetpack_social_post_already_shared":false,"jetpack_social_options":{"image_generator_settings":{"template":"highway","default_image_id":0,"enabled":false},"version":2}},"categories":[1161,44,7671,6937,15],"tags":[10178,10179],"class_list":["post-60171","post","type-post","status-publish","format-standard","has-post-thumbnail","hentry","category-ciudadania","category-noticias-de-hoy","category-politica","category-sociedad","category-ultimas-noticias","tag-adelanto-de-horas","tag-horario-de-verano"],"jetpack_publicize_connections":[],"jetpack_featured_media_url":"https:\/\/i0.wp.com\/miradordeatarfe.es\/wp-content\/uploads\/2023\/03\/alarm-clock-g4fe1eacd9_1920-1010x659-1.jpg?fit=1010%2C659&ssl=1","jetpack_likes_enabled":true,"jetpack_sharing_enabled":true,"_links":{"self":[{"href":"https:\/\/miradordeatarfe.es\/index.php?rest_route=\/wp\/v2\/posts\/60171","targetHints":{"allow":["GET"]}}],"collection":[{"href":"https:\/\/miradordeatarfe.es\/index.php?rest_route=\/wp\/v2\/posts"}],"about":[{"href":"https:\/\/miradordeatarfe.es\/index.php?rest_route=\/wp\/v2\/types\/post"}],"author":[{"embeddable":true,"href":"https:\/\/miradordeatarfe.es\/index.php?rest_route=\/wp\/v2\/users\/1"}],"replies":[{"embeddable":true,"href":"https:\/\/miradordeatarfe.es\/index.php?rest_route=%2Fwp%2Fv2%2Fcomments&post=60171"}],"version-history":[{"count":1,"href":"https:\/\/miradordeatarfe.es\/index.php?rest_route=\/wp\/v2\/posts\/60171\/revisions"}],"predecessor-version":[{"id":60173,"href":"https:\/\/miradordeatarfe.es\/index.php?rest_route=\/wp\/v2\/posts\/60171\/revisions\/60173"}],"wp:featuredmedia":[{"embeddable":true,"href":"https:\/\/miradordeatarfe.es\/index.php?rest_route=\/wp\/v2\/media\/60172"}],"wp:attachment":[{"href":"https:\/\/miradordeatarfe.es\/index.php?rest_route=%2Fwp%2Fv2%2Fmedia&parent=60171"}],"wp:term":[{"taxonomy":"category","embeddable":true,"href":"https:\/\/miradordeatarfe.es\/index.php?rest_route=%2Fwp%2Fv2%2Fcategories&post=60171"},{"taxonomy":"post_tag","embeddable":true,"href":"https:\/\/miradordeatarfe.es\/index.php?rest_route=%2Fwp%2Fv2%2Ftags&post=60171"}],"curies":[{"name":"wp","href":"https:\/\/api.w.org\/{rel}","templated":true}]}}