{"id":60240,"date":"2023-03-29T13:59:17","date_gmt":"2023-03-29T11:59:17","guid":{"rendered":"https:\/\/miradordeatarfe.es\/?p=60240"},"modified":"2023-10-19T20:29:05","modified_gmt":"2023-10-19T18:29:05","slug":"la-xiv-feria-cienciatarfe-granada-vuelve-a-la-presencialidad-para-mostrar-talleres-y-experimentos-de-1-800-alumnos","status":"publish","type":"post","link":"https:\/\/miradordeatarfe.es\/?p=60240","title":{"rendered":"La XIV Feria CienciAtarfe (Granada) vuelve a la presencialidad para mostrar talleres y experimentos de 1.800 alumnos"},"content":{"rendered":"<h3 style=\"text-align: justify;\"><strong><em>CienciAtarfe<\/em><\/strong>\u00a0un evento intercentros (11 centros educativos p\u00fablicos, concertados y privados, toda una comunidad educativa), unidos con el mismo objetivo: la transformaci\u00f3n del entorno, la divulgaci\u00f3n cient\u00edfica y la creaci\u00f3n de vocaciones cient\u00edficas promueve la excelencia en educaci\u00f3n, la buena comunicaci\u00f3n cient\u00edfica, llevando la ciencia a la ciudadan\u00eda de forma amena, cercana y atractiva.<\/h3>\n<p style=\"text-align: justify;\">Atarfe es su historia, sus primeros asentamientos, Medina Elvira, la Batalla de la Higueruela, los nuevos repobladores\u2026pero Atarfe tambi\u00e9n es Ciencia; Atarfe es su patrimonio, las construcciones que dejaron huella en nuestro pueblo que definieron un modo de vida, unas creencias, que se adaptaron a las nuevas \u00e9pocas y que han dejado fiel testimonio de nuestro pasado\u2026. pero Atarfe tambi\u00e9n es Ciencia; Atarfe es cultura, el teatro, la m\u00fasica, la danza, los conciertos, las artes, el p\u00fablico, el Centro Cultural Medina Elvira\u2026. pero Atarfe tambi\u00e9n es Ciencia; Atarfe es deporte, afrontando retos, superando obst\u00e1culos, son nuestras instalaciones, nuestros deportistas, nuestras promesas, nuestra afici\u00f3n\u2026 pero Atarfe tambi\u00e9n es Ciencia; Atarfe son sus paisajes, son sus amaneceres, la vega de Granada, el agua, las sierras que lo rodean\u2026pero Atarfe tambi\u00e9n es Ciencia; Atarfe es educaci\u00f3n, referente en conocimiento, saber, progreso, futuro. Donde los centros educativos apuestan por la ense\u00f1anza y la divulgaci\u00f3n cient\u00edfica. Atarfe fue la cuna de Cecilio Jim\u00e9nez Rueda y de hombres y mujeres de ciencia, de insignes profesionales en medicina, farmacia e ingenier\u00eda, que sembraron el germen de la ciencia y abrieron una senda que hoy, muchos de nuestros alumnos y alumnas, vecinos y vecinas, contin\u00faan. Esto es Atarfe.<\/p>\n<p style=\"text-align: justify;\">Una apuesta de futuro, unas actividades muy esperadas, de reencuentro, de emoci\u00f3n y de enriquecimiento, haciendo que nuestros ciudadanos disfruten de la Ciencia durante todo el a\u00f1o, realizando actividades, y contando siempre para ello con toda la comunidad educativa, el Ayuntamiento de Atarfe, la Universidad de Granada, la Delegaci\u00f3n de Educaci\u00f3n y Deporte de Granada, el Parque de las Ciencias de Granada, la Diputaci\u00f3n de Granada, la Fundaci\u00f3n Descubre\u2026etc. Resaltar la implicaci\u00f3n de todo el pueblo, viendo que en las muestras de los proyectos que se presentan, es significativo, porque as\u00ed\u0301 lo detallan los que exponen, que cuando se le acerca el p\u00fablico, no solo preguntan adultos, sino que los m\u00e1s peque\u00f1os tambi\u00e9n se interesan, arriesgan, descubren, preguntan y participan. Y eso es fruto de todo el trabajo que se viene desarrollando durante ya 13 a\u00f1os, en nuestra localidad, con las diferentes actividades que se organizan, en torno a la Feria de la Ciencia de Atarfe.<\/p>\n<p style=\"text-align: justify;\">Durante todos estos a\u00f1os, se ha conseguido sacar de las aulas y los centros educativos, la Ciencia, que se desarrolla a lo largo del curso escolar, con \u200ciniciativas\u200c \u200cen\u200c \u200cdivulgaci\u00f3n\u200c \u200ccient\u00edfica\u200c \u200chechas\u200c \u200cpor\u200c \u200cel\u200c \u200calumnado\u200c \u200cde\u200c \u200cinfantil, \u200c \u200cprimaria, \u200c \u200csecundaria, \u200c \u200cbachillerato\u200c \u200cy\u200c \u200cadultos, y que se trabajan como proyectos cient\u00edficos y se expone y divulga el producto final. En pocos a\u00f1os, se ha conseguido que la Feria de la Ciencia de Atarfe \u200cabra\u200c \u200cel\u200c \u200ccalendario\u200c \u200cde\u200c \u200cla\u200c \u200cRed\u200c \u200cde\u200c \u200cFerias\u200c \u200cde\u200c \u200cla\u200c \u200cCiencia\u200c \u200cy\u200c \u200cla\u200c \u200cInnovaci\u00f3n\u200c \u200cde\u200c \u200cAndaluc\u00eda\u200c \u200cy\u200c \u200cse\u200c consolide, \u200c \u200cno\u200c \u200csolo\u200c \u200ca\u200c \u200cnivel\u200c \u200cauton\u00f3mico\u200c \u200csino\u200c \u200ctambi\u00e9n\u200c \u200ca\u200c \u200cnivel\u200c \u200cnacional\u200c \u200ce\u200c \u200cinternacional. \u200c<\/p>\n<p style=\"text-align: justify;\">En nuestra feria siempre contamos con la presencia de personalidades aut\u00f3ctonas de la localidad, como ponentes en nuestras charlas, actuando como referentes cercanos de nuestro alumnado, lo que ha enriquecido a\u00fan m\u00e1s nuestros entornos de aprendizaje (comunidades virtuales de discurso, comunidades virtuales pr\u00e1cticas y comunidades virtuales de construcci\u00f3n del conocimiento).<\/p>\n<p style=\"text-align: justify;\">Adem\u00e1s, se invitan a otros centros escolares, universidades, centros de investigaci\u00f3n cient\u00edfica&#8230;etc. tanto de la localidad como de fuera a que participen desarrollando experiencias cient\u00edficas trabajadas o asistiendo como p\u00fablico visitando dichas experiencias. Con este engranaje cient\u00edfico en el que tambi\u00e9n participan docentes que han trabajado a lo largo de los a\u00f1os en los centros de Atarfe, conseguimos no solo una cohesi\u00f3n cient\u00edfica en nuestra localidad, sino que la Feria de la Ciencia consigue una participaci\u00f3n m\u00e1s amplia, no s\u00f3lo local sino provincial.<\/p>\n<p style=\"text-align: justify;\"><strong>\u00bfQu\u00e9 aporta la Feria de la Ciencia de Atarfe a la comunidad educativa?<\/strong><\/p>\n<p style=\"text-align: justify;\">Estimula y motiva el aprendizaje del alumnado y el reciclaje de maestros\/as; Desarrolla la creatividad y la memoria de los ni\u00f1os\/as; Estimula y desarrolla el pensamiento matem\u00e1tico; Mejora su expresi\u00f3n oral; Mejora la comunicaci\u00f3n escrita; Desarrolla su psicomotricidad; Desinhibe, aumentando su autoestima y aprendiendo a comunicarse; Reduce la tensi\u00f3n en el aula; Ayuda a explicar ciertos contenidos y ayudar a recordar conceptos; Hace pensar; Capta su atenci\u00f3n; Mejora las relaciones maestros-alumnos \/ alumnos-alumnos; Ense\u00f1a h\u00e1bitos que fomentan seguridad en el alumnado; Mejora la imagen del Cient\u00edfico; Dinamiza algunas actividades en la escuela; Controla el comportamiento del alumnado conflictivo e indisciplinado; Desarrolla el trabajo en equipo; Y, por \u00faltimo, pero no por eso menos importante, teniendo un Juicio Cr\u00edtico.<\/p>\n<p style=\"text-align: justify;\">Los proyectos desarrollados en la Feria de la Ciencia se refieren a distintas disciplinas cient\u00edficas\u00a0como la f\u00edsica, la qu\u00edmica, las matem\u00e1ticas, la biolog\u00eda, el desarrollo tecnol\u00f3gico, etc. Cada a\u00f1o, adem\u00e1s, la\u00a0Feria\u00a0se\u00a0centra\u00a0en\u00a0una\u00a0tem\u00e1tica\u00a0particular.\u00a0En\u00a0otras\u00a0ferias\u00a0las\u00a0tem\u00e1ticas\u00a0han\u00a0sido: \u201cPeque descubridores viajeros a la caza de maravillas vegetales\u201d, \u201cLeonarvincis en la X Feria de la Ciencia\u201d, \u201cLa energ\u00eda que nos mueve: ENERG\u00cdZATE\u201d, \u201cAquaTierra\u201d, \u201cLas legumbres\u201d, \u201cLa Luz\u201d, entre\u00a0otras\u00a0muchas.<\/p>\n<p style=\"text-align: justify;\">La Feria se ha celebrado siempre de manera presencial, primero en el Centro Cultural Medina Elvira y desde. 2017 en el Paseo de Santa Ana, en la calle .Y este a\u00f1o se ha trasladado al recinto del COLISEO DE ATARFE. El evento ha ido evolucionando poco a poco, pero siempre con su particular fin de compartir y acercar la ciencia a los ciudadanos y ciudadanas.<\/p>\n<h3 style=\"text-align: justify;\">FOTOS DEL EVENTO:<a href=\"https:\/\/photos.app.goo.gl\/nsijvbLQYo1BBMPVA\"> https:\/\/photos.app.goo.gl\/nsijvbLQYo1BBMPVA<\/a><\/h3>\n","protected":false},"excerpt":{"rendered":"<p>CienciAtarfe\u00a0un evento intercentros (11 centros educativos p\u00fablicos, concertados y privados, toda una comunidad educativa), unidos&#8230;<\/p>\n","protected":false},"author":1,"featured_media":60279,"comment_status":"closed","ping_status":"closed","sticky":false,"template":"","format":"standard","meta":{"_coblocks_attr":"","_coblocks_dimensions":"","_coblocks_responsive_height":"","_coblocks_accordion_ie_support":"","jetpack_post_was_ever_published":false,"_jetpack_newsletter_access":"","_jetpack_dont_email_post_to_subs":false,"_jetpack_newsletter_tier_id":0,"_jetpack_memberships_contains_paywalled_content":false,"_jetpack_memberships_contains_paid_content":false,"footnotes":"","jetpack_publicize_message":"","jetpack_publicize_feature_enabled":true,"jetpack_social_post_already_shared":false,"jetpack_social_options":{"image_generator_settings":{"template":"highway","default_image_id":0,"enabled":false},"version":2}},"categories":[10778],"tags":[81,247],"class_list":["post-60240","post","type-post","status-publish","format-standard","has-post-thumbnail","hentry","category-feria-de-la-ciencia-atarfe","tag-atarfe","tag-feria-de-la-ciencia"],"jetpack_publicize_connections":[],"jetpack_featured_media_url":"https:\/\/i0.wp.com\/miradordeatarfe.es\/wp-content\/uploads\/2023\/03\/imagen-destacada-1.png?fit=390%2C201&ssl=1","jetpack_likes_enabled":true,"jetpack_sharing_enabled":true,"_links":{"self":[{"href":"https:\/\/miradordeatarfe.es\/index.php?rest_route=\/wp\/v2\/posts\/60240","targetHints":{"allow":["GET"]}}],"collection":[{"href":"https:\/\/miradordeatarfe.es\/index.php?rest_route=\/wp\/v2\/posts"}],"about":[{"href":"https:\/\/miradordeatarfe.es\/index.php?rest_route=\/wp\/v2\/types\/post"}],"author":[{"embeddable":true,"href":"https:\/\/miradordeatarfe.es\/index.php?rest_route=\/wp\/v2\/users\/1"}],"replies":[{"embeddable":true,"href":"https:\/\/miradordeatarfe.es\/index.php?rest_route=%2Fwp%2Fv2%2Fcomments&post=60240"}],"version-history":[{"count":4,"href":"https:\/\/miradordeatarfe.es\/index.php?rest_route=\/wp\/v2\/posts\/60240\/revisions"}],"predecessor-version":[{"id":64119,"href":"https:\/\/miradordeatarfe.es\/index.php?rest_route=\/wp\/v2\/posts\/60240\/revisions\/64119"}],"wp:featuredmedia":[{"embeddable":true,"href":"https:\/\/miradordeatarfe.es\/index.php?rest_route=\/wp\/v2\/media\/60279"}],"wp:attachment":[{"href":"https:\/\/miradordeatarfe.es\/index.php?rest_route=%2Fwp%2Fv2%2Fmedia&parent=60240"}],"wp:term":[{"taxonomy":"category","embeddable":true,"href":"https:\/\/miradordeatarfe.es\/index.php?rest_route=%2Fwp%2Fv2%2Fcategories&post=60240"},{"taxonomy":"post_tag","embeddable":true,"href":"https:\/\/miradordeatarfe.es\/index.php?rest_route=%2Fwp%2Fv2%2Ftags&post=60240"}],"curies":[{"name":"wp","href":"https:\/\/api.w.org\/{rel}","templated":true}]}}