{"id":60268,"date":"2023-03-30T11:27:01","date_gmt":"2023-03-30T09:27:01","guid":{"rendered":"https:\/\/miradordeatarfe.es\/?p=60268"},"modified":"2023-03-29T13:52:45","modified_gmt":"2023-03-29T11:52:45","slug":"la-fugacidad-de-nuestra-existencia-por-jose-vaquero","status":"publish","type":"post","link":"https:\/\/miradordeatarfe.es\/?p=60268","title":{"rendered":"\u00abLA FUGACIDAD DE NUESTRA EXISTENCIA\u00bb por Jos\u00e9 Vaquero"},"content":{"rendered":"<h3>Recientemente he pasado por un preocupante estado de salud y he pensado en la fugacidad de la vida.<\/h3>\n<p>Como dir\u00eda Quevedo en un precioso poema, somos un ayer que se fue, un\u00a0 hoy que se esta yendo y un ma\u00f1ana que no ha llegado todav\u00eda. Es la fugacidad de nuestra existencia encaminada siempre ineludiblemente al momento en que dejemos de ser. Somos polvo y en polvo nos hemos de convertir.<\/p>\n<p>Existe una verdad \u00fanica y trivial que no tiene incertidumbre y que siempre hemos de tener presente: el desenlace de todas las vidas es el mismo. A pesar de ello, parece que lo ignoramos. La sociedad actual se caracteriza por el culto enfermizo a la vida.<\/p>\n<p>Aspiramos a la juventud eterna. Operaciones y m\u00e1s operaciones de est\u00e9tica para que el paso del tiempo no se nos note. Todo en vano, pues todos tenemos el mismo destino. \u00bfNo estaremos desaprovechando nuestra vida? Porque tenemos el deber de dejarle una existencia mejor a los que nos siguen y creo que no lo estamos consiguiendo. El enorme progreso tecnol\u00f3gico habido en la humanidad no se ha traducido en progreso humanista.<\/p>\n<p>El hombre sigue siendo el lobo para el hombre. Hambre, guerras, muerte\u2026 siguen ense\u00f1ore\u00e1ndose con nosotros. Nos queda la esperanza y el consuelo de los seres humanos que, a pesar de todo, consideran que hacer el bien a los dem\u00e1s est\u00e1 por encima de todo. Y act\u00faan en consecuencia.<\/p>\n<p>Alg\u00fan d\u00eda todos seremos olvido, pero estos seres dejan el mejor legado que se puede dejar a las generaciones futuras: haber dedicado su vida a conseguir un mundo mejor, mediante la bondad e inteligencia de sus acciones.<\/p>\n<p>JOS\u00c9 VAQUERO<\/p>\n<p>foto: Fugacidad II | Por Raquel Olvera<\/p>\n<p>&nbsp;<\/p>\n","protected":false},"excerpt":{"rendered":"<p>Recientemente he pasado por un preocupante estado de salud y he pensado en la fugacidad&#8230;<\/p>\n","protected":false},"author":1,"featured_media":60269,"comment_status":"closed","ping_status":"closed","sticky":false,"template":"","format":"standard","meta":{"_coblocks_attr":"","_coblocks_dimensions":"","_coblocks_responsive_height":"","_coblocks_accordion_ie_support":"","jetpack_post_was_ever_published":false,"_jetpack_newsletter_access":"","_jetpack_dont_email_post_to_subs":false,"_jetpack_newsletter_tier_id":0,"_jetpack_memberships_contains_paywalled_content":false,"_jetpack_memberships_contains_paid_content":false,"footnotes":"","jetpack_publicize_message":"","jetpack_publicize_feature_enabled":true,"jetpack_social_post_already_shared":false,"jetpack_social_options":{"image_generator_settings":{"template":"highway","default_image_id":0,"enabled":false},"version":2}},"categories":[1161,7926,44,6937,15,10],"tags":[10193,1264],"class_list":["post-60268","post","type-post","status-publish","format-standard","has-post-thumbnail","hentry","category-ciudadania","category-opinion-de-jose-vaquero","category-noticias-de-hoy","category-sociedad","category-ultimas-noticias","category-salud","tag-fugacidad","tag-vida"],"jetpack_publicize_connections":[],"jetpack_featured_media_url":"https:\/\/i0.wp.com\/miradordeatarfe.es\/wp-content\/uploads\/2023\/03\/fugacidad.jpg?fit=334%2C151&ssl=1","jetpack_likes_enabled":true,"jetpack_sharing_enabled":true,"_links":{"self":[{"href":"https:\/\/miradordeatarfe.es\/index.php?rest_route=\/wp\/v2\/posts\/60268","targetHints":{"allow":["GET"]}}],"collection":[{"href":"https:\/\/miradordeatarfe.es\/index.php?rest_route=\/wp\/v2\/posts"}],"about":[{"href":"https:\/\/miradordeatarfe.es\/index.php?rest_route=\/wp\/v2\/types\/post"}],"author":[{"embeddable":true,"href":"https:\/\/miradordeatarfe.es\/index.php?rest_route=\/wp\/v2\/users\/1"}],"replies":[{"embeddable":true,"href":"https:\/\/miradordeatarfe.es\/index.php?rest_route=%2Fwp%2Fv2%2Fcomments&post=60268"}],"version-history":[{"count":2,"href":"https:\/\/miradordeatarfe.es\/index.php?rest_route=\/wp\/v2\/posts\/60268\/revisions"}],"predecessor-version":[{"id":60271,"href":"https:\/\/miradordeatarfe.es\/index.php?rest_route=\/wp\/v2\/posts\/60268\/revisions\/60271"}],"wp:featuredmedia":[{"embeddable":true,"href":"https:\/\/miradordeatarfe.es\/index.php?rest_route=\/wp\/v2\/media\/60269"}],"wp:attachment":[{"href":"https:\/\/miradordeatarfe.es\/index.php?rest_route=%2Fwp%2Fv2%2Fmedia&parent=60268"}],"wp:term":[{"taxonomy":"category","embeddable":true,"href":"https:\/\/miradordeatarfe.es\/index.php?rest_route=%2Fwp%2Fv2%2Fcategories&post=60268"},{"taxonomy":"post_tag","embeddable":true,"href":"https:\/\/miradordeatarfe.es\/index.php?rest_route=%2Fwp%2Fv2%2Ftags&post=60268"}],"curies":[{"name":"wp","href":"https:\/\/api.w.org\/{rel}","templated":true}]}}