{"id":60292,"date":"2023-03-31T11:00:58","date_gmt":"2023-03-31T09:00:58","guid":{"rendered":"https:\/\/miradordeatarfe.es\/?p=60292"},"modified":"2023-03-30T21:00:17","modified_gmt":"2023-03-30T19:00:17","slug":"la-cueva-de-virues-martinez-por-jose-enrique-granados","status":"publish","type":"post","link":"https:\/\/miradordeatarfe.es\/?p=60292","title":{"rendered":"\u00bb LA CUEVA DE VIRU\u00c9S-MART\u00cdNEZ\u00bb por Jos\u00e9 Enrique Granados"},"content":{"rendered":"<h3 dir=\"auto\" style=\"text-align: justify;\">La cueva de Viru\u00e9s-Mart\u00ednez constituye un excepcional descubrimiento realizado por miembros del Grupo Espeleol\u00f3gico Iliberis en el marco de una actividad de prospecci\u00f3n en busca de nuevas cavidades en Sierra Elvira (Granada).<\/h3>\n<div dir=\"auto\" style=\"text-align: justify;\">En su interior se hall\u00f3 un conjunto de materiales arqueol\u00f3gicos, datados de forma preliminar a finales del IV milenio a.C., y compuesto por un repertorio de vasijas cer\u00e1micas y l\u00e1minas de s\u00edlex, as\u00ed como restos \u00f3seos humanos. La mayor\u00eda de las piezas cer\u00e1micas y l\u00edticas est\u00e1n completas y dispuestas en la posici\u00f3n en la que fueron colocadas por las comunidades prehist\u00f3ricas que usaron esta cueva como lugar de enterramiento.\u00a0<\/div>\n<div dir=\"auto\" style=\"text-align: justify;\">\u00a0<\/div>\n<div dir=\"auto\" style=\"text-align: justify;\">El conjunto de materiales arqueol\u00f3gicos documentado en el interior de la Cueva de Viru\u00e9s-Mart\u00ednez est\u00e1 conformado por contenedores cer\u00e1micos, l\u00e1minas de s\u00edlex y restos \u00f3seos humanos. Hay que destacar el hecho de que los objetos presentan una excepcional conservaci\u00f3n. La mayor\u00eda de los vasos cer\u00e1micos se han encontrado intactos y en la posici\u00f3n en la que fueron depositados. Algunos est\u00e1n fragmentados debido a la ca\u00edda de alguna piedra sobre ellos o bien al hecho de que han rodado a para progresar por la cavidad. A partir de este punto se favor de la pendiente impactando con los bloques circundantes. La limpieza y restauraci\u00f3n a la que han sido sometidos estos materiales ha permitido su reintegraci\u00f3n casi por completo.<\/div>\n<div dir=\"auto\">\u00a0<\/div>\n<div dir=\"auto\" style=\"text-align: justify;\">En lo que respecta al material cer\u00e1mico presenta un repertorio de formas que se puede agrupar en dos grandes conjuntos tipol\u00f3gicos caracterizados fundamentalmente por la ausencia o presencia de una carena en la pared del vaso. En el primer grupo podemos realizar a su vez vez varias subdivisiones que atienden a las siguientes caracter\u00edsticas. Por un lado, vasos globulares con el borde muy invasado (imagen de la izquierda). Otros de paredes sensiblemente rectas, y por \u00faltimo, formas esf\u00e9ricas y perfil convergente. En el segundo grupo el que corresponde a las formas que presentan una carena esta se localiza siempre en la parte baja del recipiente. El repertorio incluye formas como escudillas y cerradas como vasos carenados de diferentes tama\u00f1os, algunos de ellos de dimensiones reducidas (imagen dela derecha). Hay que destacar el hecho de que en todo el conjunto cer\u00e1mico, salvo en los vasos de borde invasado, es frecuente la aparici\u00f3n de elementos de aprensi\u00f3n en forma de mamelones. (extractado del art\u00edculo publicado por Morillas et al., 2016 en las \u201cActas EspeleoMeeting Ciudad de Villacarrillo\u201d titulado \u201cLa Cueva Viru\u00e9s-Mart\u00ednez: un yacimiento arqueol\u00f3gico excepcional en Sierra Elvira (Atarfe, Granada)\u201d.<\/div>\n<div dir=\"auto\" style=\"text-align: justify;\">\u00a0<\/div>\n<div dir=\"auto\" style=\"text-align: justify;\">Adem\u00e1s de Medina Elvira, tenemos m\u00e1s patrimonio arqueol\u00f3gico que se debe conocer y estudiar.<\/div>\n<div dir=\"auto\">\u00a0<\/div>\n<div dir=\"auto\"><a href=\"https:\/\/i0.wp.com\/miradordeatarfe.es\/wp-content\/uploads\/2023\/03\/MEDINA.jpg?ssl=1\"><img data-recalc-dims=\"1\" loading=\"lazy\" decoding=\"async\" class=\"alignnone wp-image-60293 size-full\" src=\"https:\/\/i0.wp.com\/miradordeatarfe.es\/wp-content\/uploads\/2023\/03\/MEDINA.jpg?resize=640%2C275&#038;ssl=1\" alt=\"\" width=\"640\" height=\"275\" srcset=\"https:\/\/i0.wp.com\/miradordeatarfe.es\/wp-content\/uploads\/2023\/03\/MEDINA.jpg?w=1080&amp;ssl=1 1080w, https:\/\/i0.wp.com\/miradordeatarfe.es\/wp-content\/uploads\/2023\/03\/MEDINA.jpg?resize=300%2C129&amp;ssl=1 300w, https:\/\/i0.wp.com\/miradordeatarfe.es\/wp-content\/uploads\/2023\/03\/MEDINA.jpg?resize=1024%2C440&amp;ssl=1 1024w, https:\/\/i0.wp.com\/miradordeatarfe.es\/wp-content\/uploads\/2023\/03\/MEDINA.jpg?resize=768%2C330&amp;ssl=1 768w\" sizes=\"auto, (max-width: 640px) 100vw, 640px\" \/><\/a><\/div>\n<div dir=\"auto\">\u00a0<\/div>\n<div dir=\"auto\"><strong><span class=\"x193iq5w xeuugli x13faqbe x1vvkbs x1xmvt09 x1lliihq x1s928wv xhkezso x1gmr53x x1cpjm7i x1fgarty x1943h6x xudqn12 x3x7a5m x6prxxf xvq8zen xo1l8bm xzsf02u x1yc453h\" dir=\"auto\">Gacetilla y curiosidades elvirenses<\/span><\/strong><\/div>\n<div dir=\"auto\">\u00a0<\/div>\n<div dir=\"auto\">FOTO:<span dir=\"ltr\" role=\"presentation\">Vista del conjunto de materiales arqueol\u00f3gicos documentados en la Cueva de Viru\u00e9s-Mart\u00ednez<\/span><\/div>\n","protected":false},"excerpt":{"rendered":"<p>La cueva de Viru\u00e9s-Mart\u00ednez constituye un excepcional descubrimiento realizado por miembros del Grupo Espeleol\u00f3gico Iliberis&#8230;<\/p>\n","protected":false},"author":1,"featured_media":60294,"comment_status":"closed","ping_status":"closed","sticky":false,"template":"","format":"standard","meta":{"_coblocks_attr":"","_coblocks_dimensions":"","_coblocks_responsive_height":"","_coblocks_accordion_ie_support":"","jetpack_post_was_ever_published":false,"_jetpack_newsletter_access":"","_jetpack_dont_email_post_to_subs":false,"_jetpack_newsletter_tier_id":0,"_jetpack_memberships_contains_paywalled_content":false,"_jetpack_memberships_contains_paid_content":false,"footnotes":"","jetpack_publicize_message":"","jetpack_publicize_feature_enabled":true,"jetpack_social_post_already_shared":false,"jetpack_social_options":{"image_generator_settings":{"template":"highway","default_image_id":0,"enabled":false},"version":2}},"categories":[2,1161,186,38,44,15],"tags":[81,10197],"class_list":["post-60292","post","type-post","status-publish","format-standard","has-post-thumbnail","hentry","category-atarfe","category-ciudadania","category-instituciones","category-opinion-de-jose-enrique-granados","category-noticias-de-hoy","category-ultimas-noticias","tag-atarfe","tag-cueva-virues-martinez"],"jetpack_publicize_connections":[],"jetpack_featured_media_url":"https:\/\/i0.wp.com\/miradordeatarfe.es\/wp-content\/uploads\/2023\/03\/VIRULES.png?fit=748%2C297&ssl=1","jetpack_likes_enabled":true,"jetpack_sharing_enabled":true,"_links":{"self":[{"href":"https:\/\/miradordeatarfe.es\/index.php?rest_route=\/wp\/v2\/posts\/60292","targetHints":{"allow":["GET"]}}],"collection":[{"href":"https:\/\/miradordeatarfe.es\/index.php?rest_route=\/wp\/v2\/posts"}],"about":[{"href":"https:\/\/miradordeatarfe.es\/index.php?rest_route=\/wp\/v2\/types\/post"}],"author":[{"embeddable":true,"href":"https:\/\/miradordeatarfe.es\/index.php?rest_route=\/wp\/v2\/users\/1"}],"replies":[{"embeddable":true,"href":"https:\/\/miradordeatarfe.es\/index.php?rest_route=%2Fwp%2Fv2%2Fcomments&post=60292"}],"version-history":[{"count":1,"href":"https:\/\/miradordeatarfe.es\/index.php?rest_route=\/wp\/v2\/posts\/60292\/revisions"}],"predecessor-version":[{"id":60295,"href":"https:\/\/miradordeatarfe.es\/index.php?rest_route=\/wp\/v2\/posts\/60292\/revisions\/60295"}],"wp:featuredmedia":[{"embeddable":true,"href":"https:\/\/miradordeatarfe.es\/index.php?rest_route=\/wp\/v2\/media\/60294"}],"wp:attachment":[{"href":"https:\/\/miradordeatarfe.es\/index.php?rest_route=%2Fwp%2Fv2%2Fmedia&parent=60292"}],"wp:term":[{"taxonomy":"category","embeddable":true,"href":"https:\/\/miradordeatarfe.es\/index.php?rest_route=%2Fwp%2Fv2%2Fcategories&post=60292"},{"taxonomy":"post_tag","embeddable":true,"href":"https:\/\/miradordeatarfe.es\/index.php?rest_route=%2Fwp%2Fv2%2Ftags&post=60292"}],"curies":[{"name":"wp","href":"https:\/\/api.w.org\/{rel}","templated":true}]}}